{"id":5394,"date":"2017-02-08T07:00:29","date_gmt":"2017-02-08T06:00:29","guid":{"rendered":"https:\/\/www.solerpalau.com\/blog\/es-es\/2017\/02\/08\/ventilacion-de-oficinas-mediante-control-de-co2\/"},"modified":"2025-06-30T14:39:27","modified_gmt":"2025-06-30T12:39:27","slug":"ventilacion-de-oficinas-mediante-control-de-co2","status":"publish","type":"post","link":"https:\/\/www.solerpalau.com\/blog\/es-es\/ventilacion-de-oficinas-mediante-control-de-co2\/","title":{"rendered":"Ventilaci\u00f3n de oficinas mediante control de CO2: caso pr\u00e1ctico"},"content":{"rendered":"<h3><strong>1. Objetivos<\/strong><\/h3>\n<p>Mejora de la calidad del aire interior. Regulaci\u00f3n de los caudales en funci\u00f3n de la ocupaci\u00f3n. Aprovechamiento de la energ\u00eda del aire expulsado al exterior (Recuperadores). Posibles tipos de sistemas de control en oficinas.<\/p><div id=\"ez-toc-container\" class=\"ez-toc-v2_0_76 counter-hierarchy ez-toc-counter ez-toc-custom ez-toc-container-direction\">\n<div class=\"ez-toc-title-container\">\n<p class=\"ez-toc-title\" style=\"cursor:inherit\">Tabla de contenidos<\/p>\n<span class=\"ez-toc-title-toggle\"><\/span><\/div>\n<nav><ul class='ez-toc-list ez-toc-list-level-1 ' ><li class='ez-toc-page-1 ez-toc-heading-level-2'><a class=\"ez-toc-link ez-toc-heading-1\" href=\"https:\/\/www.solerpalau.com\/blog\/es-es\/ventilacion-de-oficinas-mediante-control-de-co2\/#SISTEMAS\" >SISTEMAS<\/a><\/li><li class='ez-toc-page-1 ez-toc-heading-level-2'><a class=\"ez-toc-link ez-toc-heading-2\" href=\"https:\/\/www.solerpalau.com\/blog\/es-es\/ventilacion-de-oficinas-mediante-control-de-co2\/#ANALISIS_OFICINA\" >AN\u00c1LISIS OFICINA<\/a><\/li><li class='ez-toc-page-1 ez-toc-heading-level-2'><a class=\"ez-toc-link ez-toc-heading-3\" href=\"https:\/\/www.solerpalau.com\/blog\/es-es\/ventilacion-de-oficinas-mediante-control-de-co2\/#AJUSTE_OFICINA_TECNICA\" >AJUSTE OFICINA T\u00c9CNICA<\/a><\/li><li class='ez-toc-page-1 ez-toc-heading-level-2'><a class=\"ez-toc-link ez-toc-heading-4\" href=\"https:\/\/www.solerpalau.com\/blog\/es-es\/ventilacion-de-oficinas-mediante-control-de-co2\/#SALAS_REUNIONES\" >SALAS REUNIONES<\/a><\/li><li class='ez-toc-page-1 ez-toc-heading-level-2'><a class=\"ez-toc-link ez-toc-heading-5\" href=\"https:\/\/www.solerpalau.com\/blog\/es-es\/ventilacion-de-oficinas-mediante-control-de-co2\/#AJUSTES_COMPUERTAS\" >AJUSTES\u00a0COMPUERTAS<\/a><\/li><li class='ez-toc-page-1 ez-toc-heading-level-2'><a class=\"ez-toc-link ez-toc-heading-6\" href=\"https:\/\/www.solerpalau.com\/blog\/es-es\/ventilacion-de-oficinas-mediante-control-de-co2\/#RECUPERADORES\" >RECUPERADORES<\/a><\/li><li class='ez-toc-page-1 ez-toc-heading-level-2'><a class=\"ez-toc-link ez-toc-heading-7\" href=\"https:\/\/www.solerpalau.com\/blog\/es-es\/ventilacion-de-oficinas-mediante-control-de-co2\/#NUEVAS_REDES_DE_CONDUCTO\" >NUEVAS REDES DE CONDUCTO<\/a><\/li><li class='ez-toc-page-1 ez-toc-heading-level-2'><a class=\"ez-toc-link ez-toc-heading-8\" href=\"https:\/\/www.solerpalau.com\/blog\/es-es\/ventilacion-de-oficinas-mediante-control-de-co2\/#ACCESORIOS\" >ACCESORIOS<\/a><\/li><li class='ez-toc-page-1 ez-toc-heading-level-2'><a class=\"ez-toc-link ez-toc-heading-9\" href=\"https:\/\/www.solerpalau.com\/blog\/es-es\/ventilacion-de-oficinas-mediante-control-de-co2\/#Ayudas_Europeas_Next_Generation_en_Ventilacion_Mecanica_Controlada_para_tu_proyecto\" >Ayudas Europeas Next Generation en Ventilaci\u00f3n Mec\u00e1nica Controlada para tu proyecto<\/a><\/li><li class='ez-toc-page-1 ez-toc-heading-level-2'><a class=\"ez-toc-link ez-toc-heading-10\" href=\"https:\/\/www.solerpalau.com\/blog\/es-es\/ventilacion-de-oficinas-mediante-control-de-co2\/#Conclusiones\" >Conclusiones<\/a><\/li><\/ul><\/nav><\/div>\n\n<p><!--more--><\/p>\n<h2><\/h2>\n<h2><span class=\"ez-toc-section\" id=\"SISTEMAS\"><\/span><strong>SISTEMAS<img loading=\"lazy\" decoding=\"async\" class=\"wp-image-534 alignright\" src=\"https:\/\/www.solerpalau.com\/blog\/es-es\/wp-content\/uploads\/2017\/01\/Screenshot-2017-01-12-at-13.18.20.png\" alt=\"screenshot-2017-01-12-at-13-18-20\" width=\"524\" height=\"666\" \/><br \/>\n<\/strong><span class=\"ez-toc-section-end\"><\/span><\/h2>\n<p><strong>2. Generalidades<br \/>\n<\/strong><\/p>\n<p>La instalaci\u00f3n es de doble flujo con recuperaci\u00f3n de calor. En todas las zonas existen bocas de extracci\u00f3n y bocas de aportaci\u00f3n de aire. Para saber qu\u00e9 tipo de sistema utilizar, resulta primordial realizar un estudio ocupacional de la zona.<\/p>\n<p><img loading=\"lazy\" decoding=\"async\" class=\"wp-image-535 alignright\" src=\"https:\/\/www.solerpalau.com\/blog\/es-es\/wp-content\/uploads\/2017\/01\/Screenshot-2017-01-12-at-13.18.07.png\" alt=\"screenshot-2017-01-12-at-13-18-07\" width=\"539\" height=\"388\" \/><\/p>\n<h2><\/h2>\n<p><strong>\u00a0<\/strong><\/p>\n<h2><\/h2>\n<h2><span class=\"ez-toc-section\" id=\"ANALISIS_OFICINA\"><\/span><strong>AN\u00c1LISIS OFICINA<\/strong><span class=\"ez-toc-section-end\"><\/span><\/h2>\n<p><img loading=\"lazy\" decoding=\"async\" class=\"wp-image-532 alignright\" src=\"https:\/\/www.solerpalau.com\/blog\/es-es\/wp-content\/uploads\/2017\/01\/Screenshot-2017-01-12-at-13.18.43.png\" alt=\"screenshot-2017-01-12-at-13-18-43\" width=\"512\" height=\"343\" \/><\/p>\n<p><img loading=\"lazy\" decoding=\"async\" class=\"wp-image-533 aligncenter\" src=\"https:\/\/www.solerpalau.com\/blog\/es-es\/wp-content\/uploads\/2017\/01\/Screenshot-2017-01-12-at-13.18.33.png\" alt=\"screenshot-2017-01-12-at-13-18-33\" width=\"520\" height=\"357\" \/><img loading=\"lazy\" decoding=\"async\" class=\"aligncenter wp-image-531\" src=\"https:\/\/www.solerpalau.com\/blog\/es-es\/wp-content\/uploads\/2017\/01\/Screenshot-2017-01-12-at-13.18.53.png\" alt=\"screenshot-2017-01-12-at-13-18-53\" width=\"876\" height=\"406\" srcset=\"https:\/\/www.solerpalau.com\/blog\/es-es\/wp-content\/uploads\/sites\/3\/2017\/01\/Screenshot-2017-01-12-at-13.18.53.png 674w, https:\/\/www.solerpalau.com\/blog\/es-es\/wp-content\/uploads\/sites\/3\/2017\/01\/Screenshot-2017-01-12-at-13.18.53-600x278.png 600w\" sizes=\"auto, (max-width: 876px) 100vw, 876px\" \/><\/p>\n<h2 style=\"text-align: left;\"><span class=\"ez-toc-section\" id=\"AJUSTE_OFICINA_TECNICA\"><\/span><strong>AJUSTE OFICINA T\u00c9CNICA<\/strong><span class=\"ez-toc-section-end\"><\/span><\/h2>\n<h2 style=\"text-align: left;\"><strong><img loading=\"lazy\" decoding=\"async\" class=\"wp-image-530 aligncenter\" src=\"https:\/\/www.solerpalau.com\/blog\/es-es\/wp-content\/uploads\/2017\/01\/Screenshot-2017-01-12-at-13.19.07.png\" alt=\"screenshot-2017-01-12-at-13-19-07\" width=\"601\" height=\"342\" srcset=\"https:\/\/www.solerpalau.com\/blog\/es-es\/wp-content\/uploads\/sites\/3\/2017\/01\/Screenshot-2017-01-12-at-13.19.07.png 443w, https:\/\/www.solerpalau.com\/blog\/es-es\/wp-content\/uploads\/sites\/3\/2017\/01\/Screenshot-2017-01-12-at-13.19.07-100x58.png 100w\" sizes=\"auto, (max-width: 601px) 100vw, 601px\" \/><br \/>\n<\/strong><\/h2>\n<h2><span class=\"ez-toc-section\" id=\"SALAS_REUNIONES\"><\/span><strong>SALAS REUNIONES<\/strong><span class=\"ez-toc-section-end\"><\/span><\/h2>\n<p><strong>\u00bfDetecci\u00f3n de presencia o CO2?<br \/>\n<\/strong><\/p>\n<p>Depende directamente del estudio ocupacional realizado.<\/p>\n<p>Ejemplo 1: Sala de reuniones mediana (8 personas m\u00e1ximo).<\/p>\n<p><img loading=\"lazy\" decoding=\"async\" class=\"wp-image-529 aligncenter\" src=\"https:\/\/www.solerpalau.com\/blog\/es-es\/wp-content\/uploads\/2017\/01\/Screenshot-2017-01-12-at-13.19.19.png\" alt=\"screenshot-2017-01-12-at-13-19-19\" width=\"515\" height=\"261\" \/><\/p>\n<p><strong>\u00bfDetecci\u00f3n de presencia o CO2?<\/strong><\/p>\n<p>Ejemplo 2: Sala de reuniones grande (23 personas m\u00e1ximo).<\/p>\n<p><img loading=\"lazy\" decoding=\"async\" class=\"wp-image-528 aligncenter\" src=\"https:\/\/www.solerpalau.com\/blog\/es-es\/wp-content\/uploads\/2017\/01\/Screenshot-2017-01-12-at-13.19.27.png\" alt=\"screenshot-2017-01-12-at-13-19-27\" width=\"507\" height=\"252\" \/><\/p>\n<p><strong>\u00bfDetecci\u00f3n de presencia o CO2?<\/strong><\/p>\n<p>Ejemplo 1: Evaluaci\u00f3n del ROI \u2013 Sala de reuniones mediana.<\/p>\n<p><img loading=\"lazy\" decoding=\"async\" class=\"wp-image-527 aligncenter\" src=\"https:\/\/www.solerpalau.com\/blog\/es-es\/wp-content\/uploads\/2017\/01\/Screenshot-2017-01-12-at-13.19.37.png\" alt=\"screenshot-2017-01-12-at-13-19-37\" width=\"502\" height=\"252\" \/><\/p>\n<p><strong>\u00bfDetecci\u00f3n de presencia o CO2?<\/strong><br \/>\nEjemplo 2: Evaluaci\u00f3n del ROI \u2013 Sala de reuniones grande.<\/p>\n<p><img loading=\"lazy\" decoding=\"async\" class=\"wp-image-526 aligncenter\" src=\"https:\/\/www.solerpalau.com\/blog\/es-es\/wp-content\/uploads\/2017\/01\/Screenshot-2017-01-12-at-13.19.48.png\" alt=\"screenshot-2017-01-12-at-13-19-48\" width=\"503\" height=\"250\" \/><\/p>\n<p><strong>\u00bfDetecci\u00f3n de presencia o CO2?<\/strong><\/p>\n<p>Ejemplo 3: Evaluaci\u00f3n del ROI general en una oficina.<\/p>\n<p><img loading=\"lazy\" decoding=\"async\" class=\"wp-image-525 aligncenter\" src=\"https:\/\/www.solerpalau.com\/blog\/es-es\/wp-content\/uploads\/2017\/01\/Screenshot-2017-01-12-at-13.19.57.png\" alt=\"screenshot-2017-01-12-at-13-19-57\" width=\"500\" height=\"245\" \/><\/p>\n<h2><span class=\"ez-toc-section\" id=\"AJUSTES_COMPUERTAS\"><\/span><strong>AJUSTES\u00a0<\/strong><strong>COMPUERTAS<\/strong><span class=\"ez-toc-section-end\"><\/span><\/h2>\n<h2><strong> <img loading=\"lazy\" decoding=\"async\" class=\"wp-image-524 aligncenter\" src=\"https:\/\/www.solerpalau.com\/blog\/es-es\/wp-content\/uploads\/2017\/01\/Screenshot-2017-01-12-at-13.20.05.png\" alt=\"screenshot-2017-01-12-at-13-20-05\" width=\"509\" height=\"304\" \/><\/strong><\/h2>\n<h2><span class=\"ez-toc-section\" id=\"RECUPERADORES\"><\/span><strong>RECUPERADORES<\/strong><span class=\"ez-toc-section-end\"><\/span><\/h2>\n<h2><strong><img loading=\"lazy\" decoding=\"async\" class=\"wp-image-523 alignright\" src=\"https:\/\/www.solerpalau.com\/blog\/es-es\/wp-content\/uploads\/2017\/01\/Screenshot-2017-01-12-at-13.20.22.png\" alt=\"screenshot-2017-01-12-at-13-20-22\" width=\"556\" height=\"363\" \/><img loading=\"lazy\" decoding=\"async\" class=\"wp-image-522 aligncenter\" src=\"https:\/\/www.solerpalau.com\/blog\/es-es\/wp-content\/uploads\/2017\/01\/Screenshot-2017-01-12-at-13.20.35.png\" alt=\"screenshot-2017-01-12-at-13-20-35\" width=\"546\" height=\"370\" \/><\/strong><\/h2>\n<h2 style=\"text-align: left;\"><span class=\"ez-toc-section\" id=\"NUEVAS_REDES_DE_CONDUCTO\"><\/span><strong>NUEVAS REDES DE CONDUCTO<\/strong><span class=\"ez-toc-section-end\"><\/span><\/h2>\n<h2 style=\"text-align: left;\"><strong><img loading=\"lazy\" decoding=\"async\" class=\"wp-image-521 aligncenter\" src=\"https:\/\/www.solerpalau.com\/blog\/es-es\/wp-content\/uploads\/2017\/01\/Screenshot-2017-01-12-at-13.20.48.png\" alt=\"screenshot-2017-01-12-at-13-20-48\" width=\"564\" height=\"369\" \/><\/strong><\/h2>\n<h2><span class=\"ez-toc-section\" id=\"ACCESORIOS\"><\/span><strong>ACCESORIOS<\/strong><span class=\"ez-toc-section-end\"><\/span><\/h2>\n<p><img loading=\"lazy\" decoding=\"async\" class=\"wp-image-520 aligncenter\" src=\"https:\/\/www.solerpalau.com\/blog\/es-es\/wp-content\/uploads\/2017\/01\/Screenshot-2017-01-12-at-13.21.00.png\" alt=\"screenshot-2017-01-12-at-13-21-00\" width=\"572\" height=\"424\" \/><\/p>\n<h2 class=\"p1\"><span class=\"ez-toc-section\" id=\"Ayudas_Europeas_Next_Generation_en_Ventilacion_Mecanica_Controlada_para_tu_proyecto\"><\/span><strong>Ayudas Europeas Next Generation en Ventilaci\u00f3n Mec\u00e1nica Controlada para tu proyecto<\/strong><span class=\"ez-toc-section-end\"><\/span><\/h2>\n<p class=\"p1\">La Uni\u00f3n Europea ha puesto a tu disposici\u00f3n un servicio de ayudas para fomentar la innovaci\u00f3n y la sostenibilidad.<\/p>\n<p class=\"p1\">Estas ayudas pueden representar una excelente oportunidad si eres una empresa o profesional del sector y deseas <strong>subvencionar parte del coste del sistema de ventilaci\u00f3n.<\/strong> Para ello es esencial conocer los requisitos, plazos y condiciones. Puedes conocer todos los detalles en <a href=\"https:\/\/info.solerpalau.com\/ayudas-next-generation-eficiencia-energetica-ventilacion\" target=\"_blank\" rel=\"noopener\"><span class=\"s1\">nuestra p\u00e1gina sobre las ayudas Next Generation EU<\/span><\/a>.<\/p>\n<h2><span class=\"ez-toc-section\" id=\"Conclusiones\"><\/span><strong>Conclusiones<\/strong><span class=\"ez-toc-section-end\"><\/span><\/h2>\n<p>En ventilaci\u00f3n, el mayor potencial de ahorro energ\u00e9tico se encuentra en la adecuaci\u00f3n de los caudales a la demanda existente en cada momento.<\/p>\n<p><img loading=\"lazy\" decoding=\"async\" class=\"aligncenter size-full wp-image-502\" src=\"https:\/\/www.solerpalau.com\/blog\/es-es\/wp-content\/uploads\/2017\/01\/Screenshot-2017-01-10-at-14.42.49.png\" alt=\"screenshot-2017-01-10-at-14-42-49\" width=\"579\" height=\"206\" \/><\/p>\n<p>Te dejamos aqu\u00ed el caso pr\u00e1ctico completo: <a href=\"https:\/\/statics.solerpalau.com\/media\/import\/documentation\/cp49.pdf\" target=\"_blank\" rel=\"noopener\">Ventilaci\u00f3n de oficinas mediante CO2<\/a> en pdf.<\/p>\n<p style=\"text-align: center;\"><\/p>\n<p style=\"text-align: center;\">\n","protected":false},"excerpt":{"rendered":"<p>1. Objetivos Mejora de la calidad del aire interior. Regulaci\u00f3n de los caudales en funci\u00f3n de la ocupaci\u00f3n. Aprovechamiento de la energ\u00eda del aire expulsado al exterior (Recuperadores). Posibles tipos de sistemas de control en oficinas.<\/p>\n","protected":false},"author":10,"featured_media":3613,"comment_status":"open","ping_status":"open","sticky":false,"template":"","format":"standard","meta":{"_acf_changed":false,"footnotes":""},"categories":[20],"tags":[],"class_list":["post-5394","post","type-post","status-publish","format-standard","has-post-thumbnail","hentry","category-casos-practicos"],"acf":[],"yoast_head":"<!-- This site is optimized with the Yoast SEO plugin v26.1 - https:\/\/yoast.com\/wordpress\/plugins\/seo\/ -->\n<title>Ventilaci\u00f3n de oficinas mediante control de CO2: caso pr\u00e1ctico<\/title>\n<meta name=\"description\" content=\"Mejora de la calidad del aire interior, regulaci\u00f3n de los caudales en funci\u00f3n de la ocupaci\u00f3n y aprovechamiento de la energ\u00eda del aire expulsado al exterior\" \/>\n<meta name=\"robots\" content=\"index, follow, max-snippet:-1, max-image-preview:large, max-video-preview:-1\" \/>\n<link rel=\"canonical\" href=\"https:\/\/www.solerpalau.com\/blog\/es-es\/ventilacion-de-oficinas-mediante-control-de-co2\/\" \/>\n<meta property=\"og:locale\" content=\"es_ES\" \/>\n<meta property=\"og:type\" content=\"article\" \/>\n<meta property=\"og:title\" content=\"Ventilaci\u00f3n de oficinas mediante control de CO2: caso pr\u00e1ctico\" \/>\n<meta property=\"og:description\" content=\"Mejora de la calidad del aire interior, regulaci\u00f3n de los caudales en funci\u00f3n de la ocupaci\u00f3n y aprovechamiento de la energ\u00eda del aire expulsado al exterior\" \/>\n<meta property=\"og:url\" content=\"https:\/\/www.solerpalau.com\/blog\/es-es\/ventilacion-de-oficinas-mediante-control-de-co2\/\" \/>\n<meta property=\"og:site_name\" content=\"S&amp;P Sistemas de Ventilaci\u00f3n\" \/>\n<meta property=\"article:published_time\" content=\"2017-02-08T06:00:29+00:00\" \/>\n<meta property=\"article:modified_time\" content=\"2025-06-30T12:39:27+00:00\" \/>\n<meta property=\"og:image\" content=\"https:\/\/www.solerpalau.com\/blog\/es-es\/wp-content\/uploads\/sites\/3\/2025\/06\/iStock-487808090.jpg\" \/>\n\t<meta property=\"og:image:width\" content=\"724\" \/>\n\t<meta property=\"og:image:height\" content=\"483\" \/>\n\t<meta property=\"og:image:type\" content=\"image\/jpeg\" \/>\n<meta name=\"author\" content=\"S&amp;P\" \/>\n<meta name=\"twitter:card\" content=\"summary_large_image\" \/>\n<meta name=\"twitter:label1\" content=\"Escrito por\" \/>\n\t<meta name=\"twitter:data1\" content=\"S&amp;P\" \/>\n\t<meta name=\"twitter:label2\" content=\"Tiempo de lectura\" \/>\n\t<meta name=\"twitter:data2\" content=\"2 minutos\" \/>\n<!-- \/ Yoast SEO plugin. -->","yoast_head_json":{"title":"Ventilaci\u00f3n de oficinas mediante control de CO2: caso pr\u00e1ctico","description":"Mejora de la calidad del aire interior, regulaci\u00f3n de los caudales en funci\u00f3n de la ocupaci\u00f3n y aprovechamiento de la energ\u00eda del aire expulsado al exterior","robots":{"index":"index","follow":"follow","max-snippet":"max-snippet:-1","max-image-preview":"max-image-preview:large","max-video-preview":"max-video-preview:-1"},"canonical":"https:\/\/www.solerpalau.com\/blog\/es-es\/ventilacion-de-oficinas-mediante-control-de-co2\/","og_locale":"es_ES","og_type":"article","og_title":"Ventilaci\u00f3n de oficinas mediante control de CO2: caso pr\u00e1ctico","og_description":"Mejora de la calidad del aire interior, regulaci\u00f3n de los caudales en funci\u00f3n de la ocupaci\u00f3n y aprovechamiento de la energ\u00eda del aire expulsado al exterior","og_url":"https:\/\/www.solerpalau.com\/blog\/es-es\/ventilacion-de-oficinas-mediante-control-de-co2\/","og_site_name":"S&amp;P Sistemas de Ventilaci\u00f3n","article_published_time":"2017-02-08T06:00:29+00:00","article_modified_time":"2025-06-30T12:39:27+00:00","og_image":[{"width":724,"height":483,"url":"https:\/\/www.solerpalau.com\/blog\/es-es\/wp-content\/uploads\/sites\/3\/2025\/06\/iStock-487808090.jpg","type":"image\/jpeg"}],"author":"S&amp;P","twitter_card":"summary_large_image","twitter_misc":{"Escrito por":"S&amp;P","Tiempo de lectura":"2 minutos"},"schema":{"@context":"https:\/\/schema.org","@graph":[{"@type":"WebPage","@id":"https:\/\/www.solerpalau.com\/blog\/es-es\/ventilacion-de-oficinas-mediante-control-de-co2\/","url":"https:\/\/www.solerpalau.com\/blog\/es-es\/ventilacion-de-oficinas-mediante-control-de-co2\/","name":"Ventilaci\u00f3n de oficinas mediante control de CO2: caso pr\u00e1ctico","isPartOf":{"@id":"https:\/\/www.solerpalau.com\/blog\/es-es\/#website"},"primaryImageOfPage":{"@id":"https:\/\/www.solerpalau.com\/blog\/es-es\/ventilacion-de-oficinas-mediante-control-de-co2\/#primaryimage"},"image":{"@id":"https:\/\/www.solerpalau.com\/blog\/es-es\/ventilacion-de-oficinas-mediante-control-de-co2\/#primaryimage"},"thumbnailUrl":"https:\/\/www.solerpalau.com\/blog\/es-es\/wp-content\/uploads\/sites\/3\/2025\/06\/iStock-487808090.jpg","datePublished":"2017-02-08T06:00:29+00:00","dateModified":"2025-06-30T12:39:27+00:00","author":{"@id":"https:\/\/www.solerpalau.com\/blog\/es-es\/#\/schema\/person\/a649fcc0fccdca5446ea2bc371ad5cb9"},"description":"Mejora de la calidad del aire interior, regulaci\u00f3n de los caudales en funci\u00f3n de la ocupaci\u00f3n y aprovechamiento de la energ\u00eda del aire expulsado al exterior","breadcrumb":{"@id":"https:\/\/www.solerpalau.com\/blog\/es-es\/ventilacion-de-oficinas-mediante-control-de-co2\/#breadcrumb"},"inLanguage":"es","potentialAction":[{"@type":"ReadAction","target":["https:\/\/www.solerpalau.com\/blog\/es-es\/ventilacion-de-oficinas-mediante-control-de-co2\/"]}]},{"@type":"ImageObject","inLanguage":"es","@id":"https:\/\/www.solerpalau.com\/blog\/es-es\/ventilacion-de-oficinas-mediante-control-de-co2\/#primaryimage","url":"https:\/\/www.solerpalau.com\/blog\/es-es\/wp-content\/uploads\/sites\/3\/2025\/06\/iStock-487808090.jpg","contentUrl":"https:\/\/www.solerpalau.com\/blog\/es-es\/wp-content\/uploads\/sites\/3\/2025\/06\/iStock-487808090.jpg","width":724,"height":483,"caption":"ventilacion oficinas co2"},{"@type":"BreadcrumbList","@id":"https:\/\/www.solerpalau.com\/blog\/es-es\/ventilacion-de-oficinas-mediante-control-de-co2\/#breadcrumb","itemListElement":[{"@type":"ListItem","position":1,"name":"Inicio","item":"https:\/\/www.solerpalau.com\/blog\/es-es\/"},{"@type":"ListItem","position":2,"name":"Ventilaci\u00f3n de oficinas mediante control de CO2: caso pr\u00e1ctico"}]},{"@type":"WebSite","@id":"https:\/\/www.solerpalau.com\/blog\/es-es\/#website","url":"https:\/\/www.solerpalau.com\/blog\/es-es\/","name":"S&amp;P Sistemas de Ventilaci\u00f3n","description":"El Blog de ventilaci\u00f3n eficiente para una mejor calidad del aire","potentialAction":[{"@type":"SearchAction","target":{"@type":"EntryPoint","urlTemplate":"https:\/\/www.solerpalau.com\/blog\/es-es\/?s={search_term_string}"},"query-input":{"@type":"PropertyValueSpecification","valueRequired":true,"valueName":"search_term_string"}}],"inLanguage":"es"},{"@type":"Person","@id":"https:\/\/www.solerpalau.com\/blog\/es-es\/#\/schema\/person\/a649fcc0fccdca5446ea2bc371ad5cb9","name":"S&amp;P","image":{"@type":"ImageObject","inLanguage":"es","@id":"https:\/\/www.solerpalau.com\/blog\/es-es\/#\/schema\/person\/image\/","url":"https:\/\/secure.gravatar.com\/avatar\/994644236667321375ba4d21a34a002e2bcfd7b33a114caa4c9dc488ece6c970?s=96&d=mm&r=g","contentUrl":"https:\/\/secure.gravatar.com\/avatar\/994644236667321375ba4d21a34a002e2bcfd7b33a114caa4c9dc488ece6c970?s=96&d=mm&r=g","caption":"S&amp;P"},"url":"https:\/\/www.solerpalau.com\/blog\/es-es\/author\/binaria\/"}]}},"reading_time":"<span class=\"span-reading-time rt-reading-time\"><span class=\"rt-label rt-prefix\"><\/span> <span class=\"rt-time\"> 3<\/span> <span class=\"rt-label rt-postfix\"> min. de lectura<\/span><\/span>","_links":{"self":[{"href":"https:\/\/www.solerpalau.com\/blog\/es-es\/wp-json\/wp\/v2\/posts\/5394","targetHints":{"allow":["GET"]}}],"collection":[{"href":"https:\/\/www.solerpalau.com\/blog\/es-es\/wp-json\/wp\/v2\/posts"}],"about":[{"href":"https:\/\/www.solerpalau.com\/blog\/es-es\/wp-json\/wp\/v2\/types\/post"}],"author":[{"embeddable":true,"href":"https:\/\/www.solerpalau.com\/blog\/es-es\/wp-json\/wp\/v2\/users\/10"}],"replies":[{"embeddable":true,"href":"https:\/\/www.solerpalau.com\/blog\/es-es\/wp-json\/wp\/v2\/comments?post=5394"}],"version-history":[{"count":1,"href":"https:\/\/www.solerpalau.com\/blog\/es-es\/wp-json\/wp\/v2\/posts\/5394\/revisions"}],"predecessor-version":[{"id":5895,"href":"https:\/\/www.solerpalau.com\/blog\/es-es\/wp-json\/wp\/v2\/posts\/5394\/revisions\/5895"}],"wp:featuredmedia":[{"embeddable":true,"href":"https:\/\/www.solerpalau.com\/blog\/es-es\/wp-json\/wp\/v2\/media\/3613"}],"wp:attachment":[{"href":"https:\/\/www.solerpalau.com\/blog\/es-es\/wp-json\/wp\/v2\/media?parent=5394"}],"wp:term":[{"taxonomy":"category","embeddable":true,"href":"https:\/\/www.solerpalau.com\/blog\/es-es\/wp-json\/wp\/v2\/categories?post=5394"},{"taxonomy":"post_tag","embeddable":true,"href":"https:\/\/www.solerpalau.com\/blog\/es-es\/wp-json\/wp\/v2\/tags?post=5394"}],"curies":[{"name":"wp","href":"https:\/\/api.w.org\/{rel}","templated":true}]}}