{"id":5506,"date":"2025-11-05T07:38:00","date_gmt":"2025-11-05T06:38:00","guid":{"rendered":"https:\/\/www.solerpalau.com\/blog\/es-es\/2017\/12\/06\/que-es-bim\/"},"modified":"2026-02-04T10:12:56","modified_gmt":"2026-02-04T09:12:56","slug":"que-es-bim","status":"publish","type":"post","link":"https:\/\/www.solerpalau.com\/blog\/es-es\/que-es-bim\/","title":{"rendered":"Qu\u00e9 es BIM, por qu\u00e9 usarlo y cu\u00e1l es su futuro"},"content":{"rendered":"\n<p>En este art\u00edculo te contamos qu\u00e9 es BIM, su significado, las ventajas de los <strong>sistemas BIM<\/strong> en ventilaci\u00f3n, sus dimensiones y cu\u00e1l es el presente y futuro del Building Information Management.<\/p><div id=\"ez-toc-container\" class=\"ez-toc-v2_0_76 counter-hierarchy ez-toc-counter ez-toc-custom ez-toc-container-direction\">\n<div class=\"ez-toc-title-container\">\n<p class=\"ez-toc-title\" style=\"cursor:inherit\">Tabla de contenidos<\/p>\n<span class=\"ez-toc-title-toggle\"><\/span><\/div>\n<nav><ul class='ez-toc-list ez-toc-list-level-1 ' ><li class='ez-toc-page-1 ez-toc-heading-level-2'><a class=\"ez-toc-link ez-toc-heading-1\" href=\"https:\/\/www.solerpalau.com\/blog\/es-es\/que-es-bim\/#Que_es_BIM_el_significado_de_esta_metodologia\" >Qu\u00e9 es BIM, el significado de esta metodolog\u00eda<\/a><\/li><li class='ez-toc-page-1 ez-toc-heading-level-2'><a class=\"ez-toc-link ez-toc-heading-2\" href=\"https:\/\/www.solerpalau.com\/blog\/es-es\/que-es-bim\/#Ventajas_de_usar_BIM\" >Ventajas de usar BIM<\/a><\/li><li class='ez-toc-page-1 ez-toc-heading-level-2'><a class=\"ez-toc-link ez-toc-heading-3\" href=\"https:\/\/www.solerpalau.com\/blog\/es-es\/que-es-bim\/#BIM_en_el_mundo_de_la_ventilacion\" >BIM en el mundo de la ventilaci\u00f3n<\/a><\/li><li class='ez-toc-page-1 ez-toc-heading-level-2'><a class=\"ez-toc-link ez-toc-heading-4\" href=\"https:\/\/www.solerpalau.com\/blog\/es-es\/que-es-bim\/#Presente_y_futuro_de_BIM\" >Presente y futuro de BIM<\/a><\/li><\/ul><\/nav><\/div>\n\n\n\n\n<!--more-->\n\n\n\n<h2 class=\"wp-block-heading\"><span class=\"ez-toc-section\" id=\"Que_es_BIM_el_significado_de_esta_metodologia\"><\/span>Qu\u00e9 es BIM, el significado de esta metodolog\u00eda<span class=\"ez-toc-section-end\"><\/span><\/h2>\n\n\n\n<p><strong>BIM es una metodolog\u00eda de trabajo colaborativa<\/strong> que est\u00e1 suponiendo una aut\u00e9ntica revoluci\u00f3n en el sector de la construcci\u00f3n. Las siglas BIM derivan de Building Information Modeling, aunque su definici\u00f3n est\u00e1 evolucionando a <strong>Building Information Management<\/strong>.<\/p>\n\n\n\n<p>Para comprender BIM y su significado conviene detenerse en esta distinci\u00f3n. Building Information <strong>Modeling<\/strong> hace referencia al proceso de creaci\u00f3n de un <strong>modelo digital 3D<\/strong> con informaci\u00f3n detallada de cada elemento constructivo. Building Information <strong>Management<\/strong>, por su parte, ampl\u00eda el concepto y engloba la <strong>gesti\u00f3n integral de toda la informaci\u00f3n del proyecto<\/strong> a lo largo de su ciclo de vida. Es decir, los sistemas BIM no se limitan a la representaci\u00f3n gr\u00e1fica de un edificio, sino que integran datos geom\u00e9tricos, funcionales, de costes y de planificaci\u00f3n en un \u00fanico entorno colaborativo.<\/p>\n\n\n\n<p>Esta forma de trabajo se fundamenta en el empleo de un <strong>modelo 3D inteligente<\/strong>, basado en datos y no solo en geometr\u00eda. En el modelo 3D de BIM existe <strong>vinculaci\u00f3n en todo momento con la base de datos<\/strong>, ayudando as\u00ed a la toma de decisiones a lo largo de todo el ciclo de vida, desde la fase de dise\u00f1o, hasta la construcci\u00f3n e instalaci\u00f3n.<\/p>\n\n\n\n<p>El objetivo de esta filosof\u00eda es conseguir compilar informaci\u00f3n completa del proyecto de manera digital, facilitando la <strong>colaboraci\u00f3n entre las distintas partes implicadas en el proyecto<\/strong>.<\/p>\n\n\n\n<figure class=\"wp-block-image size-full\"><img loading=\"lazy\" decoding=\"async\" width=\"1000\" height=\"647\" src=\"https:\/\/www.solerpalau.com\/blog\/es-es\/wp-content\/uploads\/sites\/3\/2019\/09\/modelado-bim.jpg\" alt=\"Modelado BIM\" class=\"wp-image-2966\"\/><figcaption class=\"wp-element-caption\">Ejemplo de modelado BIM<\/figcaption><\/figure>\n\n\n\n<p>Es importante tener en cuenta que BIM es una filosof\u00eda de trabajo, no el software de explotaci\u00f3n. El software BIM m\u00e1s usado a nivel mundial es <a href=\"https:\/\/www.autodesk.com\/es\/products\/revit\/overview\">Autodesk\u00ae Revit\u00ae<\/a>, por lo que muchas veces o\u00edmos hablar de esta marca comercial refiri\u00e9ndose a esta metodolog\u00eda de trabajo. Pero adem\u00e1s de este software, existen en el mercado muchos otros que tambi\u00e9n trabajan en filosof\u00eda BIM como pueden ser MagiCAD\u00ae o ArchiCAD\u00ae, entre otros.<\/p>\n\n\n\n<h2 class=\"wp-block-heading\"><span class=\"ez-toc-section\" id=\"Ventajas_de_usar_BIM\"><\/span>Ventajas de usar BIM<span class=\"ez-toc-section-end\"><\/span><\/h2>\n\n\n\n<p>La metodolog\u00eda Building Information Management permite <strong>centralizar toda la informaci\u00f3n del proyecto<\/strong> en un \u00fanico modelo de informaci\u00f3n creado por todos los agentes participantes. Esto supone una evoluci\u00f3n respecto a los sistemas de dise\u00f1o tradicionales basados en el plano, ya que incorpora informaci\u00f3n geom\u00e9trica, de tiempos, de costes, ambiental y de mantenimiento.<\/p>\n\n\n\n<p>Los sistemas BIM han demostrado su eficacia al trasladar el <strong>esfuerzo principal a las fases iniciales del proyecto<\/strong>, cuando cualquier modificaci\u00f3n resulta m\u00e1s efectiva y menos costosa. De este modo, se pueden detectar los posibles problemas en las etapas iniciales del dise\u00f1o y modificar la geometr\u00eda 3D del edificio o de las instalaciones antes de realizar la construcci\u00f3n del proyecto, con el consecuente ahorro en tiempo y recursos.<\/p>\n\n\n\n<p>Adem\u00e1s, el uso de esta metodolog\u00eda de trabajo aporta otras muchas ventajas:<\/p>\n\n\n\n<ul class=\"wp-block-list\">\n<li><strong>Actualizaci\u00f3n autom\u00e1tica de la informaci\u00f3n.<\/strong> Si se modifica un elemento en BIM en una planta, se modifica autom\u00e1ticamente en las secciones, alzados y vistas 3D, consiguiendo minimizar as\u00ed los errores humanos.<\/li>\n\n\n\n<li><strong>Mejora de los flujos de trabajo.<\/strong> Todos los agentes trabajan sobre un \u00fanico modelo, evit\u00e1ndose as\u00ed la descoordinaci\u00f3n entre versiones y la p\u00e9rdida de informaci\u00f3n.<\/li>\n\n\n\n<li><strong>Reducci\u00f3n de costes y tiempos.<\/strong> BIM permite disponer en todo momento de cualquier informaci\u00f3n que se requiera, as\u00ed los diferentes agentes pueden trabajar en tiempo real y de forma coordinada en un entorno colaborativo.<\/li>\n<\/ul>\n\n\n\n<p>En definitiva, BIM aboga por una mayor dedicaci\u00f3n y esfuerzo por parte de todos los actores al principio del proyecto, cuando un cambio es m\u00e1s efectivo y menos traum\u00e1tico, en vez de realizarlos al final.<\/p>\n\n\n\n<h2 class=\"wp-block-heading\"><span class=\"ez-toc-section\" id=\"BIM_en_el_mundo_de_la_ventilacion\"><\/span>BIM en el mundo de la ventilaci\u00f3n<span class=\"ez-toc-section-end\"><\/span><\/h2>\n\n\n\n<p>Cada vez m\u00e1s, cobra mayor importancia ofrecer informaci\u00f3n fiable e inmediata que adem\u00e1s sea f\u00e1cilmente adaptable a los posibles cambios que surgen durante la evoluci\u00f3n del proyecto.<\/p>\n\n\n\n<p>Por ello, BIM tambi\u00e9n supone una oportunidad para el sector de la ventilaci\u00f3n, puesto que permite ofrecer datos reales sobre el sistema de ventilaci\u00f3n e integrarlos a la instalaci\u00f3n proyectada en el software BIM. Estos datos pueden ser: datos aerodin\u00e1micos del ventilador, su consumo energ\u00e9tico o informaci\u00f3n ac\u00fastica.<\/p>\n\n\n\n<p>En este contexto, el modelado BIM aplicado a la ventilaci\u00f3n permite a los profesionales trabajar con objetos param\u00e9tricos que contienen informaci\u00f3n t\u00e9cnica real de los equipos. Si quieres profundizar en c\u00f3mo integrar los productos de ventilaci\u00f3n en tu flujo de trabajo BIM, puedes leer sobre <a href=\"https:\/\/www.solerpalau.com\/blog\/es-es\/modelado-bim\/\">modelado BIM y la herramienta EasyVent<\/a>, donde detallamos las funcionalidades disponibles para arquitectos e ingenieros.<\/p>\n\n\n\n<h2 class=\"wp-block-heading\"><span class=\"ez-toc-section\" id=\"Presente_y_futuro_de_BIM\"><\/span>Presente y futuro de BIM<span class=\"ez-toc-section-end\"><\/span><\/h2>\n\n\n\n<p>A d\u00eda de hoy, los sistemas BIM se han consolidado como un est\u00e1ndar en el sector de la construcci\u00f3n en numerosos pa\u00edses, y su adopci\u00f3n sigue en aumento. Si bien en sus inicios el uso de BIM se centraba principalmente en el modelado 3D del edificio, la realidad actual demuestra que esta metodolog\u00eda abarca mucho m\u00e1s. En BIM se habla de hasta <strong>8 dimensiones<\/strong> diferentes, cada una de las cuales a\u00f1ade una capa de informaci\u00f3n y gesti\u00f3n al proyecto:<\/p>\n\n\n\n<figure class=\"wp-block-image size-large\"><img loading=\"lazy\" decoding=\"async\" width=\"800\" height=\"436\" src=\"https:\/\/www.solerpalau.com\/blog\/es-es\/wp-content\/uploads\/sites\/3\/2017\/12\/dimensiones-BIM-sp-800x436.jpg\" alt=\"\" class=\"wp-image-6954\" srcset=\"https:\/\/www.solerpalau.com\/blog\/es-es\/wp-content\/uploads\/sites\/3\/2017\/12\/dimensiones-BIM-sp-800x436.jpg 800w, https:\/\/www.solerpalau.com\/blog\/es-es\/wp-content\/uploads\/sites\/3\/2017\/12\/dimensiones-BIM-sp-600x327.jpg 600w, https:\/\/www.solerpalau.com\/blog\/es-es\/wp-content\/uploads\/sites\/3\/2017\/12\/dimensiones-BIM-sp-768x419.jpg 768w, https:\/\/www.solerpalau.com\/blog\/es-es\/wp-content\/uploads\/sites\/3\/2017\/12\/dimensiones-BIM-sp-1536x838.jpg 1536w, https:\/\/www.solerpalau.com\/blog\/es-es\/wp-content\/uploads\/sites\/3\/2017\/12\/dimensiones-BIM-sp.jpg 1910w\" sizes=\"auto, (max-width: 800px) 100vw, 800px\" \/><figcaption class=\"wp-element-caption\">Dimensiones BIM<\/figcaption><\/figure>\n\n\n\n<ul class=\"wp-block-list\">\n<li><strong>3D \u2013 Modelado tridimensional:<\/strong> representaci\u00f3n geom\u00e9trica del edificio y sus instalaciones, base de todo el ecosistema BIM.<\/li>\n\n\n\n<li><strong>4D \u2013 Planificaci\u00f3n temporal:<\/strong> incorporaci\u00f3n de la variable tiempo, permitiendo simular el cronograma de ejecuci\u00f3n de la obra.<\/li>\n\n\n\n<li><strong>5D \u2013 Gesti\u00f3n de costes:<\/strong> vinculaci\u00f3n del modelo con la estimaci\u00f3n y el control presupuestario del proyecto.<\/li>\n\n\n\n<li><strong>6D \u2013 Sostenibilidad y eficiencia energ\u00e9tica:<\/strong> an\u00e1lisis del comportamiento energ\u00e9tico del edificio para optimizar su rendimiento y reducir su impacto ambiental.<\/li>\n\n\n\n<li><strong>7D \u2013 Gesti\u00f3n y mantenimiento (Facility Management):<\/strong> utilizaci\u00f3n del modelo BIM a lo largo de la vida \u00fatil del edificio para planificar el mantenimiento, gestionar activos y operar las instalaciones de forma eficiente.<\/li>\n\n\n\n<li><strong>8D \u2013 Seguridad y prevenci\u00f3n de riesgos laborales:<\/strong> la dimensi\u00f3n m\u00e1s reciente incorpora la planificaci\u00f3n de la seguridad en la fase de dise\u00f1o, permitiendo identificar riesgos potenciales, dise\u00f1ar medidas preventivas y mejorar la seguridad en obra antes de que comience la construcci\u00f3n.<\/li>\n<\/ul>\n\n\n\n<p>La <strong>normalizaci\u00f3n del uso de BIM<\/strong>, impulsada por mandatos gubernamentales en pa\u00edses como Reino Unido, Francia, Alemania o Espa\u00f1a, junto con la concienciaci\u00f3n sobre la necesidad de mejorar la eficiencia en la construcci\u00f3n, consolidan esta filosof\u00eda como la metodolog\u00eda de trabajo de referencia en el sector. La evoluci\u00f3n hacia las dimensiones superiores \u2014especialmente la 6D, 7D y 8D\u2014 marcar\u00e1 los pr\u00f3ximos avances, integrando sostenibilidad, gesti\u00f3n del ciclo de vida y seguridad de forma cada vez m\u00e1s completa.<\/p>\n\n\n\n<hr class=\"wp-block-separator has-alpha-channel-opacity\"\/>\n\n\n\n<p>El equipo t\u00e9cnico de Soler &amp; Palau cuenta con amplia experiencia en el dise\u00f1o de proyectos de ventilaci\u00f3n y puede ayudarte en cualquier fase del proceso. Adem\u00e1s, S&amp;P pone a disposici\u00f3n de los profesionales <strong>objetos BIM de sus productos<\/strong>, listos para integrar directamente en tus proyectos y agilizar el flujo de trabajo. Si necesitas asesoramiento o quieres acceder a nuestros recursos BIM, no dudes en <a href=\"https:\/\/info.solerpalau.com\/asesoramiento-tecnico-ventilacion\">contactar con nuestro equipo<\/a>.<\/p>\n\n\n\n<h3 class=\"wp-block-heading\">Quiz\u00e1s tambi\u00e9n te interese:<\/h3>\n\n\n\n<ul class=\"wp-block-list\">\n<li><a href=\"https:\/\/www.solerpalau.com\/blog\/es-es\/modelado-bim-easyvent\/\">Modelado BIM y EasyVent: generador de objetos BIM<\/a><\/li>\n\n\n\n<li><a href=\"https:\/\/www.solerpalau.com\/blog\/es-es\/proyectos-bim-aulario-bellvitge\/\">Un caso de \u00e9xito de los proyectos BIM: Aulario del Campus de Ciencias de la Salud de Bellvitge<\/a><\/li>\n\n\n\n<li><a href=\"https:\/\/www.solerpalau.com\/blog\/es-es\/sistemas-de-control-de-humo-en-entornos-bim\/\">Sistemas de control de humo en entornos BIM<\/a><\/li>\n\n\n\n<li><a href=\"https:\/\/www.solerpalau.com\/blog\/es-es\/construccion-industrializada\/\">Construcci\u00f3n industrializada: Eficiencia, sostenibilidad y nuevos modelos de edificaci\u00f3n<\/a><\/li>\n<\/ul>\n\n\n\n<div class=\"hs-cta-embed hs-cta-simple-placeholder hs-cta-embed-172086113328\"\n  style=\"max-width:100%; max-height:100%; width:650px;height:311.201171875px\" data-hubspot-wrapper-cta-id=\"172086113328\">\n  <a href=\"https:\/\/cta-service-cms2.hubspot.com\/web-interactives\/public\/v1\/track\/redirect?encryptedPayload=AVxigLK1cdG8Ltv861iPaJY%2FrgIXVs9350kdOwykK7fCJjLGKWbelFAoK1FVp5yGCwZtjv2rqJ9z4EFzKHfa5A3mABCU8C4CLhtMd5hf%2Bv3aMHTa5havXksXInrTCbPMRSl6XhBte3uptV9tZ8CX%2FZ1ZtvMcfGP%2Fh%2FDdpRMJiOtIycA25jSvB16kqzcGiO2Z%2B94PbEm6jlYjWsBWagH5t%2FwRNiU%3D&#038;webInteractiveContentId=172086113328&#038;portalId=2009592\" target=\"_blank\" rel=\"noopener\" crossorigin=\"anonymous\">\n    <img decoding=\"async\" alt=\"SERVICIO DE ASESOR&Iacute;A\" loading=\"lazy\" src=\"https:\/\/no-cache.hubspot.com\/cta\/default\/2009592\/interactive-172086113328.png\" style=\"height: 100%; width: 100%; object-fit: fill\"\n      onerror=\"this.style.display='none'\" \/>\n  <\/a>\n<\/div>\n","protected":false},"excerpt":{"rendered":"<p>En este art\u00edculo te contamos qu\u00e9 es BIM, su significado, las ventajas de los sistemas BIM en ventilaci\u00f3n, sus dimensiones y cu\u00e1l es el presente y futuro del Building Information Management.<\/p>\n","protected":false},"author":10,"featured_media":6955,"comment_status":"open","ping_status":"open","sticky":false,"template":"","format":"standard","meta":{"_acf_changed":false,"footnotes":""},"categories":[24],"tags":[],"class_list":["post-5506","post","type-post","status-publish","format-standard","has-post-thumbnail","hentry","category-asesoria-tecnica"],"acf":[],"yoast_head":"<!-- This site is optimized with the Yoast SEO plugin v26.1 - https:\/\/yoast.com\/wordpress\/plugins\/seo\/ -->\n<title>Qu\u00e9 es BIM, por qu\u00e9 usarlo y cu\u00e1l es su futuro - S&amp;P<\/title>\n<meta name=\"description\" content=\"Descubre qu\u00e9 es BIM, por qu\u00e9 se usa en ventilaci\u00f3n, sus dimensiones y cu\u00e1l es el futuro del Building Information Management.\" \/>\n<meta name=\"robots\" content=\"index, follow, max-snippet:-1, max-image-preview:large, max-video-preview:-1\" \/>\n<link rel=\"canonical\" href=\"https:\/\/www.solerpalau.com\/blog\/es-es\/que-es-bim\/\" \/>\n<meta property=\"og:locale\" content=\"es_ES\" \/>\n<meta property=\"og:type\" content=\"article\" \/>\n<meta property=\"og:title\" content=\"Qu\u00e9 es BIM, por qu\u00e9 usarlo y cu\u00e1l es su futuro - S&amp;P\" \/>\n<meta property=\"og:description\" content=\"Descubre qu\u00e9 es BIM, por qu\u00e9 se usa en ventilaci\u00f3n, sus dimensiones y cu\u00e1l es el futuro del Building Information Management.\" \/>\n<meta property=\"og:url\" content=\"https:\/\/www.solerpalau.com\/blog\/es-es\/que-es-bim\/\" \/>\n<meta property=\"og:site_name\" content=\"S&amp;P Sistemas de Ventilaci\u00f3n\" \/>\n<meta property=\"article:published_time\" content=\"2025-11-05T06:38:00+00:00\" \/>\n<meta property=\"article:modified_time\" content=\"2026-02-04T09:12:56+00:00\" \/>\n<meta property=\"og:image\" content=\"https:\/\/www.solerpalau.com\/blog\/es-es\/wp-content\/uploads\/sites\/3\/2017\/12\/Metodologia-BIM-eficiencia-y-coordinacion-en-proyectos-SP.jpg\" \/>\n\t<meta property=\"og:image:width\" content=\"2000\" \/>\n\t<meta property=\"og:image:height\" content=\"1334\" \/>\n\t<meta property=\"og:image:type\" content=\"image\/jpeg\" \/>\n<meta name=\"author\" content=\"S&amp;P\" \/>\n<meta name=\"twitter:card\" content=\"summary_large_image\" \/>\n<meta name=\"twitter:label1\" content=\"Escrito por\" \/>\n\t<meta name=\"twitter:data1\" content=\"S&amp;P\" \/>\n\t<meta name=\"twitter:label2\" content=\"Tiempo de lectura\" \/>\n\t<meta name=\"twitter:data2\" content=\"7 minutos\" \/>\n<!-- \/ Yoast SEO plugin. -->","yoast_head_json":{"title":"Qu\u00e9 es BIM, por qu\u00e9 usarlo y cu\u00e1l es su futuro - S&P","description":"Descubre qu\u00e9 es BIM, por qu\u00e9 se usa en ventilaci\u00f3n, sus dimensiones y cu\u00e1l es el futuro del Building Information Management.","robots":{"index":"index","follow":"follow","max-snippet":"max-snippet:-1","max-image-preview":"max-image-preview:large","max-video-preview":"max-video-preview:-1"},"canonical":"https:\/\/www.solerpalau.com\/blog\/es-es\/que-es-bim\/","og_locale":"es_ES","og_type":"article","og_title":"Qu\u00e9 es BIM, por qu\u00e9 usarlo y cu\u00e1l es su futuro - S&P","og_description":"Descubre qu\u00e9 es BIM, por qu\u00e9 se usa en ventilaci\u00f3n, sus dimensiones y cu\u00e1l es el futuro del Building Information Management.","og_url":"https:\/\/www.solerpalau.com\/blog\/es-es\/que-es-bim\/","og_site_name":"S&amp;P Sistemas de Ventilaci\u00f3n","article_published_time":"2025-11-05T06:38:00+00:00","article_modified_time":"2026-02-04T09:12:56+00:00","og_image":[{"width":2000,"height":1334,"url":"https:\/\/www.solerpalau.com\/blog\/es-es\/wp-content\/uploads\/sites\/3\/2017\/12\/Metodologia-BIM-eficiencia-y-coordinacion-en-proyectos-SP.jpg","type":"image\/jpeg"}],"author":"S&amp;P","twitter_card":"summary_large_image","twitter_misc":{"Escrito por":"S&amp;P","Tiempo de lectura":"7 minutos"},"schema":{"@context":"https:\/\/schema.org","@graph":[{"@type":"WebPage","@id":"https:\/\/www.solerpalau.com\/blog\/es-es\/que-es-bim\/","url":"https:\/\/www.solerpalau.com\/blog\/es-es\/que-es-bim\/","name":"Qu\u00e9 es BIM, por qu\u00e9 usarlo y cu\u00e1l es su futuro - S&P","isPartOf":{"@id":"https:\/\/www.solerpalau.com\/blog\/es-es\/#website"},"primaryImageOfPage":{"@id":"https:\/\/www.solerpalau.com\/blog\/es-es\/que-es-bim\/#primaryimage"},"image":{"@id":"https:\/\/www.solerpalau.com\/blog\/es-es\/que-es-bim\/#primaryimage"},"thumbnailUrl":"https:\/\/www.solerpalau.com\/blog\/es-es\/wp-content\/uploads\/sites\/3\/2017\/12\/Metodologia-BIM-eficiencia-y-coordinacion-en-proyectos-SP.jpg","datePublished":"2025-11-05T06:38:00+00:00","dateModified":"2026-02-04T09:12:56+00:00","author":{"@id":"https:\/\/www.solerpalau.com\/blog\/es-es\/#\/schema\/person\/a649fcc0fccdca5446ea2bc371ad5cb9"},"description":"Descubre qu\u00e9 es BIM, por qu\u00e9 se usa en ventilaci\u00f3n, sus dimensiones y cu\u00e1l es el futuro del Building Information Management.","breadcrumb":{"@id":"https:\/\/www.solerpalau.com\/blog\/es-es\/que-es-bim\/#breadcrumb"},"inLanguage":"es","potentialAction":[{"@type":"ReadAction","target":["https:\/\/www.solerpalau.com\/blog\/es-es\/que-es-bim\/"]}]},{"@type":"ImageObject","inLanguage":"es","@id":"https:\/\/www.solerpalau.com\/blog\/es-es\/que-es-bim\/#primaryimage","url":"https:\/\/www.solerpalau.com\/blog\/es-es\/wp-content\/uploads\/sites\/3\/2017\/12\/Metodologia-BIM-eficiencia-y-coordinacion-en-proyectos-SP.jpg","contentUrl":"https:\/\/www.solerpalau.com\/blog\/es-es\/wp-content\/uploads\/sites\/3\/2017\/12\/Metodologia-BIM-eficiencia-y-coordinacion-en-proyectos-SP.jpg","width":2000,"height":1334,"caption":"Metodolog\u00eda BIM"},{"@type":"BreadcrumbList","@id":"https:\/\/www.solerpalau.com\/blog\/es-es\/que-es-bim\/#breadcrumb","itemListElement":[{"@type":"ListItem","position":1,"name":"Inicio","item":"https:\/\/www.solerpalau.com\/blog\/es-es\/"},{"@type":"ListItem","position":2,"name":"Qu\u00e9 es BIM, por qu\u00e9 usarlo y cu\u00e1l es su futuro"}]},{"@type":"WebSite","@id":"https:\/\/www.solerpalau.com\/blog\/es-es\/#website","url":"https:\/\/www.solerpalau.com\/blog\/es-es\/","name":"S&amp;P Sistemas de Ventilaci\u00f3n","description":"El Blog de ventilaci\u00f3n eficiente para una mejor calidad del aire","potentialAction":[{"@type":"SearchAction","target":{"@type":"EntryPoint","urlTemplate":"https:\/\/www.solerpalau.com\/blog\/es-es\/?s={search_term_string}"},"query-input":{"@type":"PropertyValueSpecification","valueRequired":true,"valueName":"search_term_string"}}],"inLanguage":"es"},{"@type":"Person","@id":"https:\/\/www.solerpalau.com\/blog\/es-es\/#\/schema\/person\/a649fcc0fccdca5446ea2bc371ad5cb9","name":"S&amp;P","image":{"@type":"ImageObject","inLanguage":"es","@id":"https:\/\/www.solerpalau.com\/blog\/es-es\/#\/schema\/person\/image\/","url":"https:\/\/secure.gravatar.com\/avatar\/994644236667321375ba4d21a34a002e2bcfd7b33a114caa4c9dc488ece6c970?s=96&d=mm&r=g","contentUrl":"https:\/\/secure.gravatar.com\/avatar\/994644236667321375ba4d21a34a002e2bcfd7b33a114caa4c9dc488ece6c970?s=96&d=mm&r=g","caption":"S&amp;P"},"url":"https:\/\/www.solerpalau.com\/blog\/es-es\/author\/binaria\/"}]}},"reading_time":"<span class=\"span-reading-time rt-reading-time\"><span class=\"rt-label rt-prefix\"><\/span> <span class=\"rt-time\"> 5<\/span> <span class=\"rt-label rt-postfix\"> min. de lectura<\/span><\/span>","_links":{"self":[{"href":"https:\/\/www.solerpalau.com\/blog\/es-es\/wp-json\/wp\/v2\/posts\/5506","targetHints":{"allow":["GET"]}}],"collection":[{"href":"https:\/\/www.solerpalau.com\/blog\/es-es\/wp-json\/wp\/v2\/posts"}],"about":[{"href":"https:\/\/www.solerpalau.com\/blog\/es-es\/wp-json\/wp\/v2\/types\/post"}],"author":[{"embeddable":true,"href":"https:\/\/www.solerpalau.com\/blog\/es-es\/wp-json\/wp\/v2\/users\/10"}],"replies":[{"embeddable":true,"href":"https:\/\/www.solerpalau.com\/blog\/es-es\/wp-json\/wp\/v2\/comments?post=5506"}],"version-history":[{"count":3,"href":"https:\/\/www.solerpalau.com\/blog\/es-es\/wp-json\/wp\/v2\/posts\/5506\/revisions"}],"predecessor-version":[{"id":6958,"href":"https:\/\/www.solerpalau.com\/blog\/es-es\/wp-json\/wp\/v2\/posts\/5506\/revisions\/6958"}],"wp:featuredmedia":[{"embeddable":true,"href":"https:\/\/www.solerpalau.com\/blog\/es-es\/wp-json\/wp\/v2\/media\/6955"}],"wp:attachment":[{"href":"https:\/\/www.solerpalau.com\/blog\/es-es\/wp-json\/wp\/v2\/media?parent=5506"}],"wp:term":[{"taxonomy":"category","embeddable":true,"href":"https:\/\/www.solerpalau.com\/blog\/es-es\/wp-json\/wp\/v2\/categories?post=5506"},{"taxonomy":"post_tag","embeddable":true,"href":"https:\/\/www.solerpalau.com\/blog\/es-es\/wp-json\/wp\/v2\/tags?post=5506"}],"curies":[{"name":"wp","href":"https:\/\/api.w.org\/{rel}","templated":true}]}}