{"id":5511,"date":"2018-01-03T07:56:38","date_gmt":"2018-01-03T06:56:38","guid":{"rendered":"https:\/\/www.solerpalau.com\/blog\/es-es\/2018\/01\/03\/eficiencia-energetica-en-edificios\/"},"modified":"2025-06-30T14:39:42","modified_gmt":"2025-06-30T12:39:42","slug":"eficiencia-energetica-en-edificios","status":"publish","type":"post","link":"https:\/\/www.solerpalau.com\/blog\/es-es\/eficiencia-energetica-en-edificios\/","title":{"rendered":"Eficiencia energ\u00e9tica en edificios: un reto para la sostenibilidad urbana"},"content":{"rendered":"<p>No cabe duda de que, la eficiencia energ\u00e9tica en los edificios ser\u00e1 uno de los principales retos a los que nos vamos a enfrentar en los pr\u00f3ximos a\u00f1os. Y es que, teniendo en cuenta que el 20% de la energ\u00eda que se consume en Espa\u00f1a se gasta en nuestros hogares, parece imposible confiar en el cumplimiento del compromiso legal adquirido por los pa\u00edses europeos para mejorar la eficiencia energ\u00e9tica de los edificios y conseguir de forma paulatina que nuestros edificios tiendan al consumo de energ\u00eda casi nulo.<!--more--><\/p><div id=\"ez-toc-container\" class=\"ez-toc-v2_0_76 counter-hierarchy ez-toc-counter ez-toc-custom ez-toc-container-direction\">\n<div class=\"ez-toc-title-container\">\n<p class=\"ez-toc-title\" style=\"cursor:inherit\">Tabla de contenidos<\/p>\n<span class=\"ez-toc-title-toggle\"><\/span><\/div>\n<nav><ul class='ez-toc-list ez-toc-list-level-1 ' ><li class='ez-toc-page-1 ez-toc-heading-level-2'><a class=\"ez-toc-link ez-toc-heading-1\" href=\"https:\/\/www.solerpalau.com\/blog\/es-es\/eficiencia-energetica-en-edificios\/#Modernizar_los_edificios_existentes\" >Modernizar los edificios existentes<\/a><\/li><li class='ez-toc-page-1 ez-toc-heading-level-2'><a class=\"ez-toc-link ez-toc-heading-2\" href=\"https:\/\/www.solerpalau.com\/blog\/es-es\/eficiencia-energetica-en-edificios\/#%C2%BF_Y_sabemos_como_se_calcula_la_eficiencia_energetica_de_un_edificio\" >\u00bf Y sabemos c\u00f3mo se calcula la eficiencia energ\u00e9tica de un edificio?<\/a><\/li><li class='ez-toc-page-1 ez-toc-heading-level-2'><a class=\"ez-toc-link ez-toc-heading-3\" href=\"https:\/\/www.solerpalau.com\/blog\/es-es\/eficiencia-energetica-en-edificios\/#Clasificacion_energetica_de_los_edificios\" >Clasificaci\u00f3n energ\u00e9tica de los edificios<\/a><\/li><li class='ez-toc-page-1 ez-toc-heading-level-2'><a class=\"ez-toc-link ez-toc-heading-4\" href=\"https:\/\/www.solerpalau.com\/blog\/es-es\/eficiencia-energetica-en-edificios\/#Medidas_para_mejorar_la_eficiencia_energetica\" >Medidas para mejorar la eficiencia energ\u00e9tica<\/a><\/li><li class='ez-toc-page-1 ez-toc-heading-level-2'><a class=\"ez-toc-link ez-toc-heading-5\" href=\"https:\/\/www.solerpalau.com\/blog\/es-es\/eficiencia-energetica-en-edificios\/#Ayudas_Europeas_Next_Generation_en_Ventilacion_Mecanica_Controlada_para_tu_proyecto\" >Ayudas Europeas Next Generation en Ventilaci\u00f3n Mec\u00e1nica Controlada para tu proyecto<\/a><\/li><\/ul><\/nav><\/div>\n\n<p>Seg\u00fan se establece en la normativa europea, a partir del 1 de enero de 2019 todos los edificios p\u00fablicos deber\u00e1n ser EECN, es decir, <a href=\"https:\/\/www.solerpalau.com\/blog\/es-es\/edificios-consumo-casi-nulos\/\"><b>edificios de consumo de energ\u00eda casi nulo<\/b><\/a>, y dos a\u00f1os despu\u00e9s, es decir, el 1 de enero de 2021, deber\u00e1n serlo todos los edificios de nueva construcci\u00f3n.<\/p>\n<h2><span class=\"ez-toc-section\" id=\"Modernizar_los_edificios_existentes\"><\/span>Modernizar los edificios existentes<span class=\"ez-toc-section-end\"><\/span><\/h2>\n<p>Hasta este punto, todo claro. Pero\u2026 \u00bfCu\u00e1l es el principal reto al que nos enfrentamos? Si bien es cierto que, a un a\u00f1o de cumplirse el primero de los plazos, son muchos los pa\u00edses europeos que a\u00fan est\u00e1n muy lejos de cumplir con los objetivos establecidos en cuanto a eficiencia energ\u00e9tica de sus edificios p\u00fablicos, el verdadero reto se centra en modernizar los edificios existentes.<\/p>\n<p>La rehabilitaci\u00f3n energ\u00e9tica necesaria para la transformaci\u00f3n de nuestro parque inmobiliario en edificios de consumo de energ\u00eda casi nulo supondr\u00e1 un gran esfuerzo de formaci\u00f3n y transformaci\u00f3n no solo de los procedimientos sino tambi\u00e9n de profesionales y otros agentes implicados en el proceso; desde arquitectos, promotoras, fabricantes, instaladores y operarios, usuarios e incluso la propia administraci\u00f3n.<\/p>\n<h2><span class=\"ez-toc-section\" id=\"%C2%BF_Y_sabemos_como_se_calcula_la_eficiencia_energetica_de_un_edificio\"><\/span>\u00bf Y sabemos c\u00f3mo se calcula la eficiencia energ\u00e9tica de un edificio?<span class=\"ez-toc-section-end\"><\/span><\/h2>\n<p>A la hora de calcular la eficiencia energ\u00e9tica de un edificio se debe tener en cuenta un indicador energ\u00e9tico principal y varios complementarios.<\/p>\n<p>El indicador energ\u00e9tico principal que tendremos en cuenta para dicho c\u00e1lculo vendr\u00e1 dado por dos par\u00e1metros principalmente:<\/p>\n<ul>\n<li>Emisiones anuales de CO2, expresadas en kg por m2 de superficie \u00fatil del edificio.<\/li>\n<li>Energ\u00eda primaria anual, en kWh por m2 de superficie \u00fatil del edificio.<\/li>\n<\/ul>\n<p>Estos dos indicadores se obtienen de la energ\u00eda consumida por el edificio para satisfacer las necesidades asociadas a unas condiciones normales, tanto clim\u00e1ticas como de funcionamiento y ocupaci\u00f3n. Y para ello se tendr\u00e1n en cuenta todos los servicios utilizados para mantener el confort t\u00e9rmico y lum\u00ednico: calefacci\u00f3n, refrigeraci\u00f3n, agua caliente sanitaria, ventilaci\u00f3n, iluminaci\u00f3n, etc.).<\/p>\n<p>Como indicadores energ\u00e9ticos complementarios (tambi\u00e9n en base anual y referidos a la unidad de superficie \u00fatil del edificio) se tendr\u00e1 en cuenta:<\/p>\n<ul>\n<li>Desglose de las emisiones de CO2 para los servicios principales del edificio.<\/li>\n<li>Desglose del consumo de energ\u00eda primaria para los servicios principales del edificio.<\/li>\n<li>Energ\u00eda demandada por el edificio para cada uno de sus servicios principales.<\/li>\n<\/ul>\n<p>Los indicadores complementarios permiten explicar las razones de un buen o mal comportamiento del edificio y proporcionan, por tanto, informaci\u00f3n \u00fatil sobre los aspectos a tener en cuenta a la hora de proponer medidas que mejoren dicho comportamiento.<\/p>\n<p>A partir de todos estos datos, se obtienen unos valores finales de consumo de energ\u00eda, medidos en kilovatios hora por metro cuadrado (KWh\/m2 a\u00f1o), y emisiones de CO2, en kilogramos de CO2 por metro cuadrado (KgCO2\/m2 a\u00f1o), que se corresponden con una letra de la escala de eficiencia energ\u00e9tica aplicables a cada edificio o vivienda.<\/p>\n<h2><span class=\"ez-toc-section\" id=\"Clasificacion_energetica_de_los_edificios\"><\/span>Clasificaci\u00f3n energ\u00e9tica de los edificios<span class=\"ez-toc-section-end\"><\/span><\/h2>\n<p>En funci\u00f3n de los resultados que obtengamos al calcular la eficiencia energ\u00e9tica de nuestro edificio o vivienda, se realizar\u00e1 el <b>certificado energ\u00e9tico<\/b> que ser\u00e1 el que determine la <a href=\"https:\/\/www.idae.es\/tecnologias\/eficiencia-energetica\/edificacion\/calificacion-energetica-de-edificios\"><b>calificaci\u00f3n energ\u00e9tica<\/b><\/a> de dicho edificio o vivienda, expresada mediante una letra que variar\u00e1 desde la letra (A) para las viviendas m\u00e1s eficientes hasta la letra (G) para las menos eficientes.<\/p>\n<p>En edificios nuevos la escala comprende, en orden de mayor a menor eficiencia, las calificaciones o clases A, B, C, D y E, extendi\u00e9ndose hasta las calificaciones F y G para edificios existentes.<\/p>\n<p>Seg\u00fan esta clasificaci\u00f3n, un edificio o vivienda que cuente con la\u00a0categor\u00eda m\u00e1s alta de\u00a0eficiencia energ\u00e9tica (clase A) se considerar\u00e1 que consume hasta un 90% menos de energ\u00eda que\u00a0un edificio o vivienda catalogado con el nivel m\u00e1s bajo (clase G).<\/p>\n<p>La actual normativa no especifica una calificaci\u00f3n energ\u00e9tica m\u00ednima para los edificios, pero desde el a\u00f1o 2007, el cumplimiento de una serie de requisitos m\u00ednimos recogidos en el C\u00f3digo T\u00e9cnico de la Edificaci\u00f3n sobre aspectos relacionados con el ahorro de energ\u00eda y el aislamiento t\u00e9rmico, han derivado en que los edificios de nueva construcci\u00f3n obtengan por regla general calificaciones energ\u00e9ticas entre la A y la C.<\/p>\n<p><img loading=\"lazy\" decoding=\"async\" class=\"aligncenter size-full wp-image-1795\" src=\"https:\/\/www.solerpalau.com\/blog\/es-es\/wp-content\/uploads\/2018\/01\/Clasificacio\u0301n-energe\u0301tica-en-los-edificios-1.png\" alt=\"Clasificacio\u0301n energe\u0301tica en los edificios\" width=\"886\" height=\"329\" srcset=\"https:\/\/www.solerpalau.com\/blog\/es-es\/wp-content\/uploads\/sites\/3\/2018\/01\/Clasificacio\u0301n-energe\u0301tica-en-los-edificios-1.png 886w, https:\/\/www.solerpalau.com\/blog\/es-es\/wp-content\/uploads\/sites\/3\/2018\/01\/Clasificacio\u0301n-energe\u0301tica-en-los-edificios-1-600x223.png 600w, https:\/\/www.solerpalau.com\/blog\/es-es\/wp-content\/uploads\/sites\/3\/2018\/01\/Clasificacio\u0301n-energe\u0301tica-en-los-edificios-1-768x285.png 768w, https:\/\/www.solerpalau.com\/blog\/es-es\/wp-content\/uploads\/sites\/3\/2018\/01\/Clasificacio\u0301n-energe\u0301tica-en-los-edificios-1-800x297.png 800w\" sizes=\"auto, (max-width: 886px) 100vw, 886px\" \/><\/p>\n<h2><span class=\"ez-toc-section\" id=\"Medidas_para_mejorar_la_eficiencia_energetica\"><\/span>Medidas para mejorar la eficiencia energ\u00e9tica<span class=\"ez-toc-section-end\"><\/span><\/h2>\n<p>Si queremos conseguir que nuestro edificio o vivienda sea lo m\u00e1s eficiente posible, existen una serie de medidas que adem\u00e1s de proporcionarnos un mayor ahorro de energ\u00eda y una mejor calidad de aire nos permitir\u00e1n mejorar nuestra calificaci\u00f3n energ\u00e9tica:<\/p>\n<ul>\n<li>Renovaci\u00f3n de las instalaciones t\u00e9rmicas; sustituir los sistemas de calefacci\u00f3n y aire acondicionado por otros m\u00e1s eficientes como los sistemas que integran calderas de condensaci\u00f3n, bomba de calor, etc.<\/li>\n<li>Mejorar el aislamiento de la vivienda; un adecuado aislamiento t\u00e9rmico de fachadas, cubiertas, techos\u2026 producir\u00e1 una menor demanda de calefacci\u00f3n y aire acondicionado al evitar las p\u00e9rdidas de fr\u00edo y calor de la vivienda. Tambi\u00e9n ser\u00e1 importante utilizar carpinter\u00edas y vidrios adecuados para cada climatolog\u00eda.<\/li>\n<li>Utilizar sistemas de ventilaci\u00f3n adecuados; es fundamental en una vivienda utilizar sistemas de ventilaci\u00f3n adecuados que garanticen la calidad del aire interior. El uso de <a href=\"https:\/\/www.solerpalau.com\/blog\/es-es\/ventilacion-inteligente\/\"><b>sistemas de ventilaci\u00f3n inteligentes<\/b><\/a> mejorar\u00e1 la eficiencia energ\u00e9tica de nuestra vivienda.<\/li>\n<li>Utilizar energ\u00edas renovables; el uso de energ\u00eda solar t\u00e9rmica para la producci\u00f3n de agua caliente sanitaria o la utilizaci\u00f3n de sistemas de energ\u00eda solar fotovoltaica para la generaci\u00f3n de electricidad o sistemas como la geotermia o la aerotermia nos permitir\u00e1n mejorar la eficiencia de los sistemas de climatizaci\u00f3n y al mismo tiempo reducir las emisiones de CO2.<\/li>\n<li>Introducir sistemas de medici\u00f3n y control; la utilizaci\u00f3n de aparatos de medici\u00f3n y control de los sistemas de climatizaci\u00f3n y ventilaci\u00f3n tales como, termostatos digitales, <a href=\"https:\/\/www.solerpalau.com\/blog\/es-es\/sondas-calidad-aire\/\">sondas de calidad de aire<\/a>, v\u00e1lvulas o repartidores de costes facilitar\u00e1n un \u00f3ptimo funcionamiento de las instalaciones que repercutir\u00e1, por tanto, en una mayor eficiencia adapt\u00e1ndose en todo momento al usuario.<\/li>\n<\/ul>\n<h2 class=\"p1\"><span class=\"ez-toc-section\" id=\"Ayudas_Europeas_Next_Generation_en_Ventilacion_Mecanica_Controlada_para_tu_proyecto\"><\/span>Ayudas Europeas Next Generation en Ventilaci\u00f3n Mec\u00e1nica Controlada para tu proyecto<span class=\"ez-toc-section-end\"><\/span><\/h2>\n<p class=\"p1\">La Uni\u00f3n Europea ha puesto a tu disposici\u00f3n un servicio de ayudas para fomentar la innovci\u00f3n y la sostenibilidad.<\/p>\n<p class=\"p1\">Estas ayudas pueden representar una excelente oportunidad si eres una empresa o profesional del sector y deseas subvencionar parte del coste del sistema de ventilaci\u00f3n. Para ello es esencial conocer los requisitos, plazos y condiciones. Puedes conocer todos los detalles en <a href=\"https:\/\/info.solerpalau.com\/ayudas-next-generation-eficiencia-energetica-ventilacion\" target=\"_blank\" rel=\"noopener\"><span class=\"s1\">nuestra p\u00e1gina sobre las ayudas Next Generation EU<\/span><\/a>.<\/p>\n<p><span data-sheets-value=\"{&quot;1&quot;:2,&quot;2&quot;:&quot;&quot;}\" data-sheets-userformat=\"{&quot;2&quot;:513,&quot;3&quot;:[null,0],&quot;12&quot;:0}\"><\/span><\/p>\n","protected":false},"excerpt":{"rendered":"<p>No cabe duda de que, la eficiencia energ\u00e9tica en los edificios ser\u00e1 uno de los principales retos a los que nos vamos a enfrentar en los pr\u00f3ximos a\u00f1os. Y es que, teniendo en cuenta que el 20% de la energ\u00eda que se consume en Espa\u00f1a se gasta en nuestros hogares, parece imposible confiar en el<\/p>\n","protected":false},"author":10,"featured_media":4004,"comment_status":"open","ping_status":"open","sticky":false,"template":"","format":"standard","meta":{"_acf_changed":false,"footnotes":""},"categories":[3],"tags":[],"class_list":["post-5511","post","type-post","status-publish","format-standard","has-post-thumbnail","hentry","category-sostenibilidad-y-eficiencia-energetica"],"acf":[],"yoast_head":"<!-- This site is optimized with the Yoast SEO plugin v26.1 - https:\/\/yoast.com\/wordpress\/plugins\/seo\/ -->\n<title>Eficiencia energ\u00e9tica en edificios: un reto para la sostenibilidad urbana - S&amp;P Sistemas de Ventilaci\u00f3n<\/title>\n<meta name=\"robots\" content=\"index, follow, max-snippet:-1, max-image-preview:large, max-video-preview:-1\" \/>\n<link rel=\"canonical\" href=\"https:\/\/www.solerpalau.com\/blog\/es-es\/eficiencia-energetica-en-edificios\/\" \/>\n<meta property=\"og:locale\" content=\"es_ES\" \/>\n<meta property=\"og:type\" content=\"article\" \/>\n<meta property=\"og:title\" content=\"Eficiencia energ\u00e9tica en edificios: un reto para la sostenibilidad urbana - S&amp;P Sistemas de Ventilaci\u00f3n\" \/>\n<meta property=\"og:description\" content=\"No cabe duda de que, la eficiencia energ\u00e9tica en los edificios ser\u00e1 uno de los principales retos a los que nos vamos a enfrentar en los pr\u00f3ximos a\u00f1os. Y es que, teniendo en cuenta que el 20% de la energ\u00eda que se consume en Espa\u00f1a se gasta en nuestros hogares, parece imposible confiar en el\" \/>\n<meta property=\"og:url\" content=\"https:\/\/www.solerpalau.com\/blog\/es-es\/eficiencia-energetica-en-edificios\/\" \/>\n<meta property=\"og:site_name\" content=\"S&amp;P Sistemas de Ventilaci\u00f3n\" \/>\n<meta property=\"article:published_time\" content=\"2018-01-03T06:56:38+00:00\" \/>\n<meta property=\"article:modified_time\" content=\"2025-06-30T12:39:42+00:00\" \/>\n<meta property=\"og:image\" content=\"https:\/\/www.solerpalau.com\/blog\/es-es\/wp-content\/uploads\/sites\/3\/2025\/06\/shutterstock_359459864-1.jpg\" \/>\n\t<meta property=\"og:image:width\" content=\"1000\" \/>\n\t<meta property=\"og:image:height\" content=\"744\" \/>\n\t<meta property=\"og:image:type\" content=\"image\/jpeg\" \/>\n<meta name=\"author\" content=\"S&amp;P\" \/>\n<meta name=\"twitter:card\" content=\"summary_large_image\" \/>\n<meta name=\"twitter:label1\" content=\"Escrito por\" \/>\n\t<meta name=\"twitter:data1\" content=\"S&amp;P\" \/>\n\t<meta name=\"twitter:label2\" content=\"Tiempo de lectura\" \/>\n\t<meta name=\"twitter:data2\" content=\"6 minutos\" \/>\n<!-- \/ Yoast SEO plugin. -->","yoast_head_json":{"title":"Eficiencia energ\u00e9tica en edificios: un reto para la sostenibilidad urbana - S&amp;P Sistemas de Ventilaci\u00f3n","robots":{"index":"index","follow":"follow","max-snippet":"max-snippet:-1","max-image-preview":"max-image-preview:large","max-video-preview":"max-video-preview:-1"},"canonical":"https:\/\/www.solerpalau.com\/blog\/es-es\/eficiencia-energetica-en-edificios\/","og_locale":"es_ES","og_type":"article","og_title":"Eficiencia energ\u00e9tica en edificios: un reto para la sostenibilidad urbana - S&amp;P Sistemas de Ventilaci\u00f3n","og_description":"No cabe duda de que, la eficiencia energ\u00e9tica en los edificios ser\u00e1 uno de los principales retos a los que nos vamos a enfrentar en los pr\u00f3ximos a\u00f1os. Y es que, teniendo en cuenta que el 20% de la energ\u00eda que se consume en Espa\u00f1a se gasta en nuestros hogares, parece imposible confiar en el","og_url":"https:\/\/www.solerpalau.com\/blog\/es-es\/eficiencia-energetica-en-edificios\/","og_site_name":"S&amp;P Sistemas de Ventilaci\u00f3n","article_published_time":"2018-01-03T06:56:38+00:00","article_modified_time":"2025-06-30T12:39:42+00:00","og_image":[{"width":1000,"height":744,"url":"https:\/\/www.solerpalau.com\/blog\/es-es\/wp-content\/uploads\/sites\/3\/2025\/06\/shutterstock_359459864-1.jpg","type":"image\/jpeg"}],"author":"S&amp;P","twitter_card":"summary_large_image","twitter_misc":{"Escrito por":"S&amp;P","Tiempo de lectura":"6 minutos"},"schema":{"@context":"https:\/\/schema.org","@graph":[{"@type":"WebPage","@id":"https:\/\/www.solerpalau.com\/blog\/es-es\/eficiencia-energetica-en-edificios\/","url":"https:\/\/www.solerpalau.com\/blog\/es-es\/eficiencia-energetica-en-edificios\/","name":"Eficiencia energ\u00e9tica en edificios: un reto para la sostenibilidad urbana - S&amp;P Sistemas de Ventilaci\u00f3n","isPartOf":{"@id":"https:\/\/www.solerpalau.com\/blog\/es-es\/#website"},"primaryImageOfPage":{"@id":"https:\/\/www.solerpalau.com\/blog\/es-es\/eficiencia-energetica-en-edificios\/#primaryimage"},"image":{"@id":"https:\/\/www.solerpalau.com\/blog\/es-es\/eficiencia-energetica-en-edificios\/#primaryimage"},"thumbnailUrl":"https:\/\/www.solerpalau.com\/blog\/es-es\/wp-content\/uploads\/sites\/3\/2025\/06\/shutterstock_359459864-1.jpg","datePublished":"2018-01-03T06:56:38+00:00","dateModified":"2025-06-30T12:39:42+00:00","author":{"@id":"https:\/\/www.solerpalau.com\/blog\/es-es\/#\/schema\/person\/a649fcc0fccdca5446ea2bc371ad5cb9"},"breadcrumb":{"@id":"https:\/\/www.solerpalau.com\/blog\/es-es\/eficiencia-energetica-en-edificios\/#breadcrumb"},"inLanguage":"es","potentialAction":[{"@type":"ReadAction","target":["https:\/\/www.solerpalau.com\/blog\/es-es\/eficiencia-energetica-en-edificios\/"]}]},{"@type":"ImageObject","inLanguage":"es","@id":"https:\/\/www.solerpalau.com\/blog\/es-es\/eficiencia-energetica-en-edificios\/#primaryimage","url":"https:\/\/www.solerpalau.com\/blog\/es-es\/wp-content\/uploads\/sites\/3\/2025\/06\/shutterstock_359459864-1.jpg","contentUrl":"https:\/\/www.solerpalau.com\/blog\/es-es\/wp-content\/uploads\/sites\/3\/2025\/06\/shutterstock_359459864-1.jpg","width":1000,"height":744,"caption":"Eficiencia energ\u00e9tica en edificios"},{"@type":"BreadcrumbList","@id":"https:\/\/www.solerpalau.com\/blog\/es-es\/eficiencia-energetica-en-edificios\/#breadcrumb","itemListElement":[{"@type":"ListItem","position":1,"name":"Inicio","item":"https:\/\/www.solerpalau.com\/blog\/es-es\/"},{"@type":"ListItem","position":2,"name":"Eficiencia energ\u00e9tica en edificios: un reto para la sostenibilidad urbana"}]},{"@type":"WebSite","@id":"https:\/\/www.solerpalau.com\/blog\/es-es\/#website","url":"https:\/\/www.solerpalau.com\/blog\/es-es\/","name":"S&amp;P Sistemas de Ventilaci\u00f3n","description":"El Blog de ventilaci\u00f3n eficiente para una mejor calidad del aire","potentialAction":[{"@type":"SearchAction","target":{"@type":"EntryPoint","urlTemplate":"https:\/\/www.solerpalau.com\/blog\/es-es\/?s={search_term_string}"},"query-input":{"@type":"PropertyValueSpecification","valueRequired":true,"valueName":"search_term_string"}}],"inLanguage":"es"},{"@type":"Person","@id":"https:\/\/www.solerpalau.com\/blog\/es-es\/#\/schema\/person\/a649fcc0fccdca5446ea2bc371ad5cb9","name":"S&amp;P","image":{"@type":"ImageObject","inLanguage":"es","@id":"https:\/\/www.solerpalau.com\/blog\/es-es\/#\/schema\/person\/image\/","url":"https:\/\/secure.gravatar.com\/avatar\/994644236667321375ba4d21a34a002e2bcfd7b33a114caa4c9dc488ece6c970?s=96&d=mm&r=g","contentUrl":"https:\/\/secure.gravatar.com\/avatar\/994644236667321375ba4d21a34a002e2bcfd7b33a114caa4c9dc488ece6c970?s=96&d=mm&r=g","caption":"S&amp;P"},"url":"https:\/\/www.solerpalau.com\/blog\/es-es\/author\/binaria\/"}]}},"reading_time":"<span class=\"span-reading-time rt-reading-time\"><span class=\"rt-label rt-prefix\"><\/span> <span class=\"rt-time\"> 4<\/span> <span class=\"rt-label rt-postfix\"> min. de lectura<\/span><\/span>","_links":{"self":[{"href":"https:\/\/www.solerpalau.com\/blog\/es-es\/wp-json\/wp\/v2\/posts\/5511","targetHints":{"allow":["GET"]}}],"collection":[{"href":"https:\/\/www.solerpalau.com\/blog\/es-es\/wp-json\/wp\/v2\/posts"}],"about":[{"href":"https:\/\/www.solerpalau.com\/blog\/es-es\/wp-json\/wp\/v2\/types\/post"}],"author":[{"embeddable":true,"href":"https:\/\/www.solerpalau.com\/blog\/es-es\/wp-json\/wp\/v2\/users\/10"}],"replies":[{"embeddable":true,"href":"https:\/\/www.solerpalau.com\/blog\/es-es\/wp-json\/wp\/v2\/comments?post=5511"}],"version-history":[{"count":1,"href":"https:\/\/www.solerpalau.com\/blog\/es-es\/wp-json\/wp\/v2\/posts\/5511\/revisions"}],"predecessor-version":[{"id":6012,"href":"https:\/\/www.solerpalau.com\/blog\/es-es\/wp-json\/wp\/v2\/posts\/5511\/revisions\/6012"}],"wp:featuredmedia":[{"embeddable":true,"href":"https:\/\/www.solerpalau.com\/blog\/es-es\/wp-json\/wp\/v2\/media\/4004"}],"wp:attachment":[{"href":"https:\/\/www.solerpalau.com\/blog\/es-es\/wp-json\/wp\/v2\/media?parent=5511"}],"wp:term":[{"taxonomy":"category","embeddable":true,"href":"https:\/\/www.solerpalau.com\/blog\/es-es\/wp-json\/wp\/v2\/categories?post=5511"},{"taxonomy":"post_tag","embeddable":true,"href":"https:\/\/www.solerpalau.com\/blog\/es-es\/wp-json\/wp\/v2\/tags?post=5511"}],"curies":[{"name":"wp","href":"https:\/\/api.w.org\/{rel}","templated":true}]}}