{"id":5612,"date":"2019-07-22T05:55:40","date_gmt":"2019-07-22T03:55:40","guid":{"rendered":"https:\/\/www.solerpalau.com\/blog\/es-es\/2019\/07\/22\/tecnicas-arquitectura-bioclimatica\/"},"modified":"2025-06-30T14:39:54","modified_gmt":"2025-06-30T12:39:54","slug":"tecnicas-arquitectura-bioclimatica","status":"publish","type":"post","link":"https:\/\/www.solerpalau.com\/blog\/es-es\/tecnicas-arquitectura-bioclimatica\/","title":{"rendered":"Las te\u0301cnicas de la arquitectura biocli\u0301matica en la rehabilitacio\u0301n"},"content":{"rendered":"<p>Hemos asistido en los u\u0301ltimos an\u0303os a un cambio de paradigma en el que progresivamente la rehabilitacio\u0301n ha ido ganando terreno en el campo de la construccio\u0301n, particularmente en lo referido a la vivienda. Esto se ha visto reforzado tras la activacio\u0301n del <a href=\"https:\/\/www.boe.es\/diario_boe\/txt.php?id=BOE-A-2018-3358\" target=\"_blank\" rel=\"noopener noreferrer\">Plan de Vivienda 2018-2021<\/a>, que presta especial atencio\u0301n a la <b>conservacio\u0301n de los inmuebles, su eficiencia energe\u0301tica y su sostenibilidad ambiental<\/b>.<\/p><div id=\"ez-toc-container\" class=\"ez-toc-v2_0_76 counter-hierarchy ez-toc-counter ez-toc-custom ez-toc-container-direction\">\n<div class=\"ez-toc-title-container\">\n<p class=\"ez-toc-title\" style=\"cursor:inherit\">Tabla de contenidos<\/p>\n<span class=\"ez-toc-title-toggle\"><\/span><\/div>\n<nav><ul class='ez-toc-list ez-toc-list-level-1 ' ><li class='ez-toc-page-1 ez-toc-heading-level-2'><a class=\"ez-toc-link ez-toc-heading-1\" href=\"https:\/\/www.solerpalau.com\/blog\/es-es\/tecnicas-arquitectura-bioclimatica\/#El_caso_de_exito_del_Centro_Civico_Cristalleries_Planell\" >El caso de \u00e9xito del Centro C\u00edvico Cristalleries Planell<\/a><\/li><li class='ez-toc-page-1 ez-toc-heading-level-2'><a class=\"ez-toc-link ez-toc-heading-2\" href=\"https:\/\/www.solerpalau.com\/blog\/es-es\/tecnicas-arquitectura-bioclimatica\/#El_caso_de_exito_de_La_fabrica_del_sol\" >El caso de \u00e9xito de La f\u00e1brica del sol<\/a><\/li><li class='ez-toc-page-1 ez-toc-heading-level-2'><a class=\"ez-toc-link ez-toc-heading-3\" href=\"https:\/\/www.solerpalau.com\/blog\/es-es\/tecnicas-arquitectura-bioclimatica\/#Ayudas_Europeas_Next_Generation_en_Ventilacion_Mecanica_Controlada_para_tu_proyecto\" >Ayudas Europeas Next Generation en Ventilaci\u00f3n Mec\u00e1nica Controlada para tu proyecto<\/a><\/li><\/ul><\/nav><\/div>\n\n<p><!--more--><\/p>\n<p>Al mismo tiempo, nos hemos instalado en un contexto cada vez ma\u0301s exigente y marcado por la <b>bu\u0301squeda de calidad, confort y respeto al medio ambiente<\/b>, algo que vemos reflejado en la legislacio\u0301n y en las actualizaciones del <a href=\"https:\/\/www.codigotecnico.org\/\" target=\"_blank\" rel=\"noopener noreferrer\">Co\u0301digo Te\u0301cnico de la Edificacio\u0301n<\/a>, que inciden igualmente en las cuestiones relativas a la limitacio\u0301n del consumo energe\u0301tico, la salubridad y el confort de los usuarios. Por otra parte, en un clima ma\u0301s global, los <a href=\"https:\/\/www.un.org\/sustainabledevelopment\/es\/objetivos-de-desarrollo-sostenible\/\" target=\"_blank\" rel=\"noopener noreferrer\">Objetivos del Desarrollo Sostenible 2030<\/a> nos instan a incluir los criterios de la sostenibilidad en todas las dimensiones de nuestra sociedad.<\/p>\n<h3>La arquitectura bioclim\u00e1tica en esta nueva realidad<\/h3>\n<p>En esta nueva realidad, resulta evidente que la rehabilitacio\u0301n del parque edificado se ha convertido en uno de los retos de futuro de la profesio\u0301n y una de las manifestaciones ma\u0301s interesantes en la <b>aplicacio\u0301n de las te\u0301cnicas de la arquitectura bioclima\u0301tica<\/b>.<\/p>\n<p>Intervenir sobre la arquitectura existente frecuentemente implica asumir unas condiciones ma\u0301s restrictivas a la hora de aplicar determinados mecanismos, sin embargo, encontramos que cuando la sostenibilidad entra en el proyecto como un argumento ma\u0301s a considerar, es posible regenerar la <a href=\"https:\/\/www.solerpalau.com\/blog\/es-es\/arquitectura-ecologica-ejemplos\/\">arquitectura con calidad y desde una perspectiva vanguardista<\/a>, algo que defendemos desde S&amp;P. Plantear estas intervenciones desde las estrategias de la arquitectura bioclima\u0301tica convierte un proyecto de rehabilitacio\u0301n en una accio\u0301n redonda.<\/p>\n<h2><span class=\"ez-toc-section\" id=\"El_caso_de_exito_del_Centro_Civico_Cristalleries_Planell\"><\/span>El caso de \u00e9xito del Centro C\u00edvico Cristalleries Planell<span class=\"ez-toc-section-end\"><\/span><\/h2>\n<p>Un caso ejemplar de esta manera de proceder es el <a href=\"http:\/\/www.harquitectes.com\/projectes\/centre-civic-cristalerias-planell-barcelona\/\" target=\"_blank\" rel=\"noopener noreferrer\">Centro Ci\u0301vico Cristalleries Planell<\/a>, en Les Corts, Barcelona, disen\u0303ado por <a href=\"http:\/\/www.harquitectes.com\/\" target=\"_blank\" rel=\"noopener noreferrer\">H Arquitectes<\/a> y ganador de la <a href=\"http:\/\/www.premiomapei.es\/edicion-2017\/\" target=\"_blank\" rel=\"noopener noreferrer\">I Edicio\u0301n del Premio Mapei<\/a> a la Edificacio\u0301n Sostenible.<\/p>\n<p style=\"text-align: center;\"><img loading=\"lazy\" decoding=\"async\" class=\"alignnone wp-image-2890 size-full\" src=\"http:\/\/www.solerpalau.com\/es-es\/blog\/wp-content\/uploads\/2019\/07\/harquitectes-equipament-civic-cristalerias-planell.jpg\" alt=\"Centro Ci\u0301vico Cristalleries Planell - Te\u0301cnicas de la arquitectura biocli\u0301matica\" width=\"1600\" height=\"800\" \/><br \/><em>Centro Ci\u0301vico Cristalleries Planell, Barcelona. harquitectes.com<\/em><\/p>\n<h3>Retos del proyecto<\/h3>\n<p>En este caso nos enfrentamos si cabe a una situacio\u0301n ma\u0301s limitante que la podri\u0301amos encontrar en un proyecto tradicional de rehabilitacio\u0301n de vivienda. <b>Se trata de un edificio protegido y de cara\u0301cter industrial que ha de acoger usos muy diferentes a los del proyecto original.<\/b><\/p>\n<p>Al mismo tiempo debe garantizar el confort interior exigido en la normativa, respetando unas estrictas restricciones en cuanto al uso de materiales o la transformacio\u0301n de los espacios, debidas a su condicio\u0301n de bien patrimonial. Y todo esto desde un posicionamiento de partida basado en la implementacio\u0301n de propias t\u00e9cnicas de la arquitectura bioclima\u0301tica.<\/p>\n<h3>Resolverlos con las te\u0301cnicas de la arquitectura biocli\u0301matica<\/h3>\n<p>Este proyecto resuelve de manera impecable todos estos condicionantes desde el <a href=\"https:\/\/www.solerpalau.com\/blog\/es-es\/diseno-ecologico-integracion-eficiencia\/\">disen\u0303o ecolo\u0301gico<\/a>. El objetivo es dotar a los espacios de unas <b>condiciones de salubridad, iluminacio\u0301n y ventilacio\u0301n o\u0301ptimas<\/b> a trave\u0301s de la implementacio\u0301n de cuestiones ba\u0301sicas en la arquitectura, como usar la geometri\u0301a a favor de la ventilacio\u0301n, elegir los materiales oportunos o la inclusio\u0301n de ciertas estrategias tradicionales y efectivas.<\/p>\n<h3>Ventilaci\u00f3n en la arquitectura bioclim\u00e1tica<\/h3>\n<p>Asi\u0301, el conjunto del disen\u0303o va dirigido crear patios que iluminen y faciliten el movimiento del aire en el interior del edificio, apostando por los mecanismos de ventilacio\u0301n necesarios para favorecer la renovacio\u0301n de manera meca\u0301nica, utilizando estrategias tradicionales, como es el uso de chimeneas solares que extraen de manera meca\u0301nica el aire interior.<\/p>\n<h2><span class=\"ez-toc-section\" id=\"El_caso_de_exito_de_La_fabrica_del_sol\"><\/span><strong>El caso de \u00e9xito de La f\u00e1brica del sol<\/strong><span class=\"ez-toc-section-end\"><\/span><\/h2>\n<p>Otro proyecto de rehabilitacio\u0301n ati\u0301pico que cabe destacar es <a href=\"http:\/\/ajuntament.barcelona.cat\/lafabricadelsol\/es\" target=\"_blank\" rel=\"noopener noreferrer\">La Fa\u0301brica del Sol<\/a>, un equipamiento de educacio\u0301n ambiental perteneciente al a\u0301rea de Ecologi\u0301a, Urbanismo y Movilidad de la ciudad de Barcelona. En este caso se han aplicado tambie\u0301n medidas y soluciones propias de la arquitectura bioclima\u0301tica, siendo reconocida esta intervencio\u0301n con la ma\u0301xima calificacio\u0301n VERDE del <a href=\"https:\/\/gbce.es\/\" target=\"_blank\" rel=\"noopener noreferrer\">Green Building Council Espan\u0303a<\/a>. Esto es, la primera obra de rehabilitacio\u0301n en nuestro pai\u0301s que consigue la ma\u0301s alta certificacio\u0301n del Consejo para la Edificacio\u0301n Sostenible.<\/p>\n<p style=\"text-align: center;\"><img loading=\"lazy\" decoding=\"async\" class=\"alignnone wp-image-2891 size-full\" src=\"http:\/\/www.solerpalau.com\/es-es\/blog\/wp-content\/uploads\/2019\/07\/la-fabrica-del-sol-barcelona.jpg\" alt=\"La F\u00e1brica del Sol - Te\u0301cnicas de la arquitectura biocli\u0301matica\" width=\"1024\" height=\"683\" \/><br \/><em>La F\u00e1brica del Sol, Barcelona<\/em><\/p>\n<h3>La importancia de la calidad del aire interior<\/h3>\n<p>Es oportuno sen\u0303alar que entre las diferentes cuestiones que se evalu\u0301an para este certificado de importancia creciente, la <a href=\"https:\/\/www.solerpalau.com\/blog\/es-es\/estandares-calidad-aire\/\">calidad del ambiente interior<\/a> es uno de los puntos ma\u0301s extensos a considerar, ocupando la <b>eficacia de ventilacio\u0301n en espacios y la monitorizacio\u0301n de la calidad del aire<\/b> un lugar principal.<\/p>\n<p>Dicho esto, so\u0301lo los queda reforzar la idea de que aplicar las <b>t\u00e9cnicas de la arquitectura bioclima\u0301tica<\/b> en las obras de rehabilitacio\u0301n es una opcio\u0301n realista, viable y con grandes posibilidades, que nos acerca a las exigencias actuales. Trabajar la rehabilitacio\u0301n desde criterios bioclima\u0301ticos es proyectar en favor de la sostenibilidad, pero tambie\u0301n de la innovacio\u0301n y la excelencia.<\/p>\n<h2 class=\"p1\"><span class=\"ez-toc-section\" id=\"Ayudas_Europeas_Next_Generation_en_Ventilacion_Mecanica_Controlada_para_tu_proyecto\"><\/span><span class=\"s1\"><b>Ayudas Europeas Next Generation en Ventilaci\u00f3n Mec\u00e1nica Controlada para tu proyecto<\/b><\/span><span class=\"ez-toc-section-end\"><\/span><\/h2>\n<p class=\"p1\"><span class=\"s1\">La Uni\u00f3n Europea ha puesto a tu disposici\u00f3n un servicio de ayudas para fomentar la innovaci\u00f3n y la sostenibilidad.<\/span><\/p>\n<p class=\"p2\"><span class=\"s1\">Estas ayudas pueden representar una excelente oportunidad si eres una empresa o profesional del sector y deseas <b>subvencionar parte del coste del sistema<\/b> de ventilaci\u00f3n. Para ello es esencial conocer los requisitos, plazos y condiciones. Puedes conocer todos los detalles en <a href=\"https:\/\/info.solerpalau.com\/ayudas-next-generation-eficiencia-energetica-ventilacion\" target=\"_blank\" rel=\"noopener\"><span class=\"s2\">nuestra p\u00e1gina sobre las ayudas Next Generation EU<\/span><\/a>.<\/span><\/p>\n<p>\u00a0<\/p>\n\n\n<div class=\"hs-cta-embed hs-cta-simple-placeholder hs-cta-embed-171858476597\"\n  style=\"max-width:100%; max-height:100%; width:650px;height:335px\" data-hubspot-wrapper-cta-id=\"171858476597\">\n  <a href=\"https:\/\/cta-service-cms2.hubspot.com\/web-interactives\/public\/v1\/track\/redirect?encryptedPayload=AVxigLKH5ZG6RVsn7vBnae%2BNyVzQCBgX8UTzgz19pVUDTVK2N6ff8xnj4UUfq4Px6M%2FZisBeJSUtQTbFKw5czoitW42UKzUVK208pAaZMQndo4VVswgnjooUom1Dn4kb2LXSO8cG9b2ZRWLDDp9I1XZQDpF3vRGlxvJ1xD70zwxHScu%2BE6iO5R9DYNAOhVzew4Y%2F&#038;webInteractiveContentId=171858476597&#038;portalId=2009592\" target=\"_blank\" rel=\"noopener\" crossorigin=\"anonymous\">\n    <img decoding=\"async\" alt=\"ASESOR&Iacute;A T&Eacute;CNICA GRATUITA\" loading=\"lazy\" src=\"https:\/\/no-cache.hubspot.com\/cta\/default\/2009592\/interactive-171858476597.png\" style=\"height: 100%; width: 100%; object-fit: fill\"\n      onerror=\"this.style.display='none'\" \/>\n  <\/a>\n<\/div>\n\n","protected":false},"excerpt":{"rendered":"<p>Hemos asistido en los u\u0301ltimos an\u0303os a un cambio de paradigma en el que progresivamente la rehabilitacio\u0301n ha ido ganando terreno en el campo de la construccio\u0301n, particularmente en lo referido a la vivienda. Esto se ha visto reforzado tras la activacio\u0301n del Plan de Vivienda 2018-2021, que presta especial atencio\u0301n a la conservacio\u0301n de<\/p>\n","protected":false},"author":10,"featured_media":4252,"comment_status":"open","ping_status":"open","sticky":false,"template":"","format":"standard","meta":{"_acf_changed":false,"footnotes":""},"categories":[3],"tags":[],"class_list":["post-5612","post","type-post","status-publish","format-standard","has-post-thumbnail","hentry","category-sostenibilidad-y-eficiencia-energetica"],"acf":[],"yoast_head":"<!-- This site is optimized with the Yoast SEO plugin v26.1 - https:\/\/yoast.com\/wordpress\/plugins\/seo\/ -->\n<title>Las te\u0301cnicas de la arquitectura biocli\u0301matica en la rehabilitacio\u0301n | S&amp;P<\/title>\n<meta name=\"description\" content=\"Cambio de paradigma con las te\u0301cnicas de la arquitectura biocli\u0301matica en la construccio\u0301n hacia la eficiencia energe\u0301tica y su sostenibilidad ambiental.\" \/>\n<meta name=\"robots\" content=\"index, follow, max-snippet:-1, max-image-preview:large, max-video-preview:-1\" \/>\n<link rel=\"canonical\" href=\"https:\/\/www.solerpalau.com\/blog\/es-es\/tecnicas-arquitectura-bioclimatica\/\" \/>\n<meta property=\"og:locale\" content=\"es_ES\" \/>\n<meta property=\"og:type\" content=\"article\" \/>\n<meta property=\"og:title\" content=\"Las te\u0301cnicas de la arquitectura biocli\u0301matica en la rehabilitacio\u0301n | S&amp;P\" \/>\n<meta property=\"og:description\" content=\"Cambio de paradigma con las te\u0301cnicas de la arquitectura biocli\u0301matica en la construccio\u0301n hacia la eficiencia energe\u0301tica y su sostenibilidad ambiental.\" \/>\n<meta property=\"og:url\" content=\"https:\/\/www.solerpalau.com\/blog\/es-es\/tecnicas-arquitectura-bioclimatica\/\" \/>\n<meta property=\"og:site_name\" content=\"S&amp;P Sistemas de Ventilaci\u00f3n\" \/>\n<meta property=\"article:published_time\" content=\"2019-07-22T03:55:40+00:00\" \/>\n<meta property=\"article:modified_time\" content=\"2025-06-30T12:39:54+00:00\" \/>\n<meta property=\"og:image\" content=\"https:\/\/www.solerpalau.com\/blog\/es-es\/wp-content\/uploads\/sites\/3\/2025\/06\/arquitectura-bioclimatica-1.jpg\" \/>\n\t<meta property=\"og:image:width\" content=\"1200\" \/>\n\t<meta property=\"og:image:height\" content=\"568\" \/>\n\t<meta property=\"og:image:type\" content=\"image\/jpeg\" \/>\n<meta name=\"author\" content=\"S&amp;P\" \/>\n<meta name=\"twitter:card\" content=\"summary_large_image\" \/>\n<meta name=\"twitter:label1\" content=\"Escrito por\" \/>\n\t<meta name=\"twitter:data1\" content=\"S&amp;P\" \/>\n\t<meta name=\"twitter:label2\" content=\"Tiempo de lectura\" \/>\n\t<meta name=\"twitter:data2\" content=\"5 minutos\" \/>\n<!-- \/ Yoast SEO plugin. -->","yoast_head_json":{"title":"Las te\u0301cnicas de la arquitectura biocli\u0301matica en la rehabilitacio\u0301n | S&P","description":"Cambio de paradigma con las te\u0301cnicas de la arquitectura biocli\u0301matica en la construccio\u0301n hacia la eficiencia energe\u0301tica y su sostenibilidad ambiental.","robots":{"index":"index","follow":"follow","max-snippet":"max-snippet:-1","max-image-preview":"max-image-preview:large","max-video-preview":"max-video-preview:-1"},"canonical":"https:\/\/www.solerpalau.com\/blog\/es-es\/tecnicas-arquitectura-bioclimatica\/","og_locale":"es_ES","og_type":"article","og_title":"Las te\u0301cnicas de la arquitectura biocli\u0301matica en la rehabilitacio\u0301n | S&P","og_description":"Cambio de paradigma con las te\u0301cnicas de la arquitectura biocli\u0301matica en la construccio\u0301n hacia la eficiencia energe\u0301tica y su sostenibilidad ambiental.","og_url":"https:\/\/www.solerpalau.com\/blog\/es-es\/tecnicas-arquitectura-bioclimatica\/","og_site_name":"S&amp;P Sistemas de Ventilaci\u00f3n","article_published_time":"2019-07-22T03:55:40+00:00","article_modified_time":"2025-06-30T12:39:54+00:00","og_image":[{"width":1200,"height":568,"url":"https:\/\/www.solerpalau.com\/blog\/es-es\/wp-content\/uploads\/sites\/3\/2025\/06\/arquitectura-bioclimatica-1.jpg","type":"image\/jpeg"}],"author":"S&amp;P","twitter_card":"summary_large_image","twitter_misc":{"Escrito por":"S&amp;P","Tiempo de lectura":"5 minutos"},"schema":{"@context":"https:\/\/schema.org","@graph":[{"@type":"WebPage","@id":"https:\/\/www.solerpalau.com\/blog\/es-es\/tecnicas-arquitectura-bioclimatica\/","url":"https:\/\/www.solerpalau.com\/blog\/es-es\/tecnicas-arquitectura-bioclimatica\/","name":"Las te\u0301cnicas de la arquitectura biocli\u0301matica en la rehabilitacio\u0301n | S&P","isPartOf":{"@id":"https:\/\/www.solerpalau.com\/blog\/es-es\/#website"},"primaryImageOfPage":{"@id":"https:\/\/www.solerpalau.com\/blog\/es-es\/tecnicas-arquitectura-bioclimatica\/#primaryimage"},"image":{"@id":"https:\/\/www.solerpalau.com\/blog\/es-es\/tecnicas-arquitectura-bioclimatica\/#primaryimage"},"thumbnailUrl":"https:\/\/www.solerpalau.com\/blog\/es-es\/wp-content\/uploads\/sites\/3\/2025\/06\/arquitectura-bioclimatica-1.jpg","datePublished":"2019-07-22T03:55:40+00:00","dateModified":"2025-06-30T12:39:54+00:00","author":{"@id":"https:\/\/www.solerpalau.com\/blog\/es-es\/#\/schema\/person\/a649fcc0fccdca5446ea2bc371ad5cb9"},"description":"Cambio de paradigma con las te\u0301cnicas de la arquitectura biocli\u0301matica en la construccio\u0301n hacia la eficiencia energe\u0301tica y su sostenibilidad ambiental.","breadcrumb":{"@id":"https:\/\/www.solerpalau.com\/blog\/es-es\/tecnicas-arquitectura-bioclimatica\/#breadcrumb"},"inLanguage":"es","potentialAction":[{"@type":"ReadAction","target":["https:\/\/www.solerpalau.com\/blog\/es-es\/tecnicas-arquitectura-bioclimatica\/"]}]},{"@type":"ImageObject","inLanguage":"es","@id":"https:\/\/www.solerpalau.com\/blog\/es-es\/tecnicas-arquitectura-bioclimatica\/#primaryimage","url":"https:\/\/www.solerpalau.com\/blog\/es-es\/wp-content\/uploads\/sites\/3\/2025\/06\/arquitectura-bioclimatica-1.jpg","contentUrl":"https:\/\/www.solerpalau.com\/blog\/es-es\/wp-content\/uploads\/sites\/3\/2025\/06\/arquitectura-bioclimatica-1.jpg","width":1200,"height":568,"caption":"Te\u0301cnicas de la arquitectura biocli\u0301matica"},{"@type":"BreadcrumbList","@id":"https:\/\/www.solerpalau.com\/blog\/es-es\/tecnicas-arquitectura-bioclimatica\/#breadcrumb","itemListElement":[{"@type":"ListItem","position":1,"name":"Inicio","item":"https:\/\/www.solerpalau.com\/blog\/es-es\/"},{"@type":"ListItem","position":2,"name":"Las te\u0301cnicas de la arquitectura biocli\u0301matica en la rehabilitacio\u0301n"}]},{"@type":"WebSite","@id":"https:\/\/www.solerpalau.com\/blog\/es-es\/#website","url":"https:\/\/www.solerpalau.com\/blog\/es-es\/","name":"S&amp;P Sistemas de Ventilaci\u00f3n","description":"El Blog de ventilaci\u00f3n eficiente para una mejor calidad del aire","potentialAction":[{"@type":"SearchAction","target":{"@type":"EntryPoint","urlTemplate":"https:\/\/www.solerpalau.com\/blog\/es-es\/?s={search_term_string}"},"query-input":{"@type":"PropertyValueSpecification","valueRequired":true,"valueName":"search_term_string"}}],"inLanguage":"es"},{"@type":"Person","@id":"https:\/\/www.solerpalau.com\/blog\/es-es\/#\/schema\/person\/a649fcc0fccdca5446ea2bc371ad5cb9","name":"S&amp;P","image":{"@type":"ImageObject","inLanguage":"es","@id":"https:\/\/www.solerpalau.com\/blog\/es-es\/#\/schema\/person\/image\/","url":"https:\/\/secure.gravatar.com\/avatar\/994644236667321375ba4d21a34a002e2bcfd7b33a114caa4c9dc488ece6c970?s=96&d=mm&r=g","contentUrl":"https:\/\/secure.gravatar.com\/avatar\/994644236667321375ba4d21a34a002e2bcfd7b33a114caa4c9dc488ece6c970?s=96&d=mm&r=g","caption":"S&amp;P"},"url":"https:\/\/www.solerpalau.com\/blog\/es-es\/author\/binaria\/"}]}},"reading_time":"<span class=\"span-reading-time rt-reading-time\"><span class=\"rt-label rt-prefix\"><\/span> <span class=\"rt-time\"> 4<\/span> <span class=\"rt-label rt-postfix\"> min. de lectura<\/span><\/span>","_links":{"self":[{"href":"https:\/\/www.solerpalau.com\/blog\/es-es\/wp-json\/wp\/v2\/posts\/5612","targetHints":{"allow":["GET"]}}],"collection":[{"href":"https:\/\/www.solerpalau.com\/blog\/es-es\/wp-json\/wp\/v2\/posts"}],"about":[{"href":"https:\/\/www.solerpalau.com\/blog\/es-es\/wp-json\/wp\/v2\/types\/post"}],"author":[{"embeddable":true,"href":"https:\/\/www.solerpalau.com\/blog\/es-es\/wp-json\/wp\/v2\/users\/10"}],"replies":[{"embeddable":true,"href":"https:\/\/www.solerpalau.com\/blog\/es-es\/wp-json\/wp\/v2\/comments?post=5612"}],"version-history":[{"count":1,"href":"https:\/\/www.solerpalau.com\/blog\/es-es\/wp-json\/wp\/v2\/posts\/5612\/revisions"}],"predecessor-version":[{"id":6113,"href":"https:\/\/www.solerpalau.com\/blog\/es-es\/wp-json\/wp\/v2\/posts\/5612\/revisions\/6113"}],"wp:featuredmedia":[{"embeddable":true,"href":"https:\/\/www.solerpalau.com\/blog\/es-es\/wp-json\/wp\/v2\/media\/4252"}],"wp:attachment":[{"href":"https:\/\/www.solerpalau.com\/blog\/es-es\/wp-json\/wp\/v2\/media?parent=5612"}],"wp:term":[{"taxonomy":"category","embeddable":true,"href":"https:\/\/www.solerpalau.com\/blog\/es-es\/wp-json\/wp\/v2\/categories?post=5612"},{"taxonomy":"post_tag","embeddable":true,"href":"https:\/\/www.solerpalau.com\/blog\/es-es\/wp-json\/wp\/v2\/tags?post=5612"}],"curies":[{"name":"wp","href":"https:\/\/api.w.org\/{rel}","templated":true}]}}