{"id":5681,"date":"2021-02-08T15:17:27","date_gmt":"2021-02-08T14:17:27","guid":{"rendered":"https:\/\/www.solerpalau.com\/blog\/es-es\/2021\/02\/08\/eficiencia-energetica-europa\/"},"modified":"2025-06-30T14:40:03","modified_gmt":"2025-06-30T12:40:03","slug":"eficiencia-energetica-europa","status":"publish","type":"post","link":"https:\/\/www.solerpalau.com\/blog\/es-es\/eficiencia-energetica-europa\/","title":{"rendered":"La eficiencia energ\u00e9tica en Europa"},"content":{"rendered":"<p class=\"p1\"><span class=\"s1\">La Uni\u00f3n Europea est\u00e1 inmersa en numerosos retos trascendentales. Sin duda, uno de los m\u00e1s apasionantes e importantes es su compromiso con la sostenibilidad del planeta, articulado a trav\u00e9s del llamado Pacto Verde Europeo (<i>Green Deal<\/i>). Se trata de un plan estrat\u00e9gico que aborda, entre otros asuntos, la <b>eficiencia energ\u00e9tica en Europa<\/b>. El objetivo final es muy ambicioso: alcanzar la neutralidad en las emisiones de carbono para 2050. Analizamos las principales l\u00edneas de actuaci\u00f3n que propone.<\/span><!--more--><\/p><div id=\"ez-toc-container\" class=\"ez-toc-v2_0_76 counter-hierarchy ez-toc-counter ez-toc-custom ez-toc-container-direction\">\n<div class=\"ez-toc-title-container\">\n<p class=\"ez-toc-title\" style=\"cursor:inherit\">Tabla de contenidos<\/p>\n<span class=\"ez-toc-title-toggle\"><\/span><\/div>\n<nav><ul class='ez-toc-list ez-toc-list-level-1 ' ><li class='ez-toc-page-1 ez-toc-heading-level-2'><a class=\"ez-toc-link ez-toc-heading-1\" href=\"https:\/\/www.solerpalau.com\/blog\/es-es\/eficiencia-energetica-europa\/#Planes_europeos_de_eficiencia_energetica_%C2%BFque_es_el_Pacto_Verde\" >Planes europeos de eficiencia energ\u00e9tica: \u00bfqu\u00e9 es el Pacto Verde?<\/a><\/li><li class='ez-toc-page-1 ez-toc-heading-level-2'><a class=\"ez-toc-link ez-toc-heading-2\" href=\"https:\/\/www.solerpalau.com\/blog\/es-es\/eficiencia-energetica-europa\/#%C2%BFComo_se_concretan_los_planes_europeos_de_eficiencia_energetica\" >\u00bfC\u00f3mo se concretan los planes europeos de eficiencia energ\u00e9tica?<\/a><\/li><li class='ez-toc-page-1 ez-toc-heading-level-2'><a class=\"ez-toc-link ez-toc-heading-3\" href=\"https:\/\/www.solerpalau.com\/blog\/es-es\/eficiencia-energetica-europa\/#Ayudas_Europeas_Next_Generation_en_Ventilacion_Mecanica_Controlada_para_tu_proyecto\" >Ayudas Europeas Next Generation en Ventilaci\u00f3n Mec\u00e1nica Controlada para tu proyecto<\/a><\/li><li class='ez-toc-page-1 ez-toc-heading-level-2'><a class=\"ez-toc-link ez-toc-heading-4\" href=\"https:\/\/www.solerpalau.com\/blog\/es-es\/eficiencia-energetica-europa\/#Ventilacion_inteligente_una_inversion_en_sostenibilidad\" >Ventilaci\u00f3n inteligente, una inversi\u00f3n en sostenibilidad<\/a><\/li><\/ul><\/nav><\/div>\n\n<h2 class=\"p2\"><span class=\"ez-toc-section\" id=\"Planes_europeos_de_eficiencia_energetica_%C2%BFque_es_el_Pacto_Verde\"><\/span><span class=\"s1\"><b>Planes europeos de eficiencia energ\u00e9tica: \u00bfqu\u00e9 es el Pacto Verde?<\/b><\/span><span class=\"ez-toc-section-end\"><\/span><\/h2>\n<p class=\"p1\"><span class=\"s1\">Conviene empezar recordando qu\u00e9 es el <a href=\"https:\/\/www.solerpalau.com\/blog\/es-es\/pacto-verde-europeo\/\"><span class=\"s2\">Pacto Verde<\/span> <\/a>en l\u00edneas generales. Este acuerdo surge como consecuencia de la constataci\u00f3n desde las instituciones europeas de la degradaci\u00f3n que sufre el medio ambiente y de la imparable evoluci\u00f3n del cambio clim\u00e1tico, con sus terribles consecuencias para el planeta. En este contexto, la Comisi\u00f3n Europea present\u00f3 en el a\u00f1o 2019 su propio plan para frenar esta situaci\u00f3n, basado en el compromiso de conseguir una <b>Europa de econom\u00eda sostenible y clim\u00e1ticamente neutra<\/b>.<\/span><\/p>\n<p class=\"p1\"><span class=\"s1\">Este compromiso apunta a una transformaci\u00f3n del modelo econ\u00f3mico europeo que se asiente sobre el <b>uso eficiente de los recursos energ\u00e9ticos<\/b>, de forma que se vayan reduciendo progresivamente las emisiones de CO<\/span><span class=\"s3\"><sub>2<\/sub><\/span><span class=\"s1\"> a la atm\u00f3sfera hasta alcanzar la meta de la <b>huella cero de carbono<\/b>. En este proyecto no solo se pretende implicar a los gobiernos, tambi\u00e9n es clave el compromiso de los ciudadanos particulares, las instituciones y todos los agentes sociales.<\/span><\/p>\n<h2 class=\"p2\"><span class=\"ez-toc-section\" id=\"%C2%BFComo_se_concretan_los_planes_europeos_de_eficiencia_energetica\"><\/span><span class=\"s1\"><b>\u00bfC\u00f3mo se concretan los planes europeos de eficiencia energ\u00e9tica?<\/b><\/span><span class=\"ez-toc-section-end\"><\/span><\/h2>\n<p class=\"p1\"><span class=\"s1\">Indudablemente, el Pacto Verde se ha dise\u00f1ado como una estrategia global, en la que se tienen que producir cambios en todos los \u00e1mbitos econ\u00f3micos y en todas las actividades sociales. Algunos de estos puntos de actuaci\u00f3n revisten una especial importancia, como las siguientes propuestas:<\/span><\/p>\n<ul class=\"ul1\">\n<li class=\"li3\"><span class=\"s1\">La necesaria inversi\u00f3n en tecnolog\u00edas que respeten el medio ambiente.<br \/><\/span><\/li>\n<li class=\"li3\"><span class=\"s1\">Renovaci\u00f3n de las flotas de transporte p\u00fablico y apoyo al transporte privado para que se implanten los sistemas m\u00e1s limpios, saludables y baratos.<br \/><\/span><\/li>\n<li class=\"li3\"><span class=\"s1\">Acceso a herramientas de apoyo en el sector industrial para que se invierta en innovaci\u00f3n, siempre dentro de pol\u00edticas que garanticen la sostenibilidad.<br \/><\/span><\/li>\n<li class=\"li3\"><i><\/i><span class=\"s1\"><i>Descarbonizaci\u00f3n<\/i> progresiva de la energ\u00eda, hasta llegar a las emisiones cero.<br \/><\/span><\/li>\n<li class=\"li3\"><span class=\"s1\">La imprescindible colaboraci\u00f3n entre gobiernos y pa\u00edses para adoptar en todos los rincones del planeta actuaciones comunes o similares.<br \/><\/span><\/li>\n<li class=\"li1\"><span class=\"s1\">Adopci\u00f3n de un papel relevante de las <a href=\"https:\/\/www.solerpalau.com\/blog\/es-es\/barrios-mas-sostenibles\/\"><span class=\"s2\">edificaciones sostenibles<\/span><\/a> para la eficiencia energ\u00e9tica.<br \/><\/span><\/li>\n<\/ul>\n<h3 class=\"p2\"><span class=\"s1\"><b>Los edificios y ciudades convertidos en pieza clave de la eficiencia energ\u00e9tica en Europa<\/b><\/span><\/h3>\n<p class=\"p1\"><span class=\"s1\">La evoluci\u00f3n de la Humanidad no puede desligarse de la actividad de la construcci\u00f3n. <b>Edificamos espacios para trabajar, para vivir y para relacionarnos<\/b>. De hecho, pasamos la mayor parte de nuestro tiempo en lugares cerrados. Adem\u00e1s, vivimos integrados en n\u00facleos poblacionales cada vez de mayores dimensiones. Sin duda, un plan estrat\u00e9gico de eficiencia energ\u00e9tica en Europa tiene que poner su foco en nuestros edificios y ciudades.<\/span><\/p>\n<p class=\"p1\"><span class=\"s1\">En el Pacto Verde se asumen cambios, en primer lugar, relativos a la forma de edificar. En esta l\u00ednea, resulta especialmente innovadora la apuesta por una <a href=\"https:\/\/www.solerpalau.com\/blog\/es-es\/economia-circular-construccion\/\"><span class=\"s2\">econom\u00eda circular en la construcci\u00f3n<\/span><\/a>, pero, sobre todo, la mayor revoluci\u00f3n viene de la mano del concepto de los \u201cedificios verdes\u201d, construcciones dise\u00f1adas para optimizar la eficiencia energ\u00e9tica y respetar el medio ambiente. Algunos datos refuerzan la idea de hasta qu\u00e9 punto son necesarias estas medidas, debido a que los inmuebles acaparan hasta el 40% del consumo de energ\u00eda en Europa y son los responsables del 36% de las emisiones de gases de efecto invernadero. Hogares, colegios, centros de trabajo, oficinas&#8230; Conseguir que reduzcan su gasto energ\u00e9tico sin mermar las condiciones de salubridad y de confort en su interior es uno de los retos de este plan sostenible europeo.<\/span><\/p>\n<h2><span class=\"ez-toc-section\" id=\"Ayudas_Europeas_Next_Generation_en_Ventilacion_Mecanica_Controlada_para_tu_proyecto\"><\/span><b>Ayudas Europeas Next Generation en Ventilaci\u00f3n Mec\u00e1nica Controlada para tu proyecto<\/b><span class=\"ez-toc-section-end\"><\/span><\/h2>\n<p><span style=\"font-weight: 400;\">La Uni\u00f3n Europea ha puesto a tu disposici\u00f3n un servicio de ayudas para fomentar la innovaci\u00f3n y la sostenibilidad.<\/span><\/p>\n<p><span style=\"font-weight: 400;\">Estas ayudas pueden representar una excelente oportunidad si eres una empresa o profesional del sector y deseas <\/span><b>subvencionar parte del coste del sistema<\/b><span style=\"font-weight: 400;\"> de ventilaci\u00f3n. Para ello es esencial conocer los requisitos, plazos y condiciones. Puedes conocer todos los detalles en <\/span><a href=\"https:\/\/info.solerpalau.com\/ayudas-next-generation-eficiencia-energetica-ventilacion\" target=\"_blank\" rel=\"noopener\"><span style=\"font-weight: 400;\">nuestra p\u00e1gina sobre las ayudas Next Generation EU.<\/span><\/a><\/p>\n<h2 class=\"p2\"><span class=\"ez-toc-section\" id=\"Ventilacion_inteligente_una_inversion_en_sostenibilidad\"><\/span><span class=\"s1\"><b>Ventilaci\u00f3n inteligente, una inversi\u00f3n en sostenibilidad<\/b><\/span><span class=\"ez-toc-section-end\"><\/span><\/h2>\n<p class=\"p1\"><span class=\"s1\">El mayor consumo energ\u00e9tico que se produce en los edificios, tanto en los residenciales como en los de uso comunitario, deriva del gasto en calefacciones, aires acondicionados y sistemas de climatizaci\u00f3n en general. Es decir, todo lo que contribuye a garantizar la salubridad ambiental y el confort t\u00e9rmico. El Pacto Verde no pretende que renunciemos a esas comodidades que, adem\u00e1s, tienen un impacto positivo en nuestra salud.<\/span><\/p>\n<p class=\"p1\"><span class=\"s1\">Una de las acciones que se promueven desde las instituciones europeas es <b>la financiaci\u00f3n de proyectos para la rehabilitaci\u00f3n de edificios antiguos <\/b>con reformas orientadas en dos l\u00edneas: por una parte, reforzar la <b>hermeticidad y el aislamiento t\u00e9rmico<\/b> y, por otra, favorecer la instalaci\u00f3n de sistemas de <b>ventilaci\u00f3n inteligente<\/b>, especialmente f\u00f3rmulas como el doble flujo y los <a href=\"https:\/\/www.solerpalau.com\/blog\/es-es\/ventilacion-recuperador-calor\/\"><span class=\"s4\">recuperadores de calor<\/span><\/a>. Estos dispositivos regulan la temperatura a la vez que garantizan una \u00f3ptima calidad del aire de los espacios interiores. Estas reformas est\u00e1n dando tan buenos resultados que ya se prev\u00e9 una nueva ola de renovaci\u00f3n de edificios, bajo el paraguas de ayudas del Banco Europeo de Inversiones.<\/span><\/p>\n<p class=\"p1\"><span class=\"s1\">El Pacto Verde es un proyecto que ya est\u00e1 aportando beneficios positivos sobre la calidad de vida de todos nosotros. En concreto, desde que se comenzaron a implantar las primeras exigencias introducidas en las normativas de construcci\u00f3n, se calcula que los nuevos edificios han reducido a la mitad el consumo energ\u00e9tico, comparado con el gasto de sus hom\u00f3logos, construidos en la d\u00e9cada de los 80 sin estas medidas de eficiencia energ\u00e9tica. Es solo la punta del iceberg de los avances en sostenibilidad que traer\u00e1n estos Planes Europeos de Eficiencia Energ\u00e9tica.<\/span><\/p>\n\n\n<!--HubSpot Call-to-Action Code --><span class=\"hs-cta-wrapper\" id=\"hs-cta-wrapper-81ce75ed-7a8b-4fcc-99e6-efd04a1404a0\"><span class=\"hs-cta-node hs-cta-81ce75ed-7a8b-4fcc-99e6-efd04a1404a0\" id=\"hs-cta-81ce75ed-7a8b-4fcc-99e6-efd04a1404a0\"><!--[if lte IE 8]><div id=\"hs-cta-ie-element\"><\/div><![endif]--><a href=\"https:\/\/cta-redirect.hubspot.com\/cta\/redirect\/2009592\/81ce75ed-7a8b-4fcc-99e6-efd04a1404a0\" target=\"_blank\" rel=\"noopener\"><img decoding=\"async\" class=\"hs-cta-img\" id=\"hs-cta-img-81ce75ed-7a8b-4fcc-99e6-efd04a1404a0\" style=\"border-width:0px;\" src=\"https:\/\/no-cache.hubspot.com\/cta\/default\/2009592\/81ce75ed-7a8b-4fcc-99e6-efd04a1404a0.png\"  alt=\"Conceptos b\u00e1sicos de la ventilaci\u00f3n\"\/><\/a><\/span><\/span><!-- end HubSpot Call-to-Action Code -->\n","protected":false},"excerpt":{"rendered":"<p>La Uni\u00f3n Europea est\u00e1 inmersa en numerosos retos trascendentales. Sin duda, uno de los m\u00e1s apasionantes e importantes es su compromiso con la sostenibilidad del planeta, articulado a trav\u00e9s del llamado Pacto Verde Europeo (Green Deal). Se trata de un plan estrat\u00e9gico que aborda, entre otros asuntos, la eficiencia energ\u00e9tica en Europa. El objetivo final<\/p>\n","protected":false},"author":10,"featured_media":4396,"comment_status":"open","ping_status":"open","sticky":false,"template":"","format":"standard","meta":{"_acf_changed":false,"footnotes":""},"categories":[3],"tags":[],"class_list":["post-5681","post","type-post","status-publish","format-standard","has-post-thumbnail","hentry","category-sostenibilidad-y-eficiencia-energetica"],"acf":[],"yoast_head":"<!-- This site is optimized with the Yoast SEO plugin v26.1 - https:\/\/yoast.com\/wordpress\/plugins\/seo\/ -->\n<title>La eficiencia energ\u00e9tica en Europa | S&amp;P<\/title>\n<meta name=\"description\" content=\"La Uni\u00f3n Europea est\u00e1 inmersa en numerosos retos. Uno de los m\u00e1s apasionantes es un plan estrat\u00e9gico que aborda la eficiencia energ\u00e9tica en Europa.\" \/>\n<meta name=\"robots\" content=\"index, follow, max-snippet:-1, max-image-preview:large, max-video-preview:-1\" \/>\n<link rel=\"canonical\" href=\"https:\/\/www.solerpalau.com\/blog\/es-es\/eficiencia-energetica-europa\/\" \/>\n<meta property=\"og:locale\" content=\"es_ES\" \/>\n<meta property=\"og:type\" content=\"article\" \/>\n<meta property=\"og:title\" content=\"La eficiencia energ\u00e9tica en Europa | S&amp;P\" \/>\n<meta property=\"og:description\" content=\"La Uni\u00f3n Europea est\u00e1 inmersa en numerosos retos. Uno de los m\u00e1s apasionantes es un plan estrat\u00e9gico que aborda la eficiencia energ\u00e9tica en Europa.\" \/>\n<meta property=\"og:url\" content=\"https:\/\/www.solerpalau.com\/blog\/es-es\/eficiencia-energetica-europa\/\" \/>\n<meta property=\"og:site_name\" content=\"S&amp;P Sistemas de Ventilaci\u00f3n\" \/>\n<meta property=\"article:published_time\" content=\"2021-02-08T14:17:27+00:00\" \/>\n<meta property=\"article:modified_time\" content=\"2025-06-30T12:40:03+00:00\" \/>\n<meta property=\"og:image\" content=\"https:\/\/www.solerpalau.com\/blog\/es-es\/wp-content\/uploads\/sites\/3\/2025\/06\/eficiencia-energetica-europa.jpg\" \/>\n\t<meta property=\"og:image:width\" content=\"1200\" \/>\n\t<meta property=\"og:image:height\" content=\"630\" \/>\n\t<meta property=\"og:image:type\" content=\"image\/jpeg\" \/>\n<meta name=\"author\" content=\"S&amp;P\" \/>\n<meta name=\"twitter:card\" content=\"summary_large_image\" \/>\n<meta name=\"twitter:label1\" content=\"Escrito por\" \/>\n\t<meta name=\"twitter:data1\" content=\"S&amp;P\" \/>\n\t<meta name=\"twitter:label2\" content=\"Tiempo de lectura\" \/>\n\t<meta name=\"twitter:data2\" content=\"5 minutos\" \/>\n<!-- \/ Yoast SEO plugin. -->","yoast_head_json":{"title":"La eficiencia energ\u00e9tica en Europa | S&P","description":"La Uni\u00f3n Europea est\u00e1 inmersa en numerosos retos. Uno de los m\u00e1s apasionantes es un plan estrat\u00e9gico que aborda la eficiencia energ\u00e9tica en Europa.","robots":{"index":"index","follow":"follow","max-snippet":"max-snippet:-1","max-image-preview":"max-image-preview:large","max-video-preview":"max-video-preview:-1"},"canonical":"https:\/\/www.solerpalau.com\/blog\/es-es\/eficiencia-energetica-europa\/","og_locale":"es_ES","og_type":"article","og_title":"La eficiencia energ\u00e9tica en Europa | S&P","og_description":"La Uni\u00f3n Europea est\u00e1 inmersa en numerosos retos. Uno de los m\u00e1s apasionantes es un plan estrat\u00e9gico que aborda la eficiencia energ\u00e9tica en Europa.","og_url":"https:\/\/www.solerpalau.com\/blog\/es-es\/eficiencia-energetica-europa\/","og_site_name":"S&amp;P Sistemas de Ventilaci\u00f3n","article_published_time":"2021-02-08T14:17:27+00:00","article_modified_time":"2025-06-30T12:40:03+00:00","og_image":[{"width":1200,"height":630,"url":"https:\/\/www.solerpalau.com\/blog\/es-es\/wp-content\/uploads\/sites\/3\/2025\/06\/eficiencia-energetica-europa.jpg","type":"image\/jpeg"}],"author":"S&amp;P","twitter_card":"summary_large_image","twitter_misc":{"Escrito por":"S&amp;P","Tiempo de lectura":"5 minutos"},"schema":{"@context":"https:\/\/schema.org","@graph":[{"@type":"WebPage","@id":"https:\/\/www.solerpalau.com\/blog\/es-es\/eficiencia-energetica-europa\/","url":"https:\/\/www.solerpalau.com\/blog\/es-es\/eficiencia-energetica-europa\/","name":"La eficiencia energ\u00e9tica en Europa | S&P","isPartOf":{"@id":"https:\/\/www.solerpalau.com\/blog\/es-es\/#website"},"primaryImageOfPage":{"@id":"https:\/\/www.solerpalau.com\/blog\/es-es\/eficiencia-energetica-europa\/#primaryimage"},"image":{"@id":"https:\/\/www.solerpalau.com\/blog\/es-es\/eficiencia-energetica-europa\/#primaryimage"},"thumbnailUrl":"https:\/\/www.solerpalau.com\/blog\/es-es\/wp-content\/uploads\/sites\/3\/2025\/06\/eficiencia-energetica-europa.jpg","datePublished":"2021-02-08T14:17:27+00:00","dateModified":"2025-06-30T12:40:03+00:00","author":{"@id":"https:\/\/www.solerpalau.com\/blog\/es-es\/#\/schema\/person\/a649fcc0fccdca5446ea2bc371ad5cb9"},"description":"La Uni\u00f3n Europea est\u00e1 inmersa en numerosos retos. Uno de los m\u00e1s apasionantes es un plan estrat\u00e9gico que aborda la eficiencia energ\u00e9tica en Europa.","breadcrumb":{"@id":"https:\/\/www.solerpalau.com\/blog\/es-es\/eficiencia-energetica-europa\/#breadcrumb"},"inLanguage":"es","potentialAction":[{"@type":"ReadAction","target":["https:\/\/www.solerpalau.com\/blog\/es-es\/eficiencia-energetica-europa\/"]}]},{"@type":"ImageObject","inLanguage":"es","@id":"https:\/\/www.solerpalau.com\/blog\/es-es\/eficiencia-energetica-europa\/#primaryimage","url":"https:\/\/www.solerpalau.com\/blog\/es-es\/wp-content\/uploads\/sites\/3\/2025\/06\/eficiencia-energetica-europa.jpg","contentUrl":"https:\/\/www.solerpalau.com\/blog\/es-es\/wp-content\/uploads\/sites\/3\/2025\/06\/eficiencia-energetica-europa.jpg","width":1200,"height":630,"caption":"eficiencia energetica europa"},{"@type":"BreadcrumbList","@id":"https:\/\/www.solerpalau.com\/blog\/es-es\/eficiencia-energetica-europa\/#breadcrumb","itemListElement":[{"@type":"ListItem","position":1,"name":"Inicio","item":"https:\/\/www.solerpalau.com\/blog\/es-es\/"},{"@type":"ListItem","position":2,"name":"La eficiencia energ\u00e9tica en Europa"}]},{"@type":"WebSite","@id":"https:\/\/www.solerpalau.com\/blog\/es-es\/#website","url":"https:\/\/www.solerpalau.com\/blog\/es-es\/","name":"S&amp;P Sistemas de Ventilaci\u00f3n","description":"El Blog de ventilaci\u00f3n eficiente para una mejor calidad del aire","potentialAction":[{"@type":"SearchAction","target":{"@type":"EntryPoint","urlTemplate":"https:\/\/www.solerpalau.com\/blog\/es-es\/?s={search_term_string}"},"query-input":{"@type":"PropertyValueSpecification","valueRequired":true,"valueName":"search_term_string"}}],"inLanguage":"es"},{"@type":"Person","@id":"https:\/\/www.solerpalau.com\/blog\/es-es\/#\/schema\/person\/a649fcc0fccdca5446ea2bc371ad5cb9","name":"S&amp;P","image":{"@type":"ImageObject","inLanguage":"es","@id":"https:\/\/www.solerpalau.com\/blog\/es-es\/#\/schema\/person\/image\/","url":"https:\/\/secure.gravatar.com\/avatar\/994644236667321375ba4d21a34a002e2bcfd7b33a114caa4c9dc488ece6c970?s=96&d=mm&r=g","contentUrl":"https:\/\/secure.gravatar.com\/avatar\/994644236667321375ba4d21a34a002e2bcfd7b33a114caa4c9dc488ece6c970?s=96&d=mm&r=g","caption":"S&amp;P"},"url":"https:\/\/www.solerpalau.com\/blog\/es-es\/author\/binaria\/"}]}},"reading_time":"<span class=\"span-reading-time rt-reading-time\"><span class=\"rt-label rt-prefix\"><\/span> <span class=\"rt-time\"> 4<\/span> <span class=\"rt-label rt-postfix\"> min. de lectura<\/span><\/span>","_links":{"self":[{"href":"https:\/\/www.solerpalau.com\/blog\/es-es\/wp-json\/wp\/v2\/posts\/5681","targetHints":{"allow":["GET"]}}],"collection":[{"href":"https:\/\/www.solerpalau.com\/blog\/es-es\/wp-json\/wp\/v2\/posts"}],"about":[{"href":"https:\/\/www.solerpalau.com\/blog\/es-es\/wp-json\/wp\/v2\/types\/post"}],"author":[{"embeddable":true,"href":"https:\/\/www.solerpalau.com\/blog\/es-es\/wp-json\/wp\/v2\/users\/10"}],"replies":[{"embeddable":true,"href":"https:\/\/www.solerpalau.com\/blog\/es-es\/wp-json\/wp\/v2\/comments?post=5681"}],"version-history":[{"count":1,"href":"https:\/\/www.solerpalau.com\/blog\/es-es\/wp-json\/wp\/v2\/posts\/5681\/revisions"}],"predecessor-version":[{"id":6182,"href":"https:\/\/www.solerpalau.com\/blog\/es-es\/wp-json\/wp\/v2\/posts\/5681\/revisions\/6182"}],"wp:featuredmedia":[{"embeddable":true,"href":"https:\/\/www.solerpalau.com\/blog\/es-es\/wp-json\/wp\/v2\/media\/4396"}],"wp:attachment":[{"href":"https:\/\/www.solerpalau.com\/blog\/es-es\/wp-json\/wp\/v2\/media?parent=5681"}],"wp:term":[{"taxonomy":"category","embeddable":true,"href":"https:\/\/www.solerpalau.com\/blog\/es-es\/wp-json\/wp\/v2\/categories?post=5681"},{"taxonomy":"post_tag","embeddable":true,"href":"https:\/\/www.solerpalau.com\/blog\/es-es\/wp-json\/wp\/v2\/tags?post=5681"}],"curies":[{"name":"wp","href":"https:\/\/api.w.org\/{rel}","templated":true}]}}