{"id":5696,"date":"2021-05-26T11:37:23","date_gmt":"2021-05-26T09:37:23","guid":{"rendered":"https:\/\/www.solerpalau.com\/blog\/es-es\/2021\/05\/26\/normativa-ventilacion-colombia\/"},"modified":"2025-06-30T14:40:05","modified_gmt":"2025-06-30T12:40:05","slug":"normativa-ventilacion-colombia","status":"publish","type":"post","link":"https:\/\/www.solerpalau.com\/blog\/es-es\/normativa-ventilacion-colombia\/","title":{"rendered":"Normativas de ventilaci\u00f3n en Colombia"},"content":{"rendered":"<p><span style=\"font-weight: 400;\">Hace d\u00edas atr\u00e1s una empresa extranjera nos contact\u00f3 por nuestra p\u00e1gina en Europa y su requerimiento dec\u00eda que necesitaba informaci\u00f3n sobre normas para dise\u00f1o de ventilaci\u00f3n mec\u00e1nica en Colombia. Viendo esto decidimos darles una mano, pero as\u00ed mismo, esta solicitud tambi\u00e9n despert\u00f3 nuestra inquietud, ya que hemos visto muchos dise\u00f1os y no se habla de normas NTC (Norma T\u00e9cnica Colombiana) o c\u00f3digos Colombianos, por lo tanto, empezamos a recopilar la informaci\u00f3n que ten\u00edamos, adicionalmente, nos apoyamos en algunas de las empresas de m\u00e1s grandes de dise\u00f1o del pa\u00eds y as\u00ed poder ayudarles de la mejor manera. Y esto fue lo que encontramos.<\/span><!--more--><\/p><div id=\"ez-toc-container\" class=\"ez-toc-v2_0_76 counter-hierarchy ez-toc-counter ez-toc-custom ez-toc-container-direction\">\n<div class=\"ez-toc-title-container\">\n<p class=\"ez-toc-title\" style=\"cursor:inherit\">Tabla de contenidos<\/p>\n<span class=\"ez-toc-title-toggle\"><\/span><\/div>\n<nav><ul class='ez-toc-list ez-toc-list-level-1 ' ><li class='ez-toc-page-1 ez-toc-heading-level-2'><a class=\"ez-toc-link ez-toc-heading-1\" href=\"https:\/\/www.solerpalau.com\/blog\/es-es\/normativa-ventilacion-colombia\/#Normativa_Colombiana_utilizada\" >Normativa Colombiana utilizada<\/a><\/li><li class='ez-toc-page-1 ez-toc-heading-level-2'><a class=\"ez-toc-link ez-toc-heading-2\" href=\"https:\/\/www.solerpalau.com\/blog\/es-es\/normativa-ventilacion-colombia\/#Normativa_extranjera_pilares_de_las_normas_Colombianas\" >Normativa extranjera pilares de las normas Colombianas<\/a><\/li><li class='ez-toc-page-1 ez-toc-heading-level-2'><a class=\"ez-toc-link ez-toc-heading-3\" href=\"https:\/\/www.solerpalau.com\/blog\/es-es\/normativa-ventilacion-colombia\/#%C2%BFY_que_ocurre_en_el_contexto_sanitario_actual\" >\u00bfY qu\u00e9 ocurre en el contexto sanitario actual?<\/a><\/li><\/ul><\/nav><\/div>\n\n<h2><span class=\"ez-toc-section\" id=\"Normativa_Colombiana_utilizada\"><\/span><span style=\"font-weight: 400;\">Normativa Colombiana utilizada<\/span><span class=\"ez-toc-section-end\"><\/span><\/h2>\n<p><span style=\"font-weight: 400;\">A medida que habl\u00e1bamos con diferentes dise\u00f1adores pudimos notar que Colombia tiene algunas normas definidas para aplicaciones de ventilaci\u00f3n, por ejemplo la resoluci\u00f3n 610 de 2010 y la resoluci\u00f3n 2254 de 2017 hacen referencia a la calidad de aire y los niveles de inmisi\u00f3n, y su objetivo principal es el de garantizar un ambiente adecuado y minimizar los riesgos que puedan existir cuando las personas se exponen a contaminantes presentes en el aire, esto quiere decir, que se indican los niveles de part\u00edculas permitidos en el aire, la zonificaci\u00f3n, entre otras cosas.\u00a0\u00a0<\/span><\/p>\n<p><span style=\"font-weight: 400;\">De igual manera, se maneja la NTC 5183, la cual hace referencia\u00a0 a la calidad de aire aceptable en espacios interiores, es decir la ventilaci\u00f3n requerida para diferentes espacios. Y recientemente se han establecido normatividades para ambientes escolares y las normas que definen esto son la NTC 6199 y NTC 4595.<\/span><\/p>\n<p><span style=\"font-weight: 400;\">As\u00ed mismo para aplicaciones de hoteles esta la NSTH-006, que habla de la categorizaci\u00f3n de estos lugares y de las caracter\u00edsticas para obtener las estrellas, la ventilaci\u00f3n junto al aire acondicionado es una de las caracter\u00edsticas a evaluar. Para el caso de las v\u00edas de escape como por ejemplo las escaleras, varios dise\u00f1adores consultan la norma NSR 10. Adicionalmente existen los c\u00f3digos de construcci\u00f3n, estos \u00faltimos dependen de la ciudad en d\u00f3nde se realizar\u00e1 el proyecto.<\/span><\/p>\n<h2><span class=\"ez-toc-section\" id=\"Normativa_extranjera_pilares_de_las_normas_Colombianas\"><\/span><span style=\"font-weight: 400;\">Normativa extranjera pilares de las normas Colombianas<\/span><span class=\"ez-toc-section-end\"><\/span><\/h2>\n<p><span style=\"font-weight: 400;\">Aunque se ha hablado de normas colombianas es importante saber que estas tienen sus bases en normatividades extranjeras, por lo tanto, no hablar de ellas ser\u00eda desconocer el principio de las nacionales.\u00a0\u00a0<\/span><\/p>\n<p><span style=\"font-weight: 400;\">De acuerdo con lo anterior, la norma extranjera m\u00e1s usada por las empresas de dise\u00f1o en Colombia es el est\u00e1ndar ASHRAE 62.1 Ventilaci\u00f3n para una calidad de aire aceptable en edificios residenciales. La NTC 5183 lleva el mismo nombre y tiene como base fundamental la informaci\u00f3n indicada en dicho documento. Esto se puede evidenciar de manera muy notoria ya que se encuentra en ella todas las tablas correspondientes al est\u00e1ndar ASHRAE 62-1. Pasa igual con las NTC 6199 y NTC 4595 ya que tambi\u00e9n establecen los par\u00e1metros indicados en el mismo est\u00e1ndar. De la misma manera, el hecho de hablar de calidad de aire permite que entre en juego el est\u00e1ndar ASHRAE 55 Condiciones t\u00e9rmicas ambientales para la ocupaci\u00f3n humana. Tambi\u00e9n para temas hospitalarios se maneja el est\u00e1ndar ASHRAE 170 y todos los dem\u00e1s Est\u00e1ndares de ASHRAE, ya que juegan un papel importante en la especificaci\u00f3n de los proyectos en el pa\u00eds.<\/span><\/p>\n<p><span style=\"font-weight: 400;\">Por otro lado, en el caso del manejo de humos la predominante es utilizar la informaci\u00f3n de la NFPA (National Fire Protection Association), pero tambi\u00e9n entra a participar para algunos consultores la UNE EN 12101-6:2006, la cual es una norma Europea que da las indicaciones para el manejo de zonas protegidas y la <\/span><span style=\"font-weight: 400;\">BS 7346-7 lo que tiene que ver con parqueaderos<\/span><span style=\"font-weight: 400;\">. En Colombia sobre este tema no hay mucha claridad, sin embargo existe <\/span><span style=\"font-weight: 400;\">una norma colombiana de temas de construcci\u00f3n y sistema de gasodomesticos la NTC 3631, pero remite a la NFPA.\u00a0<\/span><\/p>\n<h2><span class=\"ez-toc-section\" id=\"%C2%BFY_que_ocurre_en_el_contexto_sanitario_actual\"><\/span><span style=\"font-weight: 400;\">\u00bfY qu\u00e9 ocurre en el contexto sanitario actual?<\/span><span class=\"ez-toc-section-end\"><\/span><\/h2>\n<p><span style=\"font-weight: 400;\">Como todos sabemos este virus a cambiado de manera sustancial la forma de ver la ventilaci\u00f3n, por lo cual, los entes gubernamentales de Colombia no se ha quedado con los brazos cruzados y tambi\u00e9n han sacado una reglamentaci\u00f3n para la ventilaci\u00f3n. Esta parte de una modificaci\u00f3n a la resoluci\u00f3n 666 de 2020 y se trata de la resoluci\u00f3n 223 de 2021, su objetivo principal es orientar para que se tomen las medidas de bioseguridad para reducir el riesgo de transmisi\u00f3n del virus, en las activadas que com\u00fanmente realizamos. En el par\u00e1grafo 3.5 Adecuada ventilaci\u00f3n, se dan las indicaciones b\u00e1sicas para que exista el intercambio del aire exterior o mejor llamada renovaci\u00f3n de aire. No se habla de numero de renovaciones, no indican cuanto caudal se necesita, sin embargo, para eso se tienen las normas existentes, as\u00ed el dise\u00f1ador puede generar la soluci\u00f3n m\u00e1s \u00f3ptima y ofrecer un espacio lo mejor ventilado posible y por ende generar una disminuci\u00f3n de los contagios por COVID 19 en el lugar.\u00a0<\/span><\/p>\n<p><span style=\"font-weight: 400;\">En s\u00edntesis, las normas Colombianas est\u00e1n creadas, unas muy bien estructuradas y otras no tanto, sin embargo, dan la pauta e indican la informaci\u00f3n b\u00e1sica a fin de que quien desee realizar un dise\u00f1o de ventilaci\u00f3n en el territorio nacional pueda tener las herramientas para hacer un buen trabajo, as\u00ed mismo pueden remitirnos a normas internacionales de consulta para complementar la informaci\u00f3n presentadas en ellas.<\/span><\/p>\n","protected":false},"excerpt":{"rendered":"<p>Hace d\u00edas atr\u00e1s una empresa extranjera nos contact\u00f3 por nuestra p\u00e1gina en Europa y su requerimiento dec\u00eda que necesitaba informaci\u00f3n sobre normas para dise\u00f1o de ventilaci\u00f3n mec\u00e1nica en Colombia. Viendo esto decidimos darles una mano, pero as\u00ed mismo, esta solicitud tambi\u00e9n despert\u00f3 nuestra inquietud, ya que hemos visto muchos dise\u00f1os y no se habla de<\/p>\n","protected":false},"author":10,"featured_media":4432,"comment_status":"open","ping_status":"open","sticky":false,"template":"","format":"standard","meta":{"_acf_changed":false,"footnotes":""},"categories":[21],"tags":[],"class_list":["post-5696","post","type-post","status-publish","format-standard","has-post-thumbnail","hentry","category-normativas-de-ventilacion-de-espacios"],"acf":[],"yoast_head":"<!-- This site is optimized with the Yoast SEO plugin v26.1 - https:\/\/yoast.com\/wordpress\/plugins\/seo\/ -->\n<title>Normativas de ventilaci\u00f3n en Colombia | S&amp;P<\/title>\n<meta name=\"description\" content=\"Conoce todos los detalles de la normativa colombiana en materia de ventilaci\u00f3n.\" \/>\n<meta name=\"robots\" content=\"index, follow, max-snippet:-1, max-image-preview:large, max-video-preview:-1\" \/>\n<link rel=\"canonical\" href=\"https:\/\/www.solerpalau.com\/blog\/es-es\/normativa-ventilacion-colombia\/\" \/>\n<meta property=\"og:locale\" content=\"es_ES\" \/>\n<meta property=\"og:type\" content=\"article\" \/>\n<meta property=\"og:title\" content=\"Normativas de ventilaci\u00f3n en Colombia | S&amp;P\" \/>\n<meta property=\"og:description\" content=\"Conoce todos los detalles de la normativa colombiana en materia de ventilaci\u00f3n.\" \/>\n<meta property=\"og:url\" content=\"https:\/\/www.solerpalau.com\/blog\/es-es\/normativa-ventilacion-colombia\/\" \/>\n<meta property=\"og:site_name\" content=\"S&amp;P Sistemas de Ventilaci\u00f3n\" \/>\n<meta property=\"article:published_time\" content=\"2021-05-26T09:37:23+00:00\" \/>\n<meta property=\"article:modified_time\" content=\"2025-06-30T12:40:05+00:00\" \/>\n<meta property=\"og:image\" content=\"https:\/\/www.solerpalau.com\/blog\/es-es\/wp-content\/uploads\/sites\/3\/2025\/06\/normativa-de-ventilacion-en-colombia.jpg\" \/>\n\t<meta property=\"og:image:width\" content=\"1200\" \/>\n\t<meta property=\"og:image:height\" content=\"627\" \/>\n\t<meta property=\"og:image:type\" content=\"image\/jpeg\" \/>\n<meta name=\"author\" content=\"S&amp;P\" \/>\n<meta name=\"twitter:card\" content=\"summary_large_image\" \/>\n<meta name=\"twitter:label1\" content=\"Escrito por\" \/>\n\t<meta name=\"twitter:data1\" content=\"S&amp;P\" \/>\n\t<meta name=\"twitter:label2\" content=\"Tiempo de lectura\" \/>\n\t<meta name=\"twitter:data2\" content=\"5 minutos\" \/>\n<!-- \/ Yoast SEO plugin. -->","yoast_head_json":{"title":"Normativas de ventilaci\u00f3n en Colombia | S&P","description":"Conoce todos los detalles de la normativa colombiana en materia de ventilaci\u00f3n.","robots":{"index":"index","follow":"follow","max-snippet":"max-snippet:-1","max-image-preview":"max-image-preview:large","max-video-preview":"max-video-preview:-1"},"canonical":"https:\/\/www.solerpalau.com\/blog\/es-es\/normativa-ventilacion-colombia\/","og_locale":"es_ES","og_type":"article","og_title":"Normativas de ventilaci\u00f3n en Colombia | S&P","og_description":"Conoce todos los detalles de la normativa colombiana en materia de ventilaci\u00f3n.","og_url":"https:\/\/www.solerpalau.com\/blog\/es-es\/normativa-ventilacion-colombia\/","og_site_name":"S&amp;P Sistemas de Ventilaci\u00f3n","article_published_time":"2021-05-26T09:37:23+00:00","article_modified_time":"2025-06-30T12:40:05+00:00","og_image":[{"width":1200,"height":627,"url":"https:\/\/www.solerpalau.com\/blog\/es-es\/wp-content\/uploads\/sites\/3\/2025\/06\/normativa-de-ventilacion-en-colombia.jpg","type":"image\/jpeg"}],"author":"S&amp;P","twitter_card":"summary_large_image","twitter_misc":{"Escrito por":"S&amp;P","Tiempo de lectura":"5 minutos"},"schema":{"@context":"https:\/\/schema.org","@graph":[{"@type":"WebPage","@id":"https:\/\/www.solerpalau.com\/blog\/es-es\/normativa-ventilacion-colombia\/","url":"https:\/\/www.solerpalau.com\/blog\/es-es\/normativa-ventilacion-colombia\/","name":"Normativas de ventilaci\u00f3n en Colombia | S&P","isPartOf":{"@id":"https:\/\/www.solerpalau.com\/blog\/es-es\/#website"},"primaryImageOfPage":{"@id":"https:\/\/www.solerpalau.com\/blog\/es-es\/normativa-ventilacion-colombia\/#primaryimage"},"image":{"@id":"https:\/\/www.solerpalau.com\/blog\/es-es\/normativa-ventilacion-colombia\/#primaryimage"},"thumbnailUrl":"https:\/\/www.solerpalau.com\/blog\/es-es\/wp-content\/uploads\/sites\/3\/2025\/06\/normativa-de-ventilacion-en-colombia.jpg","datePublished":"2021-05-26T09:37:23+00:00","dateModified":"2025-06-30T12:40:05+00:00","author":{"@id":"https:\/\/www.solerpalau.com\/blog\/es-es\/#\/schema\/person\/a649fcc0fccdca5446ea2bc371ad5cb9"},"description":"Conoce todos los detalles de la normativa colombiana en materia de ventilaci\u00f3n.","breadcrumb":{"@id":"https:\/\/www.solerpalau.com\/blog\/es-es\/normativa-ventilacion-colombia\/#breadcrumb"},"inLanguage":"es","potentialAction":[{"@type":"ReadAction","target":["https:\/\/www.solerpalau.com\/blog\/es-es\/normativa-ventilacion-colombia\/"]}]},{"@type":"ImageObject","inLanguage":"es","@id":"https:\/\/www.solerpalau.com\/blog\/es-es\/normativa-ventilacion-colombia\/#primaryimage","url":"https:\/\/www.solerpalau.com\/blog\/es-es\/wp-content\/uploads\/sites\/3\/2025\/06\/normativa-de-ventilacion-en-colombia.jpg","contentUrl":"https:\/\/www.solerpalau.com\/blog\/es-es\/wp-content\/uploads\/sites\/3\/2025\/06\/normativa-de-ventilacion-en-colombia.jpg","width":1200,"height":627,"caption":"normativa de ventilacio\u0301n en colombia"},{"@type":"BreadcrumbList","@id":"https:\/\/www.solerpalau.com\/blog\/es-es\/normativa-ventilacion-colombia\/#breadcrumb","itemListElement":[{"@type":"ListItem","position":1,"name":"Inicio","item":"https:\/\/www.solerpalau.com\/blog\/es-es\/"},{"@type":"ListItem","position":2,"name":"Normativas de ventilaci\u00f3n en Colombia"}]},{"@type":"WebSite","@id":"https:\/\/www.solerpalau.com\/blog\/es-es\/#website","url":"https:\/\/www.solerpalau.com\/blog\/es-es\/","name":"S&amp;P Sistemas de Ventilaci\u00f3n","description":"El Blog de ventilaci\u00f3n eficiente para una mejor calidad del aire","potentialAction":[{"@type":"SearchAction","target":{"@type":"EntryPoint","urlTemplate":"https:\/\/www.solerpalau.com\/blog\/es-es\/?s={search_term_string}"},"query-input":{"@type":"PropertyValueSpecification","valueRequired":true,"valueName":"search_term_string"}}],"inLanguage":"es"},{"@type":"Person","@id":"https:\/\/www.solerpalau.com\/blog\/es-es\/#\/schema\/person\/a649fcc0fccdca5446ea2bc371ad5cb9","name":"S&amp;P","image":{"@type":"ImageObject","inLanguage":"es","@id":"https:\/\/www.solerpalau.com\/blog\/es-es\/#\/schema\/person\/image\/","url":"https:\/\/secure.gravatar.com\/avatar\/994644236667321375ba4d21a34a002e2bcfd7b33a114caa4c9dc488ece6c970?s=96&d=mm&r=g","contentUrl":"https:\/\/secure.gravatar.com\/avatar\/994644236667321375ba4d21a34a002e2bcfd7b33a114caa4c9dc488ece6c970?s=96&d=mm&r=g","caption":"S&amp;P"},"url":"https:\/\/www.solerpalau.com\/blog\/es-es\/author\/binaria\/"}]}},"reading_time":"<span class=\"span-reading-time rt-reading-time\"><span class=\"rt-label rt-prefix\"><\/span> <span class=\"rt-time\"> 3<\/span> <span class=\"rt-label rt-postfix\"> min. de lectura<\/span><\/span>","_links":{"self":[{"href":"https:\/\/www.solerpalau.com\/blog\/es-es\/wp-json\/wp\/v2\/posts\/5696","targetHints":{"allow":["GET"]}}],"collection":[{"href":"https:\/\/www.solerpalau.com\/blog\/es-es\/wp-json\/wp\/v2\/posts"}],"about":[{"href":"https:\/\/www.solerpalau.com\/blog\/es-es\/wp-json\/wp\/v2\/types\/post"}],"author":[{"embeddable":true,"href":"https:\/\/www.solerpalau.com\/blog\/es-es\/wp-json\/wp\/v2\/users\/10"}],"replies":[{"embeddable":true,"href":"https:\/\/www.solerpalau.com\/blog\/es-es\/wp-json\/wp\/v2\/comments?post=5696"}],"version-history":[{"count":1,"href":"https:\/\/www.solerpalau.com\/blog\/es-es\/wp-json\/wp\/v2\/posts\/5696\/revisions"}],"predecessor-version":[{"id":6197,"href":"https:\/\/www.solerpalau.com\/blog\/es-es\/wp-json\/wp\/v2\/posts\/5696\/revisions\/6197"}],"wp:featuredmedia":[{"embeddable":true,"href":"https:\/\/www.solerpalau.com\/blog\/es-es\/wp-json\/wp\/v2\/media\/4432"}],"wp:attachment":[{"href":"https:\/\/www.solerpalau.com\/blog\/es-es\/wp-json\/wp\/v2\/media?parent=5696"}],"wp:term":[{"taxonomy":"category","embeddable":true,"href":"https:\/\/www.solerpalau.com\/blog\/es-es\/wp-json\/wp\/v2\/categories?post=5696"},{"taxonomy":"post_tag","embeddable":true,"href":"https:\/\/www.solerpalau.com\/blog\/es-es\/wp-json\/wp\/v2\/tags?post=5696"}],"curies":[{"name":"wp","href":"https:\/\/api.w.org\/{rel}","templated":true}]}}