{"id":5793,"date":"2024-06-06T06:00:00","date_gmt":"2024-06-06T04:00:00","guid":{"rendered":"https:\/\/www.solerpalau.com\/blog\/es-es\/2024\/06\/06\/el-impacto-de-una-mala-ventilacion-en-tus-facturas-de-energia\/"},"modified":"2025-06-30T14:40:17","modified_gmt":"2025-06-30T12:40:17","slug":"el-impacto-de-una-mala-ventilacion-en-tus-facturas-de-energia","status":"publish","type":"post","link":"https:\/\/www.solerpalau.com\/blog\/es-es\/el-impacto-de-una-mala-ventilacion-en-tus-facturas-de-energia\/","title":{"rendered":"El impacto de una mala ventilaci\u00f3n en tus facturas de energ\u00eda"},"content":{"rendered":"<p>La calidad de la ventilaci\u00f3n en tu hogar no solo afecta tu salud y bienestar, sino que tambi\u00e9n tiene un impacto significativo en tu factura de energ\u00eda. Una ventilaci\u00f3n inadecuada puede resultar en un consumo excesivo de energ\u00eda, elevando los costes y tambi\u00e9n afectando negativamente en el medio ambiente. En este art\u00edculo, exploraremos c\u00f3mo una mala ventilaci\u00f3n puede aumentar tus gastos y te proporcionaremos consejos sobre c\u00f3mo ahorrar en las facturas energ\u00e9ticas mediante una ventilaci\u00f3n eficiente.<!--more--><\/p><div id=\"ez-toc-container\" class=\"ez-toc-v2_0_76 counter-hierarchy ez-toc-counter ez-toc-custom ez-toc-container-direction\">\n<div class=\"ez-toc-title-container\">\n<p class=\"ez-toc-title\" style=\"cursor:inherit\">Tabla de contenidos<\/p>\n<span class=\"ez-toc-title-toggle\"><\/span><\/div>\n<nav><ul class='ez-toc-list ez-toc-list-level-1 ' ><li class='ez-toc-page-1 ez-toc-heading-level-2'><a class=\"ez-toc-link ez-toc-heading-1\" href=\"https:\/\/www.solerpalau.com\/blog\/es-es\/el-impacto-de-una-mala-ventilacion-en-tus-facturas-de-energia\/#%C2%BFComo_afecta_la_mala_ventilacion_a_tu_factura_de_energia\" >\u00bfC\u00f3mo afecta la mala ventilaci\u00f3n a tu factura de energ\u00eda?<\/a><\/li><li class='ez-toc-page-1 ez-toc-heading-level-2'><a class=\"ez-toc-link ez-toc-heading-2\" href=\"https:\/\/www.solerpalau.com\/blog\/es-es\/el-impacto-de-una-mala-ventilacion-en-tus-facturas-de-energia\/#Incremento_del_consumo_energetico\" >Incremento del consumo energ\u00e9tico<\/a><\/li><li class='ez-toc-page-1 ez-toc-heading-level-2'><a class=\"ez-toc-link ez-toc-heading-3\" href=\"https:\/\/www.solerpalau.com\/blog\/es-es\/el-impacto-de-una-mala-ventilacion-en-tus-facturas-de-energia\/#Deterioro_de_la_eficiencia_energetica\" >Deterioro de la eficiencia energ\u00e9tica<\/a><\/li><li class='ez-toc-page-1 ez-toc-heading-level-2'><a class=\"ez-toc-link ez-toc-heading-4\" href=\"https:\/\/www.solerpalau.com\/blog\/es-es\/el-impacto-de-una-mala-ventilacion-en-tus-facturas-de-energia\/#Estrategias_para_mejorar_la_ventilacion_y_ahorrar_energia\" >Estrategias para mejorar la ventilaci\u00f3n y ahorrar energ\u00eda<\/a><\/li><\/ul><\/nav><\/div>\n\n<h2><span class=\"ez-toc-section\" id=\"%C2%BFComo_afecta_la_mala_ventilacion_a_tu_factura_de_energia\"><\/span>\u00bfC\u00f3mo afecta la mala ventilaci\u00f3n a tu factura de energ\u00eda?<span class=\"ez-toc-section-end\"><\/span><\/h2>\n<p>Una ventilaci\u00f3n deficiente obliga a los sistemas de<b> calefacci\u00f3n y aire acondicionado <\/b>a trabajar m\u00e1s duro para mantener una temperatura agradable en el interior. Esto se debe a la <b>acumulaci\u00f3n de aire estancado y h\u00famedo<\/b> que hace que el ambiente se sienta m\u00e1s c\u00e1lido en verano y m\u00e1s fr\u00edo en invierno, aumentando el uso de estos sistemas y, por ende, el <b>consumo de energ\u00eda<\/b>.<\/p>\n<h2><span class=\"ez-toc-section\" id=\"Incremento_del_consumo_energetico\"><\/span>Incremento del consumo energ\u00e9tico<span class=\"ez-toc-section-end\"><\/span><\/h2>\n<p>La mala ventilaci\u00f3n provoca que los<b> sistemas de climatizaci\u00f3n compensen el aire viciado y la <\/b><a href=\"https:\/\/www.solerpalau.com\/blog\/es-es\/ventilacion-mecanica-eliminar-prevenir-humedad\/\"><b>humedad<\/b><\/a>, operando de manera continua y consumiendo m\u00e1s energ\u00eda. Esto se traduce directamente en un aumento en la factura del gas y la electricidad.<\/p>\n<h2><span class=\"ez-toc-section\" id=\"Deterioro_de_la_eficiencia_energetica\"><\/span>Deterioro de la eficiencia energ\u00e9tica<span class=\"ez-toc-section-end\"><\/span><\/h2>\n<p>Un hogar mal ventilado impide que el aire circule correctamente, lo que puede afectar la eficiencia energ\u00e9tica de la vivienda. La humedad y la falta de flujo de aire adecuado pueden <b>da\u00f1ar aislamientos y estructuras<\/b>, reduciendo la capacidad del hogar para mantener una temperatura estable.<\/p>\n<h2><span class=\"ez-toc-section\" id=\"Estrategias_para_mejorar_la_ventilacion_y_ahorrar_energia\"><\/span>Estrategias para mejorar la ventilaci\u00f3n y ahorrar energ\u00eda<span class=\"ez-toc-section-end\"><\/span><\/h2>\n<p>A continuaci\u00f3n te explicamos una serie de estrategias para mejorar la ventilaci\u00f3n y ahorrar energ\u00eda en casa, no todas tienen la misma efectividad:<\/p>\n<h3>Instalaci\u00f3n de sistemas de ventilaci\u00f3n mec\u00e1nica<\/h3>\n<p>La implementaci\u00f3n de un sistema de <a href=\"https:\/\/www.solerpalau.com\/blog\/es-es\/ahorro-energetico-ventilacion-mecanica\/\"><b>ventilaci\u00f3n mec\u00e1nica controlada (VMC)<\/b><\/a> es una de las formas m\u00e1s eficaces de mejorar la calidad del aire interior y optimizar el consumo de energ\u00eda. Estos sistemas garantizan una<b> renovaci\u00f3n constante del aire<\/b>, eliminando el aire viciado y humedad, y permitiendo un control m\u00e1s eficiente de la temperatura sin sobreexigir los sistemas de calefacci\u00f3n o refrigeraci\u00f3n.<\/p>\n<p><img loading=\"lazy\" decoding=\"async\" class=\"aligncenter size-full wp-image-5424\" src=\"http:\/\/www.solerpalau.com\/es-es\/blog\/wp-content\/uploads\/2024\/02\/Sistema-de-distribucion-vmc.jpg\" alt=\"Sistema de Ventilaci\u00f3n Mec\u00e1nica Controlada de S&amp;P\" width=\"1920\" height=\"1122\" \/><\/p>\n<h3>Aprovechamiento de la ventilaci\u00f3n natural<\/h3>\n<p><b>Abrir ventanas y puertas en momentos espec\u00edficos <\/b>del d\u00eda puede facilitar el flujo de aire y ayudar a regular la temperatura.\u00a0<\/p>\n<p>Sin embargo, cabe destacar que la ventilaci\u00f3n natural <b>no es la soluci\u00f3n definitiva<\/b>, ya que su eficacia depende del viento o del gradiente de temperaturas, lo cual no garantiza una ventilaci\u00f3n constante ni efectiva.<\/p>\n<p>Hay que tener en cuenta que al abrir las ventanas, no solo se enfr\u00eda o calienta el aire interior, sino tambi\u00e9n las paredes y techos de las habitaciones, lo que hace que volver a climatizar estos espacios sea muy costoso. Adem\u00e1s, al permitir la entrada libre de aire, tambi\u00e9n se introducen contaminantes y al\u00e9rgenos del exterior, que pueden comprometer la calidad del aire interior.<\/p>\n<p>Es importante hacerlo en <b>momentos adecuados<\/b> para evitar la p\u00e9rdida de calor durante el invierno o el aumento de temperatura en verano, evitando as\u00ed el uso excesivo de sistemas de calefacci\u00f3n y refrigeraci\u00f3n.<\/p>\n<h3>Mantenimiento y optimizaci\u00f3n de sistemas existentes<\/h3>\n<p>Un <b>mantenimiento regular de los sistemas de calefacci\u00f3n, refrigeraci\u00f3n y ventilaci\u00f3n<\/b> asegura su funcionamiento \u00f3ptimo y eficiencia energ\u00e9tica. La limpieza de filtros, la revisi\u00f3n de conductos y la actualizaci\u00f3n de equipos pueden contribuir significativamente al <a href=\"https:\/\/www.solerpalau.com\/blog\/es-es\/ahorro-energetico-hogar\/\">ahorro energ\u00e9tico<\/a>.<\/p>\n<p><br \/>La ventilaci\u00f3n juega un papel crucial en la eficiencia energ\u00e9tica de una vivienda. Implementar <b>estrategias de ventilaci\u00f3n eficiente<\/b>, como la instalaci\u00f3n de sistemas de VMC, puede marcar una diferencia significativa en tus facturas de energ\u00eda.<\/p>\n\n\n<div class=\"hs-cta-embed hs-cta-simple-placeholder hs-cta-embed-165497409119\"\n  style=\"max-width:100%; max-height:100%; width:650px;height:303px\" data-hubspot-wrapper-cta-id=\"165497409119\">\n  <a href=\"https:\/\/cta-service-cms2.hubspot.com\/web-interactives\/public\/v1\/track\/redirect?encryptedPayload=AVxigLJj1YWTg8iE8FtV9jipit3bXzq3ZCvkrVaJSXAchPowgHl7M7eoy9YP1OkdbzUzDJEqwogTr8mTuaRBfuxZuJQoYzYCWsF3eOh7jalSJxgrhu2xz45r43zJ6axGiyl7o6%2Fm4Hdn6lzXgKpnfXxCUBQNPCNvU7GTvxQC3CaIy73kYvUxr5D2cCP0tX0xMxsovc3ZODQlIbo4NoSpJiK4grJzywwe&#038;webInteractiveContentId=165497409119&#038;portalId=2009592\" target=\"_blank\" rel=\"noopener\" crossorigin=\"anonymous\">\n    <img decoding=\"async\" alt=\"&iexcl;Asesor&iacute;a gratuita!\" loading=\"lazy\" src=\"https:\/\/no-cache.hubspot.com\/cta\/default\/2009592\/interactive-165497409119.png\" style=\"height: 100%; width: 100%; object-fit: fill\"\n      onerror=\"this.style.display='none'\" \/>\n  <\/a>\n<\/div>\n\n","protected":false},"excerpt":{"rendered":"<p>La calidad de la ventilaci\u00f3n en tu hogar no solo afecta tu salud y bienestar, sino que tambi\u00e9n tiene un impacto significativo en tu factura de energ\u00eda. Una ventilaci\u00f3n inadecuada puede resultar en un consumo excesivo de energ\u00eda, elevando los costes y tambi\u00e9n afectando negativamente en el medio ambiente. En este art\u00edculo, exploraremos c\u00f3mo una<\/p>\n","protected":false},"author":10,"featured_media":4754,"comment_status":"closed","ping_status":"closed","sticky":false,"template":"","format":"standard","meta":{"_acf_changed":false,"footnotes":""},"categories":[29],"tags":[],"class_list":["post-5793","post","type-post","status-publish","format-standard","has-post-thumbnail","hentry","category-reformas-y-obra-nueva"],"acf":[],"yoast_head":"<!-- This site is optimized with the Yoast SEO plugin v26.1 - https:\/\/yoast.com\/wordpress\/plugins\/seo\/ -->\n<title>El impacto de la mala ventilaci\u00f3n en tus facturas de energ\u00eda | S&amp;P<\/title>\n<meta name=\"description\" content=\"C\u00f3mo una mala ventilaci\u00f3n puede aumentar tus gastos y consejos sobre c\u00f3mo ahorrar en las facturas energ\u00e9ticas.\" \/>\n<meta name=\"robots\" content=\"index, follow, max-snippet:-1, max-image-preview:large, max-video-preview:-1\" \/>\n<link rel=\"canonical\" href=\"https:\/\/www.solerpalau.com\/blog\/es-es\/el-impacto-de-una-mala-ventilacion-en-tus-facturas-de-energia\/\" \/>\n<meta property=\"og:locale\" content=\"es_ES\" \/>\n<meta property=\"og:type\" content=\"article\" \/>\n<meta property=\"og:title\" content=\"El impacto de la mala ventilaci\u00f3n en tus facturas de energ\u00eda | S&amp;P\" \/>\n<meta property=\"og:description\" content=\"C\u00f3mo una mala ventilaci\u00f3n puede aumentar tus gastos y consejos sobre c\u00f3mo ahorrar en las facturas energ\u00e9ticas.\" \/>\n<meta property=\"og:url\" content=\"https:\/\/www.solerpalau.com\/blog\/es-es\/el-impacto-de-una-mala-ventilacion-en-tus-facturas-de-energia\/\" \/>\n<meta property=\"og:site_name\" content=\"S&amp;P Sistemas de Ventilaci\u00f3n\" \/>\n<meta property=\"article:published_time\" content=\"2024-06-06T04:00:00+00:00\" \/>\n<meta property=\"article:modified_time\" content=\"2025-06-30T12:40:17+00:00\" \/>\n<meta property=\"og:image\" content=\"https:\/\/www.solerpalau.com\/blog\/es-es\/wp-content\/uploads\/sites\/3\/2025\/06\/ahorro-facturas-ventilacion.jpg\" \/>\n\t<meta property=\"og:image:width\" content=\"1000\" \/>\n\t<meta property=\"og:image:height\" content=\"667\" \/>\n\t<meta property=\"og:image:type\" content=\"image\/jpeg\" \/>\n<meta name=\"author\" content=\"S&amp;P\" \/>\n<meta name=\"twitter:card\" content=\"summary_large_image\" \/>\n<meta name=\"twitter:label1\" content=\"Escrito por\" \/>\n\t<meta name=\"twitter:data1\" content=\"S&amp;P\" \/>\n\t<meta name=\"twitter:label2\" content=\"Tiempo de lectura\" \/>\n\t<meta name=\"twitter:data2\" content=\"3 minutos\" \/>\n<!-- \/ Yoast SEO plugin. -->","yoast_head_json":{"title":"El impacto de la mala ventilaci\u00f3n en tus facturas de energ\u00eda | S&P","description":"C\u00f3mo una mala ventilaci\u00f3n puede aumentar tus gastos y consejos sobre c\u00f3mo ahorrar en las facturas energ\u00e9ticas.","robots":{"index":"index","follow":"follow","max-snippet":"max-snippet:-1","max-image-preview":"max-image-preview:large","max-video-preview":"max-video-preview:-1"},"canonical":"https:\/\/www.solerpalau.com\/blog\/es-es\/el-impacto-de-una-mala-ventilacion-en-tus-facturas-de-energia\/","og_locale":"es_ES","og_type":"article","og_title":"El impacto de la mala ventilaci\u00f3n en tus facturas de energ\u00eda | S&P","og_description":"C\u00f3mo una mala ventilaci\u00f3n puede aumentar tus gastos y consejos sobre c\u00f3mo ahorrar en las facturas energ\u00e9ticas.","og_url":"https:\/\/www.solerpalau.com\/blog\/es-es\/el-impacto-de-una-mala-ventilacion-en-tus-facturas-de-energia\/","og_site_name":"S&amp;P Sistemas de Ventilaci\u00f3n","article_published_time":"2024-06-06T04:00:00+00:00","article_modified_time":"2025-06-30T12:40:17+00:00","og_image":[{"width":1000,"height":667,"url":"https:\/\/www.solerpalau.com\/blog\/es-es\/wp-content\/uploads\/sites\/3\/2025\/06\/ahorro-facturas-ventilacion.jpg","type":"image\/jpeg"}],"author":"S&amp;P","twitter_card":"summary_large_image","twitter_misc":{"Escrito por":"S&amp;P","Tiempo de lectura":"3 minutos"},"schema":{"@context":"https:\/\/schema.org","@graph":[{"@type":"WebPage","@id":"https:\/\/www.solerpalau.com\/blog\/es-es\/el-impacto-de-una-mala-ventilacion-en-tus-facturas-de-energia\/","url":"https:\/\/www.solerpalau.com\/blog\/es-es\/el-impacto-de-una-mala-ventilacion-en-tus-facturas-de-energia\/","name":"El impacto de la mala ventilaci\u00f3n en tus facturas de energ\u00eda | S&P","isPartOf":{"@id":"https:\/\/www.solerpalau.com\/blog\/es-es\/#website"},"primaryImageOfPage":{"@id":"https:\/\/www.solerpalau.com\/blog\/es-es\/el-impacto-de-una-mala-ventilacion-en-tus-facturas-de-energia\/#primaryimage"},"image":{"@id":"https:\/\/www.solerpalau.com\/blog\/es-es\/el-impacto-de-una-mala-ventilacion-en-tus-facturas-de-energia\/#primaryimage"},"thumbnailUrl":"https:\/\/www.solerpalau.com\/blog\/es-es\/wp-content\/uploads\/sites\/3\/2025\/06\/ahorro-facturas-ventilacion.jpg","datePublished":"2024-06-06T04:00:00+00:00","dateModified":"2025-06-30T12:40:17+00:00","author":{"@id":"https:\/\/www.solerpalau.com\/blog\/es-es\/#\/schema\/person\/a649fcc0fccdca5446ea2bc371ad5cb9"},"description":"C\u00f3mo una mala ventilaci\u00f3n puede aumentar tus gastos y consejos sobre c\u00f3mo ahorrar en las facturas energ\u00e9ticas.","breadcrumb":{"@id":"https:\/\/www.solerpalau.com\/blog\/es-es\/el-impacto-de-una-mala-ventilacion-en-tus-facturas-de-energia\/#breadcrumb"},"inLanguage":"es","potentialAction":[{"@type":"ReadAction","target":["https:\/\/www.solerpalau.com\/blog\/es-es\/el-impacto-de-una-mala-ventilacion-en-tus-facturas-de-energia\/"]}]},{"@type":"ImageObject","inLanguage":"es","@id":"https:\/\/www.solerpalau.com\/blog\/es-es\/el-impacto-de-una-mala-ventilacion-en-tus-facturas-de-energia\/#primaryimage","url":"https:\/\/www.solerpalau.com\/blog\/es-es\/wp-content\/uploads\/sites\/3\/2025\/06\/ahorro-facturas-ventilacion.jpg","contentUrl":"https:\/\/www.solerpalau.com\/blog\/es-es\/wp-content\/uploads\/sites\/3\/2025\/06\/ahorro-facturas-ventilacion.jpg","width":1000,"height":667,"caption":"Ahorro en las facturas de energ\u00eda con ventilaci\u00f3n"},{"@type":"BreadcrumbList","@id":"https:\/\/www.solerpalau.com\/blog\/es-es\/el-impacto-de-una-mala-ventilacion-en-tus-facturas-de-energia\/#breadcrumb","itemListElement":[{"@type":"ListItem","position":1,"name":"Inicio","item":"https:\/\/www.solerpalau.com\/blog\/es-es\/"},{"@type":"ListItem","position":2,"name":"El impacto de una mala ventilaci\u00f3n en tus facturas de energ\u00eda"}]},{"@type":"WebSite","@id":"https:\/\/www.solerpalau.com\/blog\/es-es\/#website","url":"https:\/\/www.solerpalau.com\/blog\/es-es\/","name":"S&amp;P Sistemas de Ventilaci\u00f3n","description":"El Blog de ventilaci\u00f3n eficiente para una mejor calidad del aire","potentialAction":[{"@type":"SearchAction","target":{"@type":"EntryPoint","urlTemplate":"https:\/\/www.solerpalau.com\/blog\/es-es\/?s={search_term_string}"},"query-input":{"@type":"PropertyValueSpecification","valueRequired":true,"valueName":"search_term_string"}}],"inLanguage":"es"},{"@type":"Person","@id":"https:\/\/www.solerpalau.com\/blog\/es-es\/#\/schema\/person\/a649fcc0fccdca5446ea2bc371ad5cb9","name":"S&amp;P","image":{"@type":"ImageObject","inLanguage":"es","@id":"https:\/\/www.solerpalau.com\/blog\/es-es\/#\/schema\/person\/image\/","url":"https:\/\/secure.gravatar.com\/avatar\/994644236667321375ba4d21a34a002e2bcfd7b33a114caa4c9dc488ece6c970?s=96&d=mm&r=g","contentUrl":"https:\/\/secure.gravatar.com\/avatar\/994644236667321375ba4d21a34a002e2bcfd7b33a114caa4c9dc488ece6c970?s=96&d=mm&r=g","caption":"S&amp;P"},"url":"https:\/\/www.solerpalau.com\/blog\/es-es\/author\/binaria\/"}]}},"reading_time":"<span class=\"span-reading-time rt-reading-time\"><span class=\"rt-label rt-prefix\"><\/span> <span class=\"rt-time\"> 3<\/span> <span class=\"rt-label rt-postfix\"> min. de lectura<\/span><\/span>","_links":{"self":[{"href":"https:\/\/www.solerpalau.com\/blog\/es-es\/wp-json\/wp\/v2\/posts\/5793","targetHints":{"allow":["GET"]}}],"collection":[{"href":"https:\/\/www.solerpalau.com\/blog\/es-es\/wp-json\/wp\/v2\/posts"}],"about":[{"href":"https:\/\/www.solerpalau.com\/blog\/es-es\/wp-json\/wp\/v2\/types\/post"}],"author":[{"embeddable":true,"href":"https:\/\/www.solerpalau.com\/blog\/es-es\/wp-json\/wp\/v2\/users\/10"}],"replies":[{"embeddable":true,"href":"https:\/\/www.solerpalau.com\/blog\/es-es\/wp-json\/wp\/v2\/comments?post=5793"}],"version-history":[{"count":1,"href":"https:\/\/www.solerpalau.com\/blog\/es-es\/wp-json\/wp\/v2\/posts\/5793\/revisions"}],"predecessor-version":[{"id":6293,"href":"https:\/\/www.solerpalau.com\/blog\/es-es\/wp-json\/wp\/v2\/posts\/5793\/revisions\/6293"}],"wp:featuredmedia":[{"embeddable":true,"href":"https:\/\/www.solerpalau.com\/blog\/es-es\/wp-json\/wp\/v2\/media\/4754"}],"wp:attachment":[{"href":"https:\/\/www.solerpalau.com\/blog\/es-es\/wp-json\/wp\/v2\/media?parent=5793"}],"wp:term":[{"taxonomy":"category","embeddable":true,"href":"https:\/\/www.solerpalau.com\/blog\/es-es\/wp-json\/wp\/v2\/categories?post=5793"},{"taxonomy":"post_tag","embeddable":true,"href":"https:\/\/www.solerpalau.com\/blog\/es-es\/wp-json\/wp\/v2\/tags?post=5793"}],"curies":[{"name":"wp","href":"https:\/\/api.w.org\/{rel}","templated":true}]}}