{"id":5795,"date":"2024-06-19T06:00:00","date_gmt":"2024-06-19T04:00:00","guid":{"rendered":"https:\/\/www.solerpalau.com\/blog\/es-es\/2024\/06\/19\/la-ventilacion-mecanica-y-la-rehabilitacion-de-vivienda-sostenible\/"},"modified":"2025-06-30T14:40:17","modified_gmt":"2025-06-30T12:40:17","slug":"la-ventilacion-mecanica-y-la-rehabilitacion-de-vivienda-sostenible","status":"publish","type":"post","link":"https:\/\/www.solerpalau.com\/blog\/es-es\/la-ventilacion-mecanica-y-la-rehabilitacion-de-vivienda-sostenible\/","title":{"rendered":"C\u00f3mo la ventilaci\u00f3n mec\u00e1nica contribuye a una rehabilitaci\u00f3n de vivienda sostenible"},"content":{"rendered":"<p>En el contexto de la rehabilitaci\u00f3n de viviendas, la sostenibilidad se ha convertido en una prioridad clave. Una parte esencial de este enfoque sostenible es la implementaci\u00f3n de un sistema de ventilaci\u00f3n mec\u00e1nica adecuado.<!--more--><\/p><div id=\"ez-toc-container\" class=\"ez-toc-v2_0_76 counter-hierarchy ez-toc-counter ez-toc-custom ez-toc-container-direction\">\n<div class=\"ez-toc-title-container\">\n<p class=\"ez-toc-title\" style=\"cursor:inherit\">Tabla de contenidos<\/p>\n<span class=\"ez-toc-title-toggle\"><\/span><\/div>\n<nav><ul class='ez-toc-list ez-toc-list-level-1 ' ><li class='ez-toc-page-1 ez-toc-heading-level-2'><a class=\"ez-toc-link ez-toc-heading-1\" href=\"https:\/\/www.solerpalau.com\/blog\/es-es\/la-ventilacion-mecanica-y-la-rehabilitacion-de-vivienda-sostenible\/#El_papel_de_la_ventilacion_mecanica_en_la_rehabilitacion_sostenible\" >El papel de la ventilaci\u00f3n mec\u00e1nica en la rehabilitaci\u00f3n sostenible<\/a><\/li><li class='ez-toc-page-1 ez-toc-heading-level-2'><a class=\"ez-toc-link ez-toc-heading-2\" href=\"https:\/\/www.solerpalau.com\/blog\/es-es\/la-ventilacion-mecanica-y-la-rehabilitacion-de-vivienda-sostenible\/#Componentes_de_un_sistema_de_ventilacion_mecanica_efectivo\" >Componentes de un sistema de ventilaci\u00f3n mec\u00e1nica efectivo<\/a><\/li><\/ul><\/nav><\/div>\n\n<p>Este sistema no solo mejora la eficiencia energ\u00e9tica y la calidad del aire interior, sino que tambi\u00e9n reduce significativamente el impacto ambiental de la vivienda. En este art\u00edculo, exploraremos c\u00f3mo una ventilaci\u00f3n mec\u00e1nica bien dise\u00f1ada puede transformar tu proyecto de rehabilitaci\u00f3n en una iniciativa verdaderamente sostenible.<\/p>\n<h2><span class=\"ez-toc-section\" id=\"El_papel_de_la_ventilacion_mecanica_en_la_rehabilitacion_sostenible\"><\/span>El papel de la ventilaci\u00f3n mec\u00e1nica en la rehabilitaci\u00f3n sostenible<span class=\"ez-toc-section-end\"><\/span><\/h2>\n<p>La ventilaci\u00f3n mec\u00e1nica es esencial para alcanzar una rehabilitaci\u00f3n sostenible en las viviendas, estas son las <b>principales ventajas<\/b>:<\/p>\n<h3>Mejora de la eficiencia energ\u00e9tica<\/h3>\n<p>La <b>eficiencia energ\u00e9tica<\/b> es un componente crucial de cualquier vivienda sostenible. Sistemas de ventilaci\u00f3n mec\u00e1nica, especialmente aquellos con recuperadores de calor, juegan un papel vital al minimizar la p\u00e9rdida de calor durante los meses fr\u00edos y reducir la carga de enfriamiento durante los meses c\u00e1lidos. Al reciclar el calor del aire expulsado para calentar el aire fresco entrante, estos sistemas pueden <b>reducir la demanda de energ\u00eda de calefacci\u00f3n y refrigeraci\u00f3n.<\/b><\/p>\n<h3>Reducci\u00f3n del impacto ambiental<\/h3>\n<p>La <a href=\"https:\/\/www.solerpalau.com\/blog\/es-es\/ahorro-energetico-ventilacion-mecanica\/\" target=\"_blank\" rel=\"noopener\"><span class=\"s2\"><b>ventilaci\u00f3n mec\u00e1nica<\/b><\/span><\/a> contribuye significativamente a la reducci\u00f3n del impacto ambiental de una vivienda. Al<b> mejorar la eficiencia energ\u00e9tica<\/b>, se disminuye la cantidad de combustibles f\u00f3siles necesarios para calentar y enfriar la casa, lo que a su vez reduce las emisiones de gases de efecto invernadero.<\/p>\n<p><img loading=\"lazy\" decoding=\"async\" class=\"aligncenter size-full wp-image-5741\" src=\"http:\/\/www.solerpalau.com\/es-es\/blog\/wp-content\/uploads\/2024\/06\/Reduccion-del-impacto-ambiental-SP.png\" alt=\"Reduccio\u0301n del impacto ambiental-S&amp;P\" width=\"960\" height=\"636\" \/><\/p>\n<p class=\"p2\">Adem\u00e1s, sistemas eficientes pueden filtrar y diluir <a href=\"https:\/\/www.solerpalau.com\/blog\/es-es\/consecuencias-salud-contaminantes-ambientales\/\" target=\"_blank\" rel=\"noopener\"><span class=\"s2\">contaminantes<\/span><\/a> y al\u00e9rgenos, lo que mejora la calidad del aire y <b>reduce la necesidad de productos qu\u00edmicos de limpieza<\/b>, contribuyendo a un ambiente interior m\u00e1s saludable y ecol\u00f3gico.<\/p>\n<h3>Prevenci\u00f3n de problemas de humedad<\/h3>\n<p>En viviendas rehabilitadas, especialmente en aquellas que est\u00e1n mejor aisladas y son m\u00e1s herm\u00e9ticas, el <b>riesgo de <\/b><a href=\"https:\/\/www.solerpalau.com\/blog\/es-es\/humedad-condensacion\/\" target=\"_blank\" rel=\"noopener\"><span class=\"s2\"><b>condensaci\u00f3n y humedad<\/b><\/span><\/a> es alto. La ventilaci\u00f3n mec\u00e1nica asegura un flujo constante de aire que ayuda a eliminar el exceso de humedad, previniendo as\u00ed el crecimiento de moho y la degradaci\u00f3n de los materiales de construcci\u00f3n.<\/p>\n<p class=\"p2\">Esto no solo <b>protege la estructura de la vivienda<\/b> sino que tambi\u00e9n evita problemas de salud asociados con el moho y la humedad.<\/p>\n<h2><span class=\"ez-toc-section\" id=\"Componentes_de_un_sistema_de_ventilacion_mecanica_efectivo\"><\/span>Componentes de un sistema de ventilaci\u00f3n mec\u00e1nica efectivo<span class=\"ez-toc-section-end\"><\/span><\/h2>\n<p>Los principales <b>componentes de un sistema de ventilaci\u00f3n mec\u00e1nica efectivo<\/b> son los siguientes:<\/p>\n<h3>Ventilaci\u00f3n con recuperaci\u00f3n de calor<\/h3>\n<p>Uno de los componentes m\u00e1s efectivos de la ventilaci\u00f3n mec\u00e1nica en t\u00e9rminos de sostenibilidad es la<b> ventilaci\u00f3n con recuperaci\u00f3n de calor<\/b>. Este sistema utiliza un intercambiador de calor para recuperar energ\u00eda del aire expulsado de la vivienda y precalentar o preenfriar el aire entrante.<\/p>\n<p>Este proceso puede significativamente aumentar la eficiencia energ\u00e9tica de la vivienda sin comprometer la calidad del aire interior.<\/p>\n<h3>Control de ventilaci\u00f3n demandada<\/h3>\n<p>Integrar controles que<b> ajustan la tasa de ventilaci\u00f3n<\/b> basada en el n\u00famero de ocupantes o en los niveles de CO2 puede optimizar a\u00fan m\u00e1s el rendimiento energ\u00e9tico del sistema. Esto asegura que la ventilaci\u00f3n funciona de manera eficiente, proporcionando aire fresco cuando es necesario y conservando energ\u00eda cuando no lo es.<\/p>\n<h3>Filtraci\u00f3n de aire avanzada<\/h3>\n<p>Incorporar<b> filtros de alta eficiencia<\/b> en el sistema de ventilaci\u00f3n mec\u00e1nica puede mejorar la calidad del aire al reducir los niveles de contaminantes y al\u00e9rgenos. Esto es especialmente importante en \u00e1reas urbanas o con periodos de calima frecuente, donde la calidad del aire exterior puede ser una preocupaci\u00f3n significativa.<\/p>\n<p>En resumen,<b> incluir un sistema de ventilaci\u00f3n mec\u00e1nica<\/b> en tu proyecto de rehabilitaci\u00f3n no solo es una medida de eficiencia energ\u00e9tica; es una estrategia integral que<b> mejora la sostenibilidad, la salud y la comodidad<\/b> de la vivienda. Al <b>planificar tu rehabilitaci\u00f3n<\/b>, considera la ventilaci\u00f3n mec\u00e1nica como un componente esencial de una vivienda verdaderamente sostenible.<\/p>\n\n\n<div class=\"hs-cta-embed hs-cta-simple-placeholder hs-cta-embed-165497409119\"\n  style=\"max-width:100%; max-height:100%; width:650px;height:303px\" data-hubspot-wrapper-cta-id=\"165497409119\">\n  <a href=\"https:\/\/cta-service-cms2.hubspot.com\/web-interactives\/public\/v1\/track\/redirect?encryptedPayload=AVxigLIohG3dtbNKAGGKy2nFskzXEk%2F7oBVxSOmA5FVuDGxEwV3xm8bc8t4qFv2dpFRGevhefv5nnb7TqB9NZ6HjWmb6u1dvIIeviR6t2mSOvKDIkpn6ddj5o7r4MCLOo0VzkIp6xbuH4YpxdeUYy%2BlhHzOjEG29LOApNLGq1dgabPM5HVrUw4Siccl0hCAYNEesQvYVXDQpQvDizgTsaChUhc7P3STS&#038;webInteractiveContentId=165497409119&#038;portalId=2009592\" target=\"_blank\" rel=\"noopener\" crossorigin=\"anonymous\">\n    <img decoding=\"async\" alt=\"&iexcl;Asesor&iacute;a gratuita!\" loading=\"lazy\" src=\"https:\/\/no-cache.hubspot.com\/cta\/default\/2009592\/interactive-165497409119.png\" style=\"height: 100%; width: 100%; object-fit: fill\"\n      onerror=\"this.style.display='none'\" \/>\n  <\/a>\n<\/div>\n\n","protected":false},"excerpt":{"rendered":"<p>En el contexto de la rehabilitaci\u00f3n de viviendas, la sostenibilidad se ha convertido en una prioridad clave. Una parte esencial de este enfoque sostenible es la implementaci\u00f3n de un sistema de ventilaci\u00f3n mec\u00e1nica adecuado.<\/p>\n","protected":false},"author":10,"featured_media":4760,"comment_status":"closed","ping_status":"closed","sticky":false,"template":"","format":"standard","meta":{"_acf_changed":false,"footnotes":""},"categories":[29],"tags":[],"class_list":["post-5795","post","type-post","status-publish","format-standard","has-post-thumbnail","hentry","category-reformas-y-obra-nueva"],"acf":[],"yoast_head":"<!-- This site is optimized with the Yoast SEO plugin v26.1 - https:\/\/yoast.com\/wordpress\/plugins\/seo\/ -->\n<title>Ventilaci\u00f3n mec\u00e1nica y rehabilitaci\u00f3n de vivienda sostenible | S&amp;P<\/title>\n<meta name=\"description\" content=\"Descubre por qu\u00e9 la ventilaci\u00f3n mec\u00e1nica es clave en la rehabilitaci\u00f3n de una vivienda verdaderamente sostenible.\" \/>\n<meta name=\"robots\" content=\"index, follow, max-snippet:-1, max-image-preview:large, max-video-preview:-1\" \/>\n<link rel=\"canonical\" href=\"https:\/\/www.solerpalau.com\/blog\/es-es\/la-ventilacion-mecanica-y-la-rehabilitacion-de-vivienda-sostenible\/\" \/>\n<meta property=\"og:locale\" content=\"es_ES\" \/>\n<meta property=\"og:type\" content=\"article\" \/>\n<meta property=\"og:title\" content=\"Ventilaci\u00f3n mec\u00e1nica y rehabilitaci\u00f3n de vivienda sostenible | S&amp;P\" \/>\n<meta property=\"og:description\" content=\"Descubre por qu\u00e9 la ventilaci\u00f3n mec\u00e1nica es clave en la rehabilitaci\u00f3n de una vivienda verdaderamente sostenible.\" \/>\n<meta property=\"og:url\" content=\"https:\/\/www.solerpalau.com\/blog\/es-es\/la-ventilacion-mecanica-y-la-rehabilitacion-de-vivienda-sostenible\/\" \/>\n<meta property=\"og:site_name\" content=\"S&amp;P Sistemas de Ventilaci\u00f3n\" \/>\n<meta property=\"article:published_time\" content=\"2024-06-19T04:00:00+00:00\" \/>\n<meta property=\"article:modified_time\" content=\"2025-06-30T12:40:17+00:00\" \/>\n<meta property=\"og:image\" content=\"https:\/\/www.solerpalau.com\/blog\/es-es\/wp-content\/uploads\/sites\/3\/2025\/06\/Como-la-ventilacion-mecanica-contribuye-a-una-rehabilitacion-de-vivienda-sostenible_-SP.png\" \/>\n\t<meta property=\"og:image:width\" content=\"960\" \/>\n\t<meta property=\"og:image:height\" content=\"636\" \/>\n\t<meta property=\"og:image:type\" content=\"image\/png\" \/>\n<meta name=\"author\" content=\"S&amp;P\" \/>\n<meta name=\"twitter:card\" content=\"summary_large_image\" \/>\n<meta name=\"twitter:label1\" content=\"Escrito por\" \/>\n\t<meta name=\"twitter:data1\" content=\"S&amp;P\" \/>\n\t<meta name=\"twitter:label2\" content=\"Tiempo de lectura\" \/>\n\t<meta name=\"twitter:data2\" content=\"3 minutos\" \/>\n<!-- \/ Yoast SEO plugin. -->","yoast_head_json":{"title":"Ventilaci\u00f3n mec\u00e1nica y rehabilitaci\u00f3n de vivienda sostenible | S&P","description":"Descubre por qu\u00e9 la ventilaci\u00f3n mec\u00e1nica es clave en la rehabilitaci\u00f3n de una vivienda verdaderamente sostenible.","robots":{"index":"index","follow":"follow","max-snippet":"max-snippet:-1","max-image-preview":"max-image-preview:large","max-video-preview":"max-video-preview:-1"},"canonical":"https:\/\/www.solerpalau.com\/blog\/es-es\/la-ventilacion-mecanica-y-la-rehabilitacion-de-vivienda-sostenible\/","og_locale":"es_ES","og_type":"article","og_title":"Ventilaci\u00f3n mec\u00e1nica y rehabilitaci\u00f3n de vivienda sostenible | S&P","og_description":"Descubre por qu\u00e9 la ventilaci\u00f3n mec\u00e1nica es clave en la rehabilitaci\u00f3n de una vivienda verdaderamente sostenible.","og_url":"https:\/\/www.solerpalau.com\/blog\/es-es\/la-ventilacion-mecanica-y-la-rehabilitacion-de-vivienda-sostenible\/","og_site_name":"S&amp;P Sistemas de Ventilaci\u00f3n","article_published_time":"2024-06-19T04:00:00+00:00","article_modified_time":"2025-06-30T12:40:17+00:00","og_image":[{"width":960,"height":636,"url":"https:\/\/www.solerpalau.com\/blog\/es-es\/wp-content\/uploads\/sites\/3\/2025\/06\/Como-la-ventilacion-mecanica-contribuye-a-una-rehabilitacion-de-vivienda-sostenible_-SP.png","type":"image\/png"}],"author":"S&amp;P","twitter_card":"summary_large_image","twitter_misc":{"Escrito por":"S&amp;P","Tiempo de lectura":"3 minutos"},"schema":{"@context":"https:\/\/schema.org","@graph":[{"@type":"WebPage","@id":"https:\/\/www.solerpalau.com\/blog\/es-es\/la-ventilacion-mecanica-y-la-rehabilitacion-de-vivienda-sostenible\/","url":"https:\/\/www.solerpalau.com\/blog\/es-es\/la-ventilacion-mecanica-y-la-rehabilitacion-de-vivienda-sostenible\/","name":"Ventilaci\u00f3n mec\u00e1nica y rehabilitaci\u00f3n de vivienda sostenible | S&P","isPartOf":{"@id":"https:\/\/www.solerpalau.com\/blog\/es-es\/#website"},"primaryImageOfPage":{"@id":"https:\/\/www.solerpalau.com\/blog\/es-es\/la-ventilacion-mecanica-y-la-rehabilitacion-de-vivienda-sostenible\/#primaryimage"},"image":{"@id":"https:\/\/www.solerpalau.com\/blog\/es-es\/la-ventilacion-mecanica-y-la-rehabilitacion-de-vivienda-sostenible\/#primaryimage"},"thumbnailUrl":"https:\/\/www.solerpalau.com\/blog\/es-es\/wp-content\/uploads\/sites\/3\/2025\/06\/Como-la-ventilacion-mecanica-contribuye-a-una-rehabilitacion-de-vivienda-sostenible_-SP.png","datePublished":"2024-06-19T04:00:00+00:00","dateModified":"2025-06-30T12:40:17+00:00","author":{"@id":"https:\/\/www.solerpalau.com\/blog\/es-es\/#\/schema\/person\/a649fcc0fccdca5446ea2bc371ad5cb9"},"description":"Descubre por qu\u00e9 la ventilaci\u00f3n mec\u00e1nica es clave en la rehabilitaci\u00f3n de una vivienda verdaderamente sostenible.","breadcrumb":{"@id":"https:\/\/www.solerpalau.com\/blog\/es-es\/la-ventilacion-mecanica-y-la-rehabilitacion-de-vivienda-sostenible\/#breadcrumb"},"inLanguage":"es","potentialAction":[{"@type":"ReadAction","target":["https:\/\/www.solerpalau.com\/blog\/es-es\/la-ventilacion-mecanica-y-la-rehabilitacion-de-vivienda-sostenible\/"]}]},{"@type":"ImageObject","inLanguage":"es","@id":"https:\/\/www.solerpalau.com\/blog\/es-es\/la-ventilacion-mecanica-y-la-rehabilitacion-de-vivienda-sostenible\/#primaryimage","url":"https:\/\/www.solerpalau.com\/blog\/es-es\/wp-content\/uploads\/sites\/3\/2025\/06\/Como-la-ventilacion-mecanica-contribuye-a-una-rehabilitacion-de-vivienda-sostenible_-SP.png","contentUrl":"https:\/\/www.solerpalau.com\/blog\/es-es\/wp-content\/uploads\/sites\/3\/2025\/06\/Como-la-ventilacion-mecanica-contribuye-a-una-rehabilitacion-de-vivienda-sostenible_-SP.png","width":960,"height":636,"caption":"Co\u0301mo la ventilacio\u0301n meca\u0301nica contribuye a una rehabilitacio\u0301n de vivienda sostenible_ S del impacto ambiental-S"},{"@type":"BreadcrumbList","@id":"https:\/\/www.solerpalau.com\/blog\/es-es\/la-ventilacion-mecanica-y-la-rehabilitacion-de-vivienda-sostenible\/#breadcrumb","itemListElement":[{"@type":"ListItem","position":1,"name":"Inicio","item":"https:\/\/www.solerpalau.com\/blog\/es-es\/"},{"@type":"ListItem","position":2,"name":"C\u00f3mo la ventilaci\u00f3n mec\u00e1nica contribuye a una rehabilitaci\u00f3n de vivienda sostenible"}]},{"@type":"WebSite","@id":"https:\/\/www.solerpalau.com\/blog\/es-es\/#website","url":"https:\/\/www.solerpalau.com\/blog\/es-es\/","name":"S&amp;P Sistemas de Ventilaci\u00f3n","description":"El Blog de ventilaci\u00f3n eficiente para una mejor calidad del aire","potentialAction":[{"@type":"SearchAction","target":{"@type":"EntryPoint","urlTemplate":"https:\/\/www.solerpalau.com\/blog\/es-es\/?s={search_term_string}"},"query-input":{"@type":"PropertyValueSpecification","valueRequired":true,"valueName":"search_term_string"}}],"inLanguage":"es"},{"@type":"Person","@id":"https:\/\/www.solerpalau.com\/blog\/es-es\/#\/schema\/person\/a649fcc0fccdca5446ea2bc371ad5cb9","name":"S&amp;P","image":{"@type":"ImageObject","inLanguage":"es","@id":"https:\/\/www.solerpalau.com\/blog\/es-es\/#\/schema\/person\/image\/","url":"https:\/\/secure.gravatar.com\/avatar\/994644236667321375ba4d21a34a002e2bcfd7b33a114caa4c9dc488ece6c970?s=96&d=mm&r=g","contentUrl":"https:\/\/secure.gravatar.com\/avatar\/994644236667321375ba4d21a34a002e2bcfd7b33a114caa4c9dc488ece6c970?s=96&d=mm&r=g","caption":"S&amp;P"},"url":"https:\/\/www.solerpalau.com\/blog\/es-es\/author\/binaria\/"}]}},"reading_time":"<span class=\"span-reading-time rt-reading-time\"><span class=\"rt-label rt-prefix\"><\/span> <span class=\"rt-time\"> 3<\/span> <span class=\"rt-label rt-postfix\"> min. de lectura<\/span><\/span>","_links":{"self":[{"href":"https:\/\/www.solerpalau.com\/blog\/es-es\/wp-json\/wp\/v2\/posts\/5795","targetHints":{"allow":["GET"]}}],"collection":[{"href":"https:\/\/www.solerpalau.com\/blog\/es-es\/wp-json\/wp\/v2\/posts"}],"about":[{"href":"https:\/\/www.solerpalau.com\/blog\/es-es\/wp-json\/wp\/v2\/types\/post"}],"author":[{"embeddable":true,"href":"https:\/\/www.solerpalau.com\/blog\/es-es\/wp-json\/wp\/v2\/users\/10"}],"replies":[{"embeddable":true,"href":"https:\/\/www.solerpalau.com\/blog\/es-es\/wp-json\/wp\/v2\/comments?post=5795"}],"version-history":[{"count":1,"href":"https:\/\/www.solerpalau.com\/blog\/es-es\/wp-json\/wp\/v2\/posts\/5795\/revisions"}],"predecessor-version":[{"id":6295,"href":"https:\/\/www.solerpalau.com\/blog\/es-es\/wp-json\/wp\/v2\/posts\/5795\/revisions\/6295"}],"wp:featuredmedia":[{"embeddable":true,"href":"https:\/\/www.solerpalau.com\/blog\/es-es\/wp-json\/wp\/v2\/media\/4760"}],"wp:attachment":[{"href":"https:\/\/www.solerpalau.com\/blog\/es-es\/wp-json\/wp\/v2\/media?parent=5795"}],"wp:term":[{"taxonomy":"category","embeddable":true,"href":"https:\/\/www.solerpalau.com\/blog\/es-es\/wp-json\/wp\/v2\/categories?post=5795"},{"taxonomy":"post_tag","embeddable":true,"href":"https:\/\/www.solerpalau.com\/blog\/es-es\/wp-json\/wp\/v2\/tags?post=5795"}],"curies":[{"name":"wp","href":"https:\/\/api.w.org\/{rel}","templated":true}]}}