{"id":3795,"date":"2024-08-30T15:45:36","date_gmt":"2024-08-30T13:45:36","guid":{"rendered":"http:\/\/www.solerpalau.com\/blog\/fr-fr\/?p=3795"},"modified":"2025-02-24T17:38:16","modified_gmt":"2025-02-24T16:38:16","slug":"reglementation-vmc-collective","status":"publish","type":"post","link":"https:\/\/www.solerpalau.com\/blog\/fr-fr\/reglementation-vmc-collective\/","title":{"rendered":"Quelles sont les r\u00e9glementations d\u2019une VMC collective et individuelle ?"},"content":{"rendered":"<p><span style=\"font-weight: 400;\">Les r\u00e9glementations d\u2019une <a href=\"https:\/\/www.solerpalau.com\/blog\/fr-fr\/vmc-qualite-de-lair-et-efficacite-energetique-des-batiments\/\">VMC<\/a> collective ou individuelle d\u00e9finissent les obligations pour le constructeur d\u2019assurer une bonne ventilation pour tous les occupants. L&rsquo;\u00c9tat fran\u00e7ais et ses divers organismes travaillent depuis plus de 60 ans maintenant sur divers d\u00e9crets, lois et <a href=\"https:\/\/www.solerpalau.com\/blog\/fr-fr\/qualite-de-lair-interieure-quelles-reglementations-pour-votre-batiment\/\" target=\"_blank\" rel=\"noopener\">r\u00e9glementations afin de respecter des normes de construction et d\u2019installation d\u2019une VMC<\/a>, qu\u2019elle soit<\/span><a href=\"https:\/\/www.solerpalau.com\/fr-fr\/vmc-simple-flux\/\" target=\"_blank\" rel=\"noopener\"><span style=\"font-weight: 400;\"> Simple Flux <\/span><\/a><span style=\"font-weight: 400;\">ou <\/span><a href=\"https:\/\/www.solerpalau.com\/fr-fr\/double-flux\/?type=habitat-individuel\"><span style=\"font-weight: 400;\">Double Flux<\/span><\/a><span style=\"font-weight: 400;\">.<\/span><\/p><div id=\"ez-toc-container\" class=\"ez-toc-v2_0_76 counter-hierarchy ez-toc-counter ez-toc-custom ez-toc-container-direction\">\n<div class=\"ez-toc-title-container\">\n<p class=\"ez-toc-title\" style=\"cursor:inherit\">Table des mati\u00e8res<\/p>\n<span class=\"ez-toc-title-toggle\"><\/span><\/div>\n<nav><ul class='ez-toc-list ez-toc-list-level-1 ' ><li class='ez-toc-page-1 ez-toc-heading-level-2'><a class=\"ez-toc-link ez-toc-heading-1\" href=\"https:\/\/www.solerpalau.com\/blog\/fr-fr\/reglementation-vmc-collective\/#Quelles_sont_les_lois_en_vigueur\" >Quelles sont les lois en vigueur ?<\/a><\/li><li class='ez-toc-page-1 ez-toc-heading-level-2'><a class=\"ez-toc-link ez-toc-heading-2\" href=\"https:\/\/www.solerpalau.com\/blog\/fr-fr\/reglementation-vmc-collective\/#Choisir_une_VMC_Simple_Flux_ou_Double_Flux\" >Choisir une VMC Simple Flux ou Double Flux ?<\/a><\/li><\/ul><\/nav><\/div>\n\n<p><span style=\"font-weight: 400;\">Dans cet article nous aborderons ensemble les normes \u00e0 respecter quant \u00e0 l\u2019installation d\u2019une VMC en logement collectif et individuel.<\/span><!--more--><\/p>\n<h2><span class=\"ez-toc-section\" id=\"Quelles_sont_les_lois_en_vigueur\"><\/span><span style=\"font-weight: 400;\">Quelles sont les lois en vigueur ?<\/span><span class=\"ez-toc-section-end\"><\/span><\/h2>\n<p><span style=\"font-weight: 400;\">Ci-dessous vous trouverez l\u2019ensemble des <a href=\"https:\/\/www.solerpalau.com\/blog\/fr-fr\/reglementation-re2020-et-efficacite-energetique\/\">r\u00e9glementations actuellement<\/a> en place et auxquels vous r\u00e9f\u00e9rer lors de l\u2019installation d\u2019une VMC dans votre logement individuel ou collectif.<\/span><\/p>\n<h3><span style=\"font-weight: 400;\">DTU 68-3<\/span><\/h3>\n<p><span style=\"font-weight: 400;\">La r\u00e9glementation DTU 68-3 d\u00e9finit les normes pour l\u2019installation d\u2019une VMC dans les b\u00e2timents r\u00e9sidentiels neufs ou d\u00e9j\u00e0 existants. C\u2019est un document essentiel pour les constructeurs et se divise en 6 parties :<\/span><\/p>\n<ul>\n<li style=\"font-weight: 400;\" aria-level=\"1\"><span style=\"font-weight: 400;\">Cahier des clauses techniques &#8211; r\u00e8gles g\u00e9n\u00e9rales de calcul et de dimensionnement.<\/span><\/li>\n<li style=\"font-weight: 400;\" aria-level=\"1\"><span style=\"font-weight: 400;\">VMC Simple Flux.<\/span><\/li>\n<li style=\"font-weight: 400;\" aria-level=\"1\"><span style=\"font-weight: 400;\">VMC \u00e0 gaz.<\/span><\/li>\n<li style=\"font-weight: 400;\" aria-level=\"1\"><span style=\"font-weight: 400;\">VMC Double Flux.<\/span><\/li>\n<li style=\"font-weight: 400;\" aria-level=\"1\"><span style=\"font-weight: 400;\">Crit\u00e8res de choix des mat\u00e9riaux.<\/span><\/li>\n<li style=\"font-weight: 400;\" aria-level=\"1\"><span style=\"font-weight: 400;\">Clauses administratives<\/span><\/li>\n<\/ul>\n<p><!--HubSpot Call-to-Action Code --><\/p>\n<p><span id=\"hs-cta-wrapper-ac73e051-3bd1-4d87-9bc3-8cd6645a02b1\" class=\"hs-cta-wrapper\"><span id=\"hs-cta-ac73e051-3bd1-4d87-9bc3-8cd6645a02b1\" class=\"hs-cta-node hs-cta-ac73e051-3bd1-4d87-9bc3-8cd6645a02b1\"><!-- [if lte IE 8]>\n\n\n\n\n\n\n\n<div id=\"hs-cta-ie-element\"><\/div>\n\n\n\n\n\n\n\n<![endif]--><a href=\"https:\/\/cta-redirect.hubspot.com\/cta\/redirect\/2009592\/ac73e051-3bd1-4d87-9bc3-8cd6645a02b1\"><img decoding=\"async\" id=\"hs-cta-img-ac73e051-3bd1-4d87-9bc3-8cd6645a02b1\" class=\"hs-cta-img\" style=\"border-width: 0px;\" src=\"https:\/\/no-cache.hubspot.com\/cta\/default\/2009592\/ac73e051-3bd1-4d87-9bc3-8cd6645a02b1.png\" alt=\"EBOOK: Quelle VMC et solutions de ventilation pour votre maison en 2023 ?  [T\u00e9l\u00e9chargez gratuitement]\" \/><\/a><\/span><script charset=\"utf-8\" src=\"https:\/\/js.hscta.net\/cta\/current.js\"><\/script><script type=\"text\/javascript\"> hbspt.cta.load(2009592, 'ac73e051-3bd1-4d87-9bc3-8cd6645a02b1', {\"useNewLoader\":\"true\",\"region\":\"na1\"}); <\/script><\/span><\/p>\n<p><!-- end HubSpot Call-to-Action Code --><\/p>\n<h3>\u00a0<\/h3>\n<h3><span style=\"font-weight: 400;\">RT2012<\/span><\/h3>\n<p><span style=\"font-weight: 400;\">La R\u00e9glementation Thermique 2012 impose une limite quant \u00e0 la consommation \u00e9nerg\u00e9tique d\u2019un b\u00e2timent et s\u2019applique donc \u00e0 la ventilation. Un renouvellement de l\u2019air permanent doit \u00eatre assur\u00e9 par une VMC Simple Flux ou Double Flux, permettant \u00e9galement de r\u00e9chauffer ou refroidir le b\u00e2timent.<\/span><\/p>\n<p><a href=\"https:\/\/www.ecologie.gouv.fr\/reglementation-thermique-rt2012\"><span style=\"font-weight: 400;\">[Consulter la RT2012 ici]<\/span><\/a><\/p>\n<h3><span style=\"font-weight: 400;\">Arr\u00eat\u00e9 du 28 octobre 1983\u00a0<\/span><\/h3>\n<p><span style=\"font-weight: 400;\">L&rsquo;arr\u00eat\u00e9 du 28 octobre 1983 d\u00e9finit les dispositions relatives \u00e0 l\u2019a\u00e9ration des logements et fixe le d\u00e9bit minimum pour les VMC autor\u00e9glables et hygror\u00e9glables.<\/span><\/p>\n<p><a href=\"https:\/\/www.legifrance.gouv.fr\/jorf\/id\/JORFTEXT000000292586\/\"><span style=\"font-weight: 400;\">[Consulter l\u2019arr\u00eat\u00e9 du 28 octobre 1983 ici]<\/span><\/a><\/p>\n<h3><span style=\"font-weight: 400;\">Arr\u00eat\u00e9 du 24 mars 1982<\/span><\/h3>\n<p><span style=\"font-weight: 400;\">L\u2019arr\u00eat\u00e9 du 24 mars 1982 relatif \u00e0 l&rsquo;a\u00e9ration des logements pr\u00e9cise les dispositions et le dimensionnement des syst\u00e8mes de ventilation et exige une ventilation g\u00e9n\u00e9rale et permanente dans les pi\u00e8ces \u00e0 vivre du logement.<\/span><\/p>\n<p><a href=\"https:\/\/www.legifrance.gouv.fr\/loda\/id\/JORFTEXT000000862344\/\"><span style=\"font-weight: 400;\">[Consulter l\u2019arr\u00eat\u00e9 du 24 mars 1982]<\/span><\/a><\/p>\n<h3><span style=\"font-weight: 400;\">Arr\u00eat\u00e9 du 6 octobre 1978<\/span><\/h3>\n<p><span style=\"font-weight: 400;\">Cet arr\u00eat\u00e9 porte sur l\u2019isolation et le confort acoustique des utilisateurs contre les bruits parasites ext\u00e9rieurs.<\/span><\/p>\n<p><a href=\"https:\/\/www.legifrance.gouv.fr\/loda\/id\/LEGITEXT000006074549\/\"><span style=\"font-weight: 400;\">[Consulter l\u2019arr\u00eat\u00e9 du 6 octobre 1978]<\/span><\/a><\/p>\n<h3><span style=\"font-weight: 400;\">Arr\u00eat\u00e9 du 22 octobre 1969<\/span><\/h3>\n<p><span style=\"font-weight: 400;\">L\u2019arr\u00eat\u00e9 du 22 octobre 1969 porte sur les conduits de fum\u00e9e des logements et \u00e9tablit le principe d\u2019une a\u00e9ration permanente et g\u00e9n\u00e9rale des logements. L\u2019air extrait du b\u00e2timent peut se faire de mani\u00e8re naturelle ou m\u00e9canique : cet article introduit donc pour la premi\u00e8re le principe de VMC dans un logement.<\/span><\/p>\n<p><a href=\"https:\/\/www.legifrance.gouv.fr\/loda\/id\/JORFTEXT000000442239\/\"><span style=\"font-weight: 400;\">[Consulter l\u2019arr\u00eat\u00e9 du 22 octobre 1969]<\/span><\/a><\/p>\n<p><span style=\"font-weight: 400;\">D\u2019autres d\u00e9crets, comme l&rsquo;arr\u00eat\u00e9 du <\/span><a href=\"https:\/\/www.legifrance.gouv.fr\/jorf\/id\/JORFTEXT000000622588\"><span style=\"font-weight: 400;\">14 novembre 1958<\/span><\/a><span style=\"font-weight: 400;\"> sur l\u2019a\u00e9ration des logements ou le <\/span><a href=\"http:\/\/cnejac.org\/wp-content\/uploads\/2016\/08\/REG-HAB-1955_10_22-decret.pdf\"><span style=\"font-weight: 400;\">d\u00e9cret du 22 Octobre 1955<\/span><\/a><span style=\"font-weight: 400;\"> sont \u00e0 conna\u00eetre.<\/span><\/p>\n<h2><span class=\"ez-toc-section\" id=\"Choisir_une_VMC_Simple_Flux_ou_Double_Flux\"><\/span><span style=\"font-weight: 400;\">Choisir une VMC Simple Flux ou Double Flux ?<\/span><span class=\"ez-toc-section-end\"><\/span><\/h2>\n<p><span style=\"font-weight: 400;\">Lors de la construction d\u2019un logement individuel ou collectif, vous serez amen\u00e9 \u00e0 faire un choix quant au syst\u00e8me de ventilation du b\u00e2timent. Si aujourd\u2019hui <\/span><a href=\"https:\/\/www.france-air.com\/dossiers-techniques\/vmc\/\"><span style=\"font-weight: 400;\">95% des logements en France sont \u00e9quip\u00e9s d\u2019un syst\u00e8me de ventilation Simple Flux,<\/span><\/a><span style=\"font-weight: 400;\"> nous pensons, chez Soler &amp; Palau, qu\u2019un syst\u00e8me de VMC Double Flux pr\u00e9sente de nombreux avantages :<\/span><\/p>\n<ul>\n<li style=\"font-weight: 400;\" aria-level=\"1\"><span style=\"font-weight: 400;\">Il permet d\u2019<\/span><b>\u00e9conomiser jusqu\u2019\u00e0 30%<\/b><span style=\"font-weight: 400;\"> sur la facture d\u2019\u00e9lectricit\u00e9.<\/span><\/li>\n<li style=\"font-weight: 400;\" aria-level=\"1\"><span style=\"font-weight: 400;\">Il assure un <\/span><b>meilleur confort thermique <\/b><span style=\"font-weight: 400;\">pour l\u2019utilisateur en r\u00e9gulant plus efficacement la temp\u00e9rature int\u00e9rieure d\u2019un b\u00e2timent qu\u2019une VMC Simple flux.<\/span><\/li>\n<li style=\"font-weight: 400;\" aria-level=\"1\"><span style=\"font-weight: 400;\">Il assure un <\/span><b>meilleur confort acoustique<\/b><span style=\"font-weight: 400;\"> (moins de ventilation naturelle et donc moins de bruits ext\u00e9rieurs).<\/span><\/li>\n<li style=\"font-weight: 400;\" aria-level=\"1\"><span style=\"font-weight: 400;\">La <\/span><b>qualit\u00e9 de l\u2019air int\u00e9rieur <\/b><span style=\"font-weight: 400;\">est grandement am\u00e9lior\u00e9e et r\u00e9duit donc les risques de contamination aux polluants int\u00e9rieurs, notamment pour les personnes pr\u00e9sentant certaines pathologies.<\/span><\/li>\n<\/ul>\n<p><a href=\"https:\/\/www.solerpalau.com\/fr-fr\/contact\/\"><span style=\"font-weight: 400;\">[Vous avez besoin d\u2019aide dans votre projet de construction ? Contactez d\u00e8s maintenant notre \u00e9quipe technique qui vous aidera dans votre projet !]<\/span><\/a><\/p>\n\n\n<!--HubSpot Call-to-Action Code --><span class=\"hs-cta-wrapper\" id=\"hs-cta-wrapper-1bc42ea6-3ebe-4916-b735-1cbe7b529e74\"><span class=\"hs-cta-node hs-cta-1bc42ea6-3ebe-4916-b735-1cbe7b529e74\" id=\"hs-cta-1bc42ea6-3ebe-4916-b735-1cbe7b529e74\"><!--[if lte IE 8]><div id=\"hs-cta-ie-element\"><\/div><![endif]--><a href=\"https:\/\/cta-redirect.hubspot.com\/cta\/redirect\/2009592\/1bc42ea6-3ebe-4916-b735-1cbe7b529e74\" target=\"_blank\" rel=\"noopener noreferrer\"><img decoding=\"async\" class=\"hs-cta-img\" id=\"hs-cta-img-1bc42ea6-3ebe-4916-b735-1cbe7b529e74\" style=\"border-width:0px;\" src=\"https:\/\/no-cache.hubspot.com\/cta\/default\/2009592\/1bc42ea6-3ebe-4916-b735-1cbe7b529e74.png\" alt=\"Nueva llamada a la acci\u00f3n\"><\/a><\/span><script charset=\"utf-8\" src=\"https:\/\/js.hscta.net\/cta\/current.js\"><\/script><script type=\"text\/javascript\"> hbspt.cta.load(2009592, '1bc42ea6-3ebe-4916-b735-1cbe7b529e74', {\"useNewLoader\":\"true\",\"region\":\"na1\"}); <\/script><\/span><!-- end HubSpot Call-to-Action Code -->\n","protected":false},"excerpt":{"rendered":"<p>D\u00e9couvrez dans cet article de Soler Palau les normes, d\u00e9crets et r\u00e9glementation d\u2019une VMC collective ou individuelle, dans un logement neuf ou \u00e0 r\u00e9nover.<\/p>\n","protected":false},"author":10,"featured_media":3796,"comment_status":"closed","ping_status":"closed","sticky":false,"template":"","format":"standard","meta":{"_acf_changed":false,"footnotes":""},"categories":[23,26],"tags":[],"class_list":["post-3795","post","type-post","status-publish","format-standard","has-post-thumbnail","hentry","category-reglementation","category-ventilation-vmc"],"acf":[],"yoast_head":"<!-- This site is optimized with the Yoast SEO plugin v26.1 - https:\/\/yoast.com\/wordpress\/plugins\/seo\/ -->\n<title>Quelles sont les r\u00e9glementations d\u2019une VMC | S&amp;P<\/title>\n<meta name=\"description\" content=\"D\u00e9couvrez dans cet article de Soler Palau les normes, d\u00e9crets et r\u00e9glementations d\u2019une VMC collective ou individuelle, dans un logement neuf ou \u00e0 r\u00e9nover.\" \/>\n<meta name=\"robots\" content=\"index, follow, max-snippet:-1, max-image-preview:large, max-video-preview:-1\" \/>\n<link rel=\"canonical\" href=\"https:\/\/www.solerpalau.com\/blog\/fr-fr\/reglementation-vmc-collective\/\" \/>\n<meta property=\"og:locale\" content=\"fr_FR\" \/>\n<meta property=\"og:type\" content=\"article\" \/>\n<meta property=\"og:title\" content=\"Quelles sont les r\u00e9glementations d\u2019une VMC | S&amp;P\" \/>\n<meta property=\"og:description\" content=\"D\u00e9couvrez dans cet article de Soler Palau les normes, d\u00e9crets et r\u00e9glementations d\u2019une VMC collective ou individuelle, dans un logement neuf ou \u00e0 r\u00e9nover.\" \/>\n<meta property=\"og:url\" content=\"https:\/\/www.solerpalau.com\/blog\/fr-fr\/reglementation-vmc-collective\/\" \/>\n<meta property=\"og:site_name\" content=\"S&amp;P Syst\u00e8mes de Ventilation\" \/>\n<meta property=\"article:published_time\" content=\"2024-08-30T13:45:36+00:00\" \/>\n<meta property=\"article:modified_time\" content=\"2025-02-24T16:38:16+00:00\" \/>\n<meta property=\"og:image\" content=\"https:\/\/www.solerpalau.com\/blog\/fr-fr\/wp-content\/uploads\/sites\/2\/2021\/10\/reglementation-vmc-collective.jpg\" \/>\n\t<meta property=\"og:image:width\" content=\"1200\" \/>\n\t<meta property=\"og:image:height\" content=\"627\" \/>\n\t<meta property=\"og:image:type\" content=\"image\/jpeg\" \/>\n<meta name=\"author\" content=\"S&amp;P\" \/>\n<meta name=\"twitter:card\" content=\"summary_large_image\" \/>\n<meta name=\"twitter:label1\" content=\"\u00c9crit par\" \/>\n\t<meta name=\"twitter:data1\" content=\"S&amp;P\" \/>\n\t<meta name=\"twitter:label2\" content=\"Dur\u00e9e de lecture estim\u00e9e\" \/>\n\t<meta name=\"twitter:data2\" content=\"4 minutes\" \/>\n<!-- \/ Yoast SEO plugin. -->","yoast_head_json":{"title":"Quelles sont les r\u00e9glementations d\u2019une VMC | S&P","description":"D\u00e9couvrez dans cet article de Soler Palau les normes, d\u00e9crets et r\u00e9glementations d\u2019une VMC collective ou individuelle, dans un logement neuf ou \u00e0 r\u00e9nover.","robots":{"index":"index","follow":"follow","max-snippet":"max-snippet:-1","max-image-preview":"max-image-preview:large","max-video-preview":"max-video-preview:-1"},"canonical":"https:\/\/www.solerpalau.com\/blog\/fr-fr\/reglementation-vmc-collective\/","og_locale":"fr_FR","og_type":"article","og_title":"Quelles sont les r\u00e9glementations d\u2019une VMC | S&P","og_description":"D\u00e9couvrez dans cet article de Soler Palau les normes, d\u00e9crets et r\u00e9glementations d\u2019une VMC collective ou individuelle, dans un logement neuf ou \u00e0 r\u00e9nover.","og_url":"https:\/\/www.solerpalau.com\/blog\/fr-fr\/reglementation-vmc-collective\/","og_site_name":"S&amp;P Syst\u00e8mes de Ventilation","article_published_time":"2024-08-30T13:45:36+00:00","article_modified_time":"2025-02-24T16:38:16+00:00","og_image":[{"width":1200,"height":627,"url":"https:\/\/www.solerpalau.com\/blog\/fr-fr\/wp-content\/uploads\/sites\/2\/2021\/10\/reglementation-vmc-collective.jpg","type":"image\/jpeg"}],"author":"S&amp;P","twitter_card":"summary_large_image","twitter_misc":{"\u00c9crit par":"S&amp;P","Dur\u00e9e de lecture estim\u00e9e":"4 minutes"},"schema":{"@context":"https:\/\/schema.org","@graph":[{"@type":"WebPage","@id":"https:\/\/www.solerpalau.com\/blog\/fr-fr\/reglementation-vmc-collective\/","url":"https:\/\/www.solerpalau.com\/blog\/fr-fr\/reglementation-vmc-collective\/","name":"Quelles sont les r\u00e9glementations d\u2019une VMC | S&P","isPartOf":{"@id":"https:\/\/www.solerpalau.com\/blog\/fr-fr\/#website"},"primaryImageOfPage":{"@id":"https:\/\/www.solerpalau.com\/blog\/fr-fr\/reglementation-vmc-collective\/#primaryimage"},"image":{"@id":"https:\/\/www.solerpalau.com\/blog\/fr-fr\/reglementation-vmc-collective\/#primaryimage"},"thumbnailUrl":"https:\/\/www.solerpalau.com\/blog\/fr-fr\/wp-content\/uploads\/sites\/2\/2021\/10\/reglementation-vmc-collective.jpg","datePublished":"2024-08-30T13:45:36+00:00","dateModified":"2025-02-24T16:38:16+00:00","author":{"@id":"https:\/\/www.solerpalau.com\/blog\/fr-fr\/#\/schema\/person\/a649fcc0fccdca5446ea2bc371ad5cb9"},"description":"D\u00e9couvrez dans cet article de Soler Palau les normes, d\u00e9crets et r\u00e9glementations d\u2019une VMC collective ou individuelle, dans un logement neuf ou \u00e0 r\u00e9nover.","breadcrumb":{"@id":"https:\/\/www.solerpalau.com\/blog\/fr-fr\/reglementation-vmc-collective\/#breadcrumb"},"inLanguage":"fr-FR","potentialAction":[{"@type":"ReadAction","target":["https:\/\/www.solerpalau.com\/blog\/fr-fr\/reglementation-vmc-collective\/"]}]},{"@type":"ImageObject","inLanguage":"fr-FR","@id":"https:\/\/www.solerpalau.com\/blog\/fr-fr\/reglementation-vmc-collective\/#primaryimage","url":"https:\/\/www.solerpalau.com\/blog\/fr-fr\/wp-content\/uploads\/sites\/2\/2021\/10\/reglementation-vmc-collective.jpg","contentUrl":"https:\/\/www.solerpalau.com\/blog\/fr-fr\/wp-content\/uploads\/sites\/2\/2021\/10\/reglementation-vmc-collective.jpg","width":1200,"height":627,"caption":"Reglementation VMC Collective - S&P"},{"@type":"BreadcrumbList","@id":"https:\/\/www.solerpalau.com\/blog\/fr-fr\/reglementation-vmc-collective\/#breadcrumb","itemListElement":[{"@type":"ListItem","position":1,"name":"Accueil","item":"https:\/\/www.solerpalau.com\/blog\/fr-fr\/"},{"@type":"ListItem","position":2,"name":"Quelles sont les r\u00e9glementations d\u2019une VMC collective et individuelle ?"}]},{"@type":"WebSite","@id":"https:\/\/www.solerpalau.com\/blog\/fr-fr\/#website","url":"https:\/\/www.solerpalau.com\/blog\/fr-fr\/","name":"S&amp;P Syst\u00e8mes de Ventilation","description":"Le Blog de la Ventilation Efficace","potentialAction":[{"@type":"SearchAction","target":{"@type":"EntryPoint","urlTemplate":"https:\/\/www.solerpalau.com\/blog\/fr-fr\/?s={search_term_string}"},"query-input":{"@type":"PropertyValueSpecification","valueRequired":true,"valueName":"search_term_string"}}],"inLanguage":"fr-FR"},{"@type":"Person","@id":"https:\/\/www.solerpalau.com\/blog\/fr-fr\/#\/schema\/person\/a649fcc0fccdca5446ea2bc371ad5cb9","name":"S&amp;P","image":{"@type":"ImageObject","inLanguage":"fr-FR","@id":"https:\/\/www.solerpalau.com\/blog\/fr-fr\/#\/schema\/person\/image\/","url":"https:\/\/secure.gravatar.com\/avatar\/994644236667321375ba4d21a34a002e2bcfd7b33a114caa4c9dc488ece6c970?s=96&d=mm&r=g","contentUrl":"https:\/\/secure.gravatar.com\/avatar\/994644236667321375ba4d21a34a002e2bcfd7b33a114caa4c9dc488ece6c970?s=96&d=mm&r=g","caption":"S&amp;P"},"url":"https:\/\/www.solerpalau.com\/blog\/fr-fr\/author\/binaria\/"}]}},"reading_time":"<span class=\"span-reading-time rt-reading-time\"><span class=\"rt-label rt-prefix\"><\/span> <span class=\"rt-time\"> 3<\/span> <span class=\"rt-label rt-postfix\"> min. de lecture<\/span><\/span>","_links":{"self":[{"href":"https:\/\/www.solerpalau.com\/blog\/fr-fr\/wp-json\/wp\/v2\/posts\/3795","targetHints":{"allow":["GET"]}}],"collection":[{"href":"https:\/\/www.solerpalau.com\/blog\/fr-fr\/wp-json\/wp\/v2\/posts"}],"about":[{"href":"https:\/\/www.solerpalau.com\/blog\/fr-fr\/wp-json\/wp\/v2\/types\/post"}],"author":[{"embeddable":true,"href":"https:\/\/www.solerpalau.com\/blog\/fr-fr\/wp-json\/wp\/v2\/users\/10"}],"replies":[{"embeddable":true,"href":"https:\/\/www.solerpalau.com\/blog\/fr-fr\/wp-json\/wp\/v2\/comments?post=3795"}],"version-history":[{"count":9,"href":"https:\/\/www.solerpalau.com\/blog\/fr-fr\/wp-json\/wp\/v2\/posts\/3795\/revisions"}],"predecessor-version":[{"id":5331,"href":"https:\/\/www.solerpalau.com\/blog\/fr-fr\/wp-json\/wp\/v2\/posts\/3795\/revisions\/5331"}],"wp:featuredmedia":[{"embeddable":true,"href":"https:\/\/www.solerpalau.com\/blog\/fr-fr\/wp-json\/wp\/v2\/media\/3796"}],"wp:attachment":[{"href":"https:\/\/www.solerpalau.com\/blog\/fr-fr\/wp-json\/wp\/v2\/media?parent=3795"}],"wp:term":[{"taxonomy":"category","embeddable":true,"href":"https:\/\/www.solerpalau.com\/blog\/fr-fr\/wp-json\/wp\/v2\/categories?post=3795"},{"taxonomy":"post_tag","embeddable":true,"href":"https:\/\/www.solerpalau.com\/blog\/fr-fr\/wp-json\/wp\/v2\/tags?post=3795"}],"curies":[{"name":"wp","href":"https:\/\/api.w.org\/{rel}","templated":true}]}}