{"id":4536,"date":"2024-06-14T11:38:44","date_gmt":"2024-06-14T09:38:44","guid":{"rendered":"https:\/\/www.solerpalau.com\/blog\/fr-fr\/?p=4536"},"modified":"2024-11-26T11:26:58","modified_gmt":"2024-11-26T10:26:58","slug":"numerisation-batiments-conformite-legislation-europeenne-vmc","status":"publish","type":"post","link":"https:\/\/www.solerpalau.com\/blog\/fr-fr\/numerisation-batiments-conformite-legislation-europeenne-vmc\/","title":{"rendered":"Num\u00e9risation des b\u00e2timents : comment se conformer \u00e0 la l\u00e9gislation europ\u00e9enne gr\u00e2ce \u00e0 la technologie num\u00e9rique dans la VMC"},"content":{"rendered":"<p><span class=\"s1\">Pens\u00e9e, puis mise en place pour suivre les b\u00e2timents tout au long de leur cycle de vie, la num\u00e9risation des constructions facilite la gestion en temps r\u00e9el de tous leurs \u00e9quipements. <strong>La technologie num\u00e9rique permet de se conformer plus facilement aux exigences de la l\u00e9gislation europ\u00e9enne.<\/strong> R\u00e9f\u00e9rence du renouvellement d\u2019air en France, S&amp;P propose une solution de connectivit\u00e9 de ses VMC \u00e0 la port\u00e9e de tous les particuliers. Explications.<\/span><!--more--><\/p><div id=\"ez-toc-container\" class=\"ez-toc-v2_0_76 counter-hierarchy ez-toc-counter ez-toc-custom ez-toc-container-direction\">\n<div class=\"ez-toc-title-container\">\n<p class=\"ez-toc-title\" style=\"cursor:inherit\">Table des mati\u00e8res<\/p>\n<span class=\"ez-toc-title-toggle\"><\/span><\/div>\n<nav><ul class='ez-toc-list ez-toc-list-level-1 ' ><li class='ez-toc-page-1 ez-toc-heading-level-2'><a class=\"ez-toc-link ez-toc-heading-1\" href=\"https:\/\/www.solerpalau.com\/blog\/fr-fr\/numerisation-batiments-conformite-legislation-europeenne-vmc\/#Numerisation_des_batiments_pourquoi_et_comment%E2%80%89\" >Num\u00e9risation des b\u00e2timents\u00a0: pourquoi et comment\u2009?<\/a><\/li><li class='ez-toc-page-1 ez-toc-heading-level-2'><a class=\"ez-toc-link ez-toc-heading-2\" href=\"https:\/\/www.solerpalau.com\/blog\/fr-fr\/numerisation-batiments-conformite-legislation-europeenne-vmc\/#Repondre_aux_exigences_de_lUnion_europeenne\" >R\u00e9pondre aux exigences de l\u2019Union europ\u00e9enne<\/a><\/li><li class='ez-toc-page-1 ez-toc-heading-level-2'><a class=\"ez-toc-link ez-toc-heading-3\" href=\"https:\/\/www.solerpalau.com\/blog\/fr-fr\/numerisation-batiments-conformite-legislation-europeenne-vmc\/#Une_ventilation_connectee\" >Une ventilation connect\u00e9e<\/a><\/li><\/ul><\/nav><\/div>\n\n<h2 class=\"p1\"><span class=\"ez-toc-section\" id=\"Numerisation_des_batiments_pourquoi_et_comment%E2%80%89\"><\/span><span class=\"s1\"><b>Num\u00e9risation des b\u00e2timents\u00a0: pourquoi et comment\u2009?<\/b><\/span><span class=\"ez-toc-section-end\"><\/span><\/h2>\n<p class=\"p1\"><span class=\"s1\">La num\u00e9risation des b\u00e2timents consiste \u00e0 <strong>installer d\u00e8s leur conception des capteurs permettant le recueil de donn\u00e9es tr\u00e8s diverses.<\/strong> La collecte des informations autorise le suivi en temps r\u00e9el de l\u2019\u00e9tat de la construction, de sa consommation \u00e9nerg\u00e9tique et de son taux d\u2019occupation.\u00a0<\/span><\/p>\n<p class=\"p1\"><span class=\"s1\">Analys\u00e9es puis trait\u00e9es, ces donn\u00e9es facilitent la gestion \u00e9nerg\u00e9tique des b\u00e2timents. Elle optimise, la consommation d\u2019\u00e9nergie sans pr\u00e9judice pour leur confort. La num\u00e9risation des b\u00e2timents implique l\u2019installation de capteurs lors de la construction, mais aussi l\u2019int\u00e9gration ult\u00e9rieure de logiciels de traitement de l\u2019information dans les services de gestion.<\/span><\/p>\n<h2 class=\"p1\"><span class=\"ez-toc-section\" id=\"Repondre_aux_exigences_de_lUnion_europeenne\"><\/span><span class=\"s1\"><b>R\u00e9pondre aux exigences de l\u2019Union europ\u00e9enne<\/b><\/span><span class=\"ez-toc-section-end\"><\/span><\/h2>\n<p class=\"p1\"><span class=\"s1\">Appliqu\u00e9e au secteur de la construction, la num\u00e9risation se traduit par l\u2019\u00e9mergence de <strong>b\u00e2timents dits intelligents<\/strong>. Avec ces derniers, gr\u00e2ce \u00e0 l\u2019analyse en temps r\u00e9el des donn\u00e9es collect\u00e9es, il est d\u00e9sormais possible d\u2019adapter le fonctionnement des syst\u00e8mes aux besoins. L\u2019utilisation du syst\u00e8me de chauffage, de la climatisation ou de la ventilation s\u2019en trouve grandement optimis\u00e9e. Le b\u00e2timent consomme la juste quantit\u00e9 d\u2019\u00e9nergie n\u00e9cessaire \u00e0 l\u2019instant \u00ab\u2009t\u2009\u00bb pour assurer le confort de ses occupants, tout en respectant la conformit\u00e9 l\u00e9gislative.<\/span><\/p>\n<p class=\"p1\"><span class=\"s1\">De fait, la num\u00e9risation offre un outil de pilotage pr\u00e9cieux, pour r\u00e9pondre aux exigences de la directive europ\u00e9enne 2010\/31\/UE, relative \u00e0 la performance \u00e9nerg\u00e9tique des b\u00e2timents. R\u00e9vis\u00e9e tous les 5 ans, cette directive impose \u00e0 tous les \u00c9tats membres des exigences relatives\u00a0:<\/span><\/p>\n<ul class=\"ul1\">\n<li class=\"li1\"><span class=\"s1\">Au chauffage des locaux.<\/span><\/li>\n<li class=\"li3\"><span class=\"s1\">Au refroidissement des locaux.<\/span><\/li>\n<li class=\"li3\"><span class=\"s1\">La production d\u2019eau chaude sanitaire.<\/span><\/li>\n<li class=\"li3\"><span class=\"s1\">L\u2019\u00e9clairage.<\/span><\/li>\n<li class=\"li3\"><span class=\"s1\">La ventilation.<\/span><\/li>\n<li class=\"li3\"><span class=\"s1\">Tout autre syst\u00e8me int\u00e9gr\u00e9 au b\u00e2timent.<\/span><\/li>\n<\/ul>\n<p class=\"p1\"><span class=\"s1\">Ce texte important de l\u2019Union europ\u00e9enne, en mati\u00e8re de performance \u00e9nerg\u00e9tique, a \u00e9t\u00e9 compl\u00e9t\u00e9 par <a href=\"https:\/\/aida.ineris.fr\/reglementation\/directive-ue-ndeg-2018844-parlement-europeen-conseil-300518-modifiant-directive\" target=\"_blank\" rel=\"noopener\">les directives 2012\/27\/UE relatives \u00e0 l\u2019efficacit\u00e9 \u00e9nerg\u00e9tique et 2018\/844 du Parlement europ\u00e9en et du conseil.<\/a> Cette abondante l\u00e9gislation europ\u00e9enne en construction t\u00e9moigne de l\u2019importance accord\u00e9e \u00e0 ce sujet par les instances communautaires. Ces derni\u00e8res souhaitent d\u00e9carboner le parc immobilier europ\u00e9en d\u2019ici 2050. Ce parc est aujourd\u2019hui responsable de 36\u00a0% des \u00e9missions de CO<\/span><span class=\"s2\"><sub>2<\/sub><\/span><span class=\"s1\"> de l\u2019Union europ\u00e9enne.<\/span><\/p>\n<p><!--HubSpot Call-to-Action Code --><\/p>\n<p><span id=\"hs-cta-wrapper-ac73e051-3bd1-4d87-9bc3-8cd6645a02b1\" class=\"hs-cta-wrapper\"><span id=\"hs-cta-ac73e051-3bd1-4d87-9bc3-8cd6645a02b1\" class=\"hs-cta-node hs-cta-ac73e051-3bd1-4d87-9bc3-8cd6645a02b1\"><!-- [if lte IE 8]>\n\n<div id=\"hs-cta-ie-element\"><\/div>\n\n<![endif]--><a href=\"https:\/\/cta-redirect.hubspot.com\/cta\/redirect\/2009592\/ac73e051-3bd1-4d87-9bc3-8cd6645a02b1\"><img decoding=\"async\" id=\"hs-cta-img-ac73e051-3bd1-4d87-9bc3-8cd6645a02b1\" class=\"hs-cta-img\" style=\"border-width: 0px;\" src=\"https:\/\/no-cache.hubspot.com\/cta\/default\/2009592\/ac73e051-3bd1-4d87-9bc3-8cd6645a02b1.png\" alt=\"EBOOK: Quelle VMC et solutions de ventilation pour votre maison en 2023 ?  [T\u00e9l\u00e9chargez gratuitement]\" \/><\/a><\/span><script charset=\"utf-8\" src=\"https:\/\/js.hscta.net\/cta\/current.js\"><\/script><script type=\"text\/javascript\"> hbspt.cta.load(2009592, 'ac73e051-3bd1-4d87-9bc3-8cd6645a02b1', {\"useNewLoader\":\"true\",\"region\":\"na1\"}); <\/script><\/span><\/p>\n<p><!-- end HubSpot Call-to-Action Code --><\/p>\n<h2 class=\"p1\"><span class=\"ez-toc-section\" id=\"Une_ventilation_connectee\"><\/span><span class=\"s1\"><b>Une ventilation connect\u00e9e<\/b><\/span><span class=\"ez-toc-section-end\"><\/span><\/h2>\n<p class=\"p1\"><span class=\"s1\">Aujourd\u2019hui, <strong>une ventilation connect\u00e9e garantit la qualit\u00e9 de l\u2019air, tout en minimisant la consommation d\u2019\u00e9nergie.<\/strong> Lorsque la maison est inoccup\u00e9e, le d\u00e9bit d\u2019air de la Ventilation M\u00e9canique Contr\u00f4l\u00e9e peut \u00eatre diminu\u00e9. \u00c0 l\u2019inverse, lorsque celle-ci accueille de nombreuses personnes ou si l\u2019activit\u00e9 en cuisine bat son plein, il peut \u00eatre judicieux de l\u2019augmenter. Concr\u00e8tement, la connexion de la <a href=\"https:\/\/www.solerpalau.com\/blog\/fr-fr\/vmc-qualite-de-lair-et-efficacite-energetique-des-batiments\/\"><strong>Ventilation M\u00e9canique Contr\u00f4l\u00e9e (VMC)<\/strong><\/a> permet d\u2019adapter son fonctionnement aux imp\u00e9ratifs du moment, pour une qualit\u00e9 d\u2019air int\u00e9rieur optimale en toutes circonstances.<\/span><\/p>\n<p class=\"p1\"><span class=\"s1\">Leader Fran\u00e7ais du renouvellement d\u2019air, S&amp;P propose aux particuliers sa solution\u00a0: <a href=\"https:\/\/info.solerpalau.com\/fr\/connectair\" target=\"_blank\" rel=\"noopener\"><span class=\"s2\">ConnectAir<\/span><\/a>. Simple, utilisable sur differents types d\u2019appareils, cette application est con\u00e7ue pour contr\u00f4ler \u00e0 distance, donc \u00e0 tout moment sa ventilation S&amp;P. Disponible sur l\u2019Apple Store ou Google Play, <i>ConnectAir<\/i>\u00a0permet \u00e0 son utilisateur de\u00a0:<\/span><\/p>\n<ul class=\"ul1\">\n<li class=\"li1\"><span class=\"s2\">Surveiller en temps r\u00e9el la qualit\u00e9 de l\u2019air du logement.<\/span><\/li>\n<li class=\"li1\"><span class=\"s2\">Ajuster les d\u00e9bits au besoin du moment.<\/span><\/li>\n<li class=\"li1\"><span class=\"s2\">Programmer des plages horaires de fonctionnement.<\/span><\/li>\n<li class=\"li1\"><span class=\"s2\">Activer le bypass pour les VMC qui en sont \u00e9quip\u00e9s.<\/span><\/li>\n<li class=\"li1\"><span class=\"s2\">Contr\u00f4ler l\u2019\u00e9tat des filtres et v\u00e9rifier la n\u00e9cessit\u00e9 d\u2019un entretien.<\/span><\/li>\n<\/ul>\n<p class=\"p1\"><span class=\"s1\">En permettant un pilotage en temps r\u00e9el du fonctionnement de la VMC,<strong>\u00a0<i>ConnectAir\u00a0<\/i>offre un atout suppl\u00e9mentaire pour l\u2019efficacit\u00e9 \u00e9nerg\u00e9tique du logement.<\/strong> Cette application S&amp;P constitue un exemple parfait de ce que la num\u00e9risation peut apporter dans le secteur de la construction.<\/span><\/p>\n<p class=\"p1\"><span class=\"s1\">Toujours \u00e0 la pointe de la technologie gr\u00e2ce \u00e0 son service R&amp;D dynamique et innovant, S&amp;P vous aide \u00e0 faire rentrer votre logement dans l\u2019\u00e8re num\u00e9rique. Nos experts sont \u00e0 votre disposition pour r\u00e9pondre \u00e0 toutes vos questions en mati\u00e8re de connectivit\u00e9 de votre VMC. Vous aurez ainsi la garantie d\u2019une r\u00e9ponse pr\u00e9cise, mais aussi d\u2019un accompagnement complet pour la transformation de votre maison\u2009!<\/span><\/p>\n<p class=\"p1\"><span class=\"s1\">Dans le cadre de produits destin\u00e9s aux march\u00e9s des b\u00e2timents collectifs et tertiaires, nous mettons \u00e9galement \u00e0 disposition des produits communicants pouvant venir se plugger sur des syst\u00e8mes de gestion globale de pilotage comme la GTC.<\/span><\/p>\n\n\n<div class=\"hs-cta-embed hs-cta-simple-placeholder hs-cta-embed-163879200614\"\n  style=\"max-width:100%; max-height:100%; width:650px;height:311.203125px\" data-hubspot-wrapper-cta-id=\"163879200614\">\n  <a href=\"https:\/\/cta-service-cms2.hubspot.com\/web-interactives\/public\/v1\/track\/redirect?encryptedPayload=AVxigLKLk2bwqSvzqO5MPuhSYCBnc2k71y65Aol4zIGQa8nsWbBt1CpFWh7n7l75pUzxhe4%2FFEjCZsxSV3bcItKKQZvwUL6PCjaU4duG0U%2FMPhEAOBpx7oP5%2BVfbczHHAQveI1zpGSv4F1rfCgebmACaMiyRIVuIDUzdX50p9CX%2FocSqtSrZL6Ja8pctQm354xQfFO%2BIC0Tgsm%2FHzq604%2BIsciben4WA&#038;webInteractiveContentId=163879200614&#038;portalId=2009592\" target=\"_blank\" rel=\"noopener\" crossorigin=\"anonymous\">\n    <img decoding=\"async\" alt=\"SERVICE DE CONSEIL\" loading=\"lazy\" src=\"https:\/\/no-cache.hubspot.com\/cta\/default\/2009592\/interactive-163879200614.png\" style=\"height: 100%; width: 100%; object-fit: fill\"\n      onerror=\"this.style.display='none'\" \/>\n  <\/a>\n<\/div>\n","protected":false},"excerpt":{"rendered":"<p>La num\u00e9risation des b\u00e2timents facilite le respect des exigences europ\u00e9ennes en mati\u00e8re de performance \u00e9nerg\u00e9tique. D\u00e9couvrez la solution ConnectAir propos\u00e9e par S&#038;P pour piloter en temps r\u00e9el votre ventilation.<\/p>\n","protected":false},"author":10,"featured_media":4539,"comment_status":"closed","ping_status":"closed","sticky":false,"template":"","format":"standard","meta":{"_acf_changed":false,"footnotes":""},"categories":[25,26],"tags":[],"class_list":["post-4536","post","type-post","status-publish","format-standard","has-post-thumbnail","hentry","category-economies-denergie","category-ventilation-vmc"],"acf":[],"yoast_head":"<!-- This site is optimized with the Yoast SEO plugin v26.1 - https:\/\/yoast.com\/wordpress\/plugins\/seo\/ -->\n<title>Qu\u2019est-ce que la num\u00e9risation des b\u00e2timents\u2009? | S&amp;P<\/title>\n<meta name=\"description\" content=\"La num\u00e9risation des b\u00e2timents facilite le respect des exigences europ\u00e9ennes en mati\u00e8re de performance \u00e9nerg\u00e9tique. D\u00e9couvrez la solution ConnectAir propos\u00e9e par S&amp;P pour piloter en temps r\u00e9el votre ventilation.\" \/>\n<meta name=\"robots\" content=\"index, follow, max-snippet:-1, max-image-preview:large, max-video-preview:-1\" \/>\n<link rel=\"canonical\" href=\"https:\/\/www.solerpalau.com\/blog\/fr-fr\/numerisation-batiments-conformite-legislation-europeenne-vmc\/\" \/>\n<meta property=\"og:locale\" content=\"fr_FR\" \/>\n<meta property=\"og:type\" content=\"article\" \/>\n<meta property=\"og:title\" content=\"Qu\u2019est-ce que la num\u00e9risation des b\u00e2timents\u2009? | S&amp;P\" \/>\n<meta property=\"og:description\" content=\"La num\u00e9risation des b\u00e2timents facilite le respect des exigences europ\u00e9ennes en mati\u00e8re de performance \u00e9nerg\u00e9tique. D\u00e9couvrez la solution ConnectAir propos\u00e9e par S&amp;P pour piloter en temps r\u00e9el votre ventilation.\" \/>\n<meta property=\"og:url\" content=\"https:\/\/www.solerpalau.com\/blog\/fr-fr\/numerisation-batiments-conformite-legislation-europeenne-vmc\/\" \/>\n<meta property=\"og:site_name\" content=\"S&amp;P Syst\u00e8mes de Ventilation\" \/>\n<meta property=\"article:published_time\" content=\"2024-06-14T09:38:44+00:00\" \/>\n<meta property=\"article:modified_time\" content=\"2024-11-26T10:26:58+00:00\" \/>\n<meta property=\"og:image\" content=\"https:\/\/www.solerpalau.com\/blog\/fr-fr\/wp-content\/uploads\/sites\/2\/2024\/06\/Quest-ce-que-la-numerisation-des-batiments\u2009-SP.png\" \/>\n\t<meta property=\"og:image:width\" content=\"960\" \/>\n\t<meta property=\"og:image:height\" content=\"636\" \/>\n\t<meta property=\"og:image:type\" content=\"image\/png\" \/>\n<meta name=\"author\" content=\"S&amp;P\" \/>\n<meta name=\"twitter:card\" content=\"summary_large_image\" \/>\n<meta name=\"twitter:label1\" content=\"\u00c9crit par\" \/>\n\t<meta name=\"twitter:data1\" content=\"S&amp;P\" \/>\n\t<meta name=\"twitter:label2\" content=\"Dur\u00e9e de lecture estim\u00e9e\" \/>\n\t<meta name=\"twitter:data2\" content=\"5 minutes\" \/>\n<!-- \/ Yoast SEO plugin. -->","yoast_head_json":{"title":"Qu\u2019est-ce que la num\u00e9risation des b\u00e2timents\u2009? | S&P","description":"La num\u00e9risation des b\u00e2timents facilite le respect des exigences europ\u00e9ennes en mati\u00e8re de performance \u00e9nerg\u00e9tique. D\u00e9couvrez la solution ConnectAir propos\u00e9e par S&P pour piloter en temps r\u00e9el votre ventilation.","robots":{"index":"index","follow":"follow","max-snippet":"max-snippet:-1","max-image-preview":"max-image-preview:large","max-video-preview":"max-video-preview:-1"},"canonical":"https:\/\/www.solerpalau.com\/blog\/fr-fr\/numerisation-batiments-conformite-legislation-europeenne-vmc\/","og_locale":"fr_FR","og_type":"article","og_title":"Qu\u2019est-ce que la num\u00e9risation des b\u00e2timents\u2009? | S&P","og_description":"La num\u00e9risation des b\u00e2timents facilite le respect des exigences europ\u00e9ennes en mati\u00e8re de performance \u00e9nerg\u00e9tique. D\u00e9couvrez la solution ConnectAir propos\u00e9e par S&P pour piloter en temps r\u00e9el votre ventilation.","og_url":"https:\/\/www.solerpalau.com\/blog\/fr-fr\/numerisation-batiments-conformite-legislation-europeenne-vmc\/","og_site_name":"S&amp;P Syst\u00e8mes de Ventilation","article_published_time":"2024-06-14T09:38:44+00:00","article_modified_time":"2024-11-26T10:26:58+00:00","og_image":[{"width":960,"height":636,"url":"https:\/\/www.solerpalau.com\/blog\/fr-fr\/wp-content\/uploads\/sites\/2\/2024\/06\/Quest-ce-que-la-numerisation-des-batiments\u2009-SP.png","type":"image\/png"}],"author":"S&amp;P","twitter_card":"summary_large_image","twitter_misc":{"\u00c9crit par":"S&amp;P","Dur\u00e9e de lecture estim\u00e9e":"5 minutes"},"schema":{"@context":"https:\/\/schema.org","@graph":[{"@type":"WebPage","@id":"https:\/\/www.solerpalau.com\/blog\/fr-fr\/numerisation-batiments-conformite-legislation-europeenne-vmc\/","url":"https:\/\/www.solerpalau.com\/blog\/fr-fr\/numerisation-batiments-conformite-legislation-europeenne-vmc\/","name":"Qu\u2019est-ce que la num\u00e9risation des b\u00e2timents\u2009? | S&P","isPartOf":{"@id":"https:\/\/www.solerpalau.com\/blog\/fr-fr\/#website"},"primaryImageOfPage":{"@id":"https:\/\/www.solerpalau.com\/blog\/fr-fr\/numerisation-batiments-conformite-legislation-europeenne-vmc\/#primaryimage"},"image":{"@id":"https:\/\/www.solerpalau.com\/blog\/fr-fr\/numerisation-batiments-conformite-legislation-europeenne-vmc\/#primaryimage"},"thumbnailUrl":"https:\/\/www.solerpalau.com\/blog\/fr-fr\/wp-content\/uploads\/sites\/2\/2024\/06\/Quest-ce-que-la-numerisation-des-batiments\u2009-SP.png","datePublished":"2024-06-14T09:38:44+00:00","dateModified":"2024-11-26T10:26:58+00:00","author":{"@id":"https:\/\/www.solerpalau.com\/blog\/fr-fr\/#\/schema\/person\/a649fcc0fccdca5446ea2bc371ad5cb9"},"description":"La num\u00e9risation des b\u00e2timents facilite le respect des exigences europ\u00e9ennes en mati\u00e8re de performance \u00e9nerg\u00e9tique. D\u00e9couvrez la solution ConnectAir propos\u00e9e par S&P pour piloter en temps r\u00e9el votre ventilation.","breadcrumb":{"@id":"https:\/\/www.solerpalau.com\/blog\/fr-fr\/numerisation-batiments-conformite-legislation-europeenne-vmc\/#breadcrumb"},"inLanguage":"fr-FR","potentialAction":[{"@type":"ReadAction","target":["https:\/\/www.solerpalau.com\/blog\/fr-fr\/numerisation-batiments-conformite-legislation-europeenne-vmc\/"]}]},{"@type":"ImageObject","inLanguage":"fr-FR","@id":"https:\/\/www.solerpalau.com\/blog\/fr-fr\/numerisation-batiments-conformite-legislation-europeenne-vmc\/#primaryimage","url":"https:\/\/www.solerpalau.com\/blog\/fr-fr\/wp-content\/uploads\/sites\/2\/2024\/06\/Quest-ce-que-la-numerisation-des-batiments\u2009-SP.png","contentUrl":"https:\/\/www.solerpalau.com\/blog\/fr-fr\/wp-content\/uploads\/sites\/2\/2024\/06\/Quest-ce-que-la-numerisation-des-batiments\u2009-SP.png","width":960,"height":636,"caption":"Qu\u2019est-ce que la nume\u0301risation des ba\u0302timents\u2009- S&P"},{"@type":"BreadcrumbList","@id":"https:\/\/www.solerpalau.com\/blog\/fr-fr\/numerisation-batiments-conformite-legislation-europeenne-vmc\/#breadcrumb","itemListElement":[{"@type":"ListItem","position":1,"name":"Accueil","item":"https:\/\/www.solerpalau.com\/blog\/fr-fr\/"},{"@type":"ListItem","position":2,"name":"Num\u00e9risation des b\u00e2timents : comment se conformer \u00e0 la l\u00e9gislation europ\u00e9enne gr\u00e2ce \u00e0 la technologie num\u00e9rique dans la VMC"}]},{"@type":"WebSite","@id":"https:\/\/www.solerpalau.com\/blog\/fr-fr\/#website","url":"https:\/\/www.solerpalau.com\/blog\/fr-fr\/","name":"S&amp;P Syst\u00e8mes de Ventilation","description":"Le Blog de la Ventilation Efficace","potentialAction":[{"@type":"SearchAction","target":{"@type":"EntryPoint","urlTemplate":"https:\/\/www.solerpalau.com\/blog\/fr-fr\/?s={search_term_string}"},"query-input":{"@type":"PropertyValueSpecification","valueRequired":true,"valueName":"search_term_string"}}],"inLanguage":"fr-FR"},{"@type":"Person","@id":"https:\/\/www.solerpalau.com\/blog\/fr-fr\/#\/schema\/person\/a649fcc0fccdca5446ea2bc371ad5cb9","name":"S&amp;P","image":{"@type":"ImageObject","inLanguage":"fr-FR","@id":"https:\/\/www.solerpalau.com\/blog\/fr-fr\/#\/schema\/person\/image\/","url":"https:\/\/secure.gravatar.com\/avatar\/994644236667321375ba4d21a34a002e2bcfd7b33a114caa4c9dc488ece6c970?s=96&d=mm&r=g","contentUrl":"https:\/\/secure.gravatar.com\/avatar\/994644236667321375ba4d21a34a002e2bcfd7b33a114caa4c9dc488ece6c970?s=96&d=mm&r=g","caption":"S&amp;P"},"url":"https:\/\/www.solerpalau.com\/blog\/fr-fr\/author\/binaria\/"}]}},"reading_time":"<span class=\"span-reading-time rt-reading-time\"><span class=\"rt-label rt-prefix\"><\/span> <span class=\"rt-time\"> 3<\/span> <span class=\"rt-label rt-postfix\"> min. de lecture<\/span><\/span>","_links":{"self":[{"href":"https:\/\/www.solerpalau.com\/blog\/fr-fr\/wp-json\/wp\/v2\/posts\/4536","targetHints":{"allow":["GET"]}}],"collection":[{"href":"https:\/\/www.solerpalau.com\/blog\/fr-fr\/wp-json\/wp\/v2\/posts"}],"about":[{"href":"https:\/\/www.solerpalau.com\/blog\/fr-fr\/wp-json\/wp\/v2\/types\/post"}],"author":[{"embeddable":true,"href":"https:\/\/www.solerpalau.com\/blog\/fr-fr\/wp-json\/wp\/v2\/users\/10"}],"replies":[{"embeddable":true,"href":"https:\/\/www.solerpalau.com\/blog\/fr-fr\/wp-json\/wp\/v2\/comments?post=4536"}],"version-history":[{"count":7,"href":"https:\/\/www.solerpalau.com\/blog\/fr-fr\/wp-json\/wp\/v2\/posts\/4536\/revisions"}],"predecessor-version":[{"id":4994,"href":"https:\/\/www.solerpalau.com\/blog\/fr-fr\/wp-json\/wp\/v2\/posts\/4536\/revisions\/4994"}],"wp:featuredmedia":[{"embeddable":true,"href":"https:\/\/www.solerpalau.com\/blog\/fr-fr\/wp-json\/wp\/v2\/media\/4539"}],"wp:attachment":[{"href":"https:\/\/www.solerpalau.com\/blog\/fr-fr\/wp-json\/wp\/v2\/media?parent=4536"}],"wp:term":[{"taxonomy":"category","embeddable":true,"href":"https:\/\/www.solerpalau.com\/blog\/fr-fr\/wp-json\/wp\/v2\/categories?post=4536"},{"taxonomy":"post_tag","embeddable":true,"href":"https:\/\/www.solerpalau.com\/blog\/fr-fr\/wp-json\/wp\/v2\/tags?post=4536"}],"curies":[{"name":"wp","href":"https:\/\/api.w.org\/{rel}","templated":true}]}}