{"id":4935,"date":"2024-11-19T09:50:59","date_gmt":"2024-11-19T08:50:59","guid":{"rendered":"https:\/\/www.solerpalau.com\/blog\/fr-fr\/?p=4935"},"modified":"2024-11-19T09:51:02","modified_gmt":"2024-11-19T08:51:02","slug":"guide-pratique-de-la-ventilation-dans-le-neuf","status":"publish","type":"post","link":"https:\/\/www.solerpalau.com\/blog\/fr-fr\/guide-pratique-de-la-ventilation-dans-le-neuf\/","title":{"rendered":"Guide pratique de la ventilation dans le neuf"},"content":{"rendered":"<p class=\"p1\"><span class=\"s1\">En France, toute construction neuve doit r\u00e9pondre aux <a href=\"https:\/\/www.solerpalau.com\/blog\/fr-fr\/reglementation-re2020-et-efficacite-energetique\/\" target=\"_blank\" rel=\"noopener\"><span class=\"s2\">exigences environnementales et thermiques de la RE2020<\/span><\/a>. En mati\u00e8re de ventilation, cette obligation impose un choix adapt\u00e9 et une installation m\u00e9thodique. Nous vous proposons d\u2019aborder chaque \u00e9tape de ce processus. Un petit guide pour comprendre l\u2019importance de chaque \u00e9tape.<\/span><\/p><div id=\"ez-toc-container\" class=\"ez-toc-v2_0_76 counter-hierarchy ez-toc-counter ez-toc-custom ez-toc-container-direction\">\n<div class=\"ez-toc-title-container\">\n<p class=\"ez-toc-title\" style=\"cursor:inherit\">Table des mati\u00e8res<\/p>\n<span class=\"ez-toc-title-toggle\"><\/span><\/div>\n<nav><ul class='ez-toc-list ez-toc-list-level-1 ' ><li class='ez-toc-page-1 ez-toc-heading-level-2'><a class=\"ez-toc-link ez-toc-heading-1\" href=\"https:\/\/www.solerpalau.com\/blog\/fr-fr\/guide-pratique-de-la-ventilation-dans-le-neuf\/#Lenjeu_dune_ventilation_durable\" >L\u2019enjeu d\u2019une ventilation durable<\/a><\/li><li class='ez-toc-page-1 ez-toc-heading-level-2'><a class=\"ez-toc-link ez-toc-heading-2\" href=\"https:\/\/www.solerpalau.com\/blog\/fr-fr\/guide-pratique-de-la-ventilation-dans-le-neuf\/#La_necessite_dune_approche_globale\" >La n\u00e9cessit\u00e9 d\u2019une approche globale<\/a><\/li><li class='ez-toc-page-1 ez-toc-heading-level-2'><a class=\"ez-toc-link ez-toc-heading-3\" href=\"https:\/\/www.solerpalau.com\/blog\/fr-fr\/guide-pratique-de-la-ventilation-dans-le-neuf\/#Les_etapes_dinstallation_de_la_ventilation_dans_le_neuf\" >Les \u00e9tapes d\u2019installation de la ventilation dans le neuf<\/a><\/li><\/ul><\/nav><\/div>\n\n<p><!--more--><\/p>\n<h2><span class=\"ez-toc-section\" id=\"Lenjeu_dune_ventilation_durable\"><\/span><b>L\u2019enjeu d\u2019une ventilation durable<\/b><span class=\"ez-toc-section-end\"><\/span><\/h2>\n<p><span style=\"font-weight: 400;\">Le respect des <\/span><a href=\"https:\/\/www.legifrance.gouv.fr\/jorf\/id\/JORFTEXT000043877196\" target=\"_blank\" rel=\"noopener\"><span style=\"font-weight: 400;\">seuils d\u2019efficacit\u00e9 \u00e9nerg\u00e9tique de la RE2020<\/span><\/a><span style=\"font-weight: 400;\"> et du niveau de Qualit\u00e9 de l\u2019Air Int\u00e9rieur (QAI) requis par la r\u00e9glementation imposent une ventilation durable. Cette derni\u00e8re doit contribuer \u00e0 la performance \u00e9nerg\u00e9tique de la construction sans concession en mati\u00e8re de renouvellement de l\u2019air int\u00e9rieur. Le secteur de la ventilation a su r\u00e9pondre \u00e0 ces exigences en proposant deux solutions techniques\u00a0:<\/span><\/p>\n<ul>\n<li style=\"font-weight: 400;\" aria-level=\"1\"><b>La ventilation double-flux\u00a0: <\/b><span style=\"font-weight: 400;\">cette Ventilation M\u00e9canique Contr\u00f4l\u00e9e comprend un \u00e9changeur thermique charg\u00e9 du pr\u00e9chauffage de l\u2019air insuffl\u00e9 en hiver et de son rafra\u00eechissement en \u00e9t\u00e9. Le transfert\/absorption des calories entre flux entrant et sortant limite le recours au syst\u00e8me de chauffage ou de climatisation. [<\/span><a href=\"https:\/\/www.solerpalau.com\/blog\/fr-fr\/etude-installer-une-ventilation-double-flux-en-maison-individuelle\/\" target=\"_blank\" rel=\"noopener\"><span style=\"font-weight: 400;\">\u00c9tude de cas<\/span><\/a><span style=\"font-weight: 400;\">]<\/span><\/li>\n<\/ul>\n<p><b>La VMC hygror\u00e9glable<\/b><span style=\"font-weight: 400;\">\u00a0: cette Ventilation M\u00e9canique Contr\u00f4l\u00e9e (VMC) est pilot\u00e9e par un capteur hygrom\u00e9trique. La mise en route est limit\u00e9e \u00e0 la stricte n\u00e9cessit\u00e9 du maintien de la QAI. [<\/span><a href=\"https:\/\/www.solerpalau.com\/blog\/fr-fr\/etude-ventilation-simple-flux-hygroreglable-maison-individuelle\/\" target=\"_blank\" rel=\"noopener\"><span style=\"font-weight: 400;\">\u00c9tude de cas<\/span><\/a><span style=\"font-weight: 400;\">]<\/span><\/p>\n<div data-hubspot-wrapper-cta-id=\"174076238662\">\u00a0<\/div>\n<div class=\"hs-web-interactive-inline\" data-hubspot-wrapper-cta-id=\"174076238662\"><style data-hubspot-cta-style=\"hs-inline-web-interactive-174076238662\">\n<p>  a.hs-inline-web-interactive-174076238662link {<br \/>\n    text-decoration:none;<br \/>\n  }<\/p>\n<p>  a.hs-inline-web-interactive-174076238662hover {<br \/>\n    text-decoration:none;<br \/>\n  }<\/p>\n<\/style>\n<div style=\"font-size: 18px; text-align: center;\"><span style=\"color: #ce1a1a; font-family: Arial, Helvetica, sans-serif;\"><strong>Guide de conformit\u00e9 <\/strong>et de contr\u00f4le r\u00e9ception RE2020 pour votre projet | Fiche de contr\u00f4le inclue <strong>[T\u00e9l\u00e9charger gratuitement]<\/strong><\/span><\/div>\n<div>\u00a0<\/div>\n<div>\u00a0<\/div>\n<div>\u00a0<\/div>\n<\/div>\n<h2><span class=\"ez-toc-section\" id=\"La_necessite_dune_approche_globale\"><\/span><b>La n\u00e9cessit\u00e9 d\u2019une approche globale<\/b><span class=\"ez-toc-section-end\"><\/span><\/h2>\n<p><span style=\"font-weight: 400;\">La <\/span><a href=\"https:\/\/www.prepa-architecture.fr\/architecture-ecologique\/\" target=\"_blank\" rel=\"noopener\"><span style=\"font-weight: 400;\">conception d\u2019un b\u00e2timent \u00e9cologique<\/span><\/a><span style=\"font-weight: 400;\">, c\u2019est-\u00e0-dire conjuguant efficacit\u00e9 \u00e9nerg\u00e9tique et durabilit\u00e9, ne se r\u00e9sume pas \u00e0 l\u2019addition de bonnes pratiques. Les dispositions prises pour limiter la consommation \u00e9nerg\u00e9tique et l\u2019impact environnemental interagissent les unes avec les autres.\u00a0<\/span><\/p>\n<p><span style=\"font-weight: 400;\">L\u2019architecte concepteur a n\u00e9cessairement une approche globale de la conception du b\u00e2timent et du choix des \u00e9quipements \u00e0 installer. De l\u2019int\u00e9gration du b\u00e2timent dans son environnement \u00e0 <\/span><a href=\"https:\/\/www.solerpalau.com\/blog\/fr-fr\/bonnes-pratiques-dinstallation-dune-vmc\/\" target=\"_blank\" rel=\"noopener\"><span style=\"font-weight: 400;\">l\u2019int\u00e9gration du syst\u00e8me de ventilation<\/span><\/a><span style=\"font-weight: 400;\">, la conduite du projet ob\u00e9it \u00e0 des \u00e9quilibres pr\u00e9cis. <\/span><\/p>\n<h2><span class=\"ez-toc-section\" id=\"Les_etapes_dinstallation_de_la_ventilation_dans_le_neuf\"><\/span><b>Les \u00e9tapes d\u2019installation de la ventilation dans le neuf<\/b><span class=\"ez-toc-section-end\"><\/span><\/h2>\n<p><span style=\"font-weight: 400;\">Dans un b\u00e2timent neuf, pour lequel la recherche de l\u2019efficacit\u00e9 \u00e9nerg\u00e9tique est d\u00e9terminante, l\u2019installation de la ventilation passe par six \u00e9tapes successives\u00a0:<\/span><\/p>\n<ul>\n<li style=\"font-weight: 400;\" aria-level=\"1\"><b>Le calcul de la puissance minimale<\/b><span style=\"font-weight: 400;\">\u00a0: le VMC choisi doit pouvoir assurer un renouvellement d\u2019air complet en 6 heures dans les pi\u00e8ces humides et 24 heures dans les autres. Cette exigence, conjugu\u00e9e au volume habitable de la construction, d\u00e9termine la puissance minimale de la VMC.<\/span><\/li>\n<li style=\"font-weight: 400;\" aria-level=\"1\"><b>La recherche de l\u2019\u00e9quilibre isolation\/ventilation<\/b><span style=\"font-weight: 400;\">\u00a0: l\u2019isolation tend \u00e0 l\u2019\u00e9tanch\u00e9it\u00e9 du b\u00e2timent tandis que la climatisation op\u00e8re pour son a\u00e9ration. Le choix du syst\u00e8me de ventilation r\u00e9sulte de l\u2019\u00e9quilibre recherch\u00e9 entre les imp\u00e9ratifs thermiques et de Qualit\u00e9 de l\u2019Air Int\u00e9rieur (QAI).<\/span><\/li>\n<li style=\"font-weight: 400;\" aria-level=\"1\"><b>La prise en compte des facteurs locaux<\/b><span style=\"font-weight: 400;\">\u00a0: le climat local et l\u2019existence ou non de sources proches de pollution de l\u2019air sont pris en compte. Certaines situations imposent la mise en place de dispositifs de purification de l\u2019air.<\/span><\/li>\n<li style=\"font-weight: 400;\" aria-level=\"1\"><b>Le <\/b><a href=\"https:\/\/www.solerpalau.com\/blog\/fr-fr\/dimensionnement-des-conduits-de-ventilation\/\" target=\"_blank\" rel=\"noopener\"><b>dimensionnement des gaines de ventilation<\/b><\/a><span style=\"font-weight: 400;\"> : il s\u2019agit de calculer le diam\u00e8tre de chaque conduit de ventilation pour d\u00e9finir la hauteur manom\u00e9trique \u00e0 fournir et donc la puissance du ventilateur. Plus le b\u00e2timent est important, plus ce calcul peut s\u2019av\u00e9rer complexe. R\u00e9f\u00e9rence mondiale de la ventilation, Soler &amp; Palau a con\u00e7u le logiciel <\/span><a href=\"https:\/\/performair.extranet-solerpalau.fr\/\" target=\"_blank\" rel=\"noopener\"><span style=\"font-weight: 400;\">PERFOMAIR<\/span><\/a> <span style=\"font-weight: 400;\">qui facilite le dimensionnement th\u00e9orique.<\/span><\/li>\n<li style=\"font-weight: 400;\" aria-level=\"1\"><b>L\u2019int\u00e9gration dans la construction<\/b><span style=\"font-weight: 400;\">\u00a0: elle doit \u00eatre effectu\u00e9e par un professionnel de la ventilation. Les normes \u00e0 respecter en mati\u00e8re d\u2019\u00e9tanch\u00e9it\u00e9 du r\u00e9seau de ventilation exigent, en effet, un savoir-faire sp\u00e9cifique.<\/span><\/li>\n<li style=\"font-weight: 400;\" aria-level=\"1\"><b>Le contr\u00f4le du syst\u00e8me de ventilation<\/b><span style=\"font-weight: 400;\">\u00a0: la RE2020 impose un contr\u00f4le afin d\u2019am\u00e9liorer la Qualit\u00e9 de l\u2019Air Int\u00e9rieur (QAI) tout en tenant compte de l\u2019\u00e9tanch\u00e9it\u00e9 du b\u00e2timent \u00e0 l\u2019air ext\u00e9rieur. Ce contr\u00f4le comprend une pr\u00e9inspection, des v\u00e9rifications visuelles et des mesures de d\u00e9bit et de pression.<\/span><\/li>\n<\/ul>\n<p><span style=\"font-weight: 400;\">Vous retiendrez que le choix et l\u2019installation d\u2019un syst\u00e8me de ventilation dans un b\u00e2timent neuf n\u00e9cessitent une expertise particuli\u00e8re. Depuis sa cr\u00e9ation en 1951, Soler &amp; Palau s\u2019est depuis impos\u00e9 comme une r\u00e9f\u00e9rence mondiale de la ventilation. En donnant la priorit\u00e9 \u00e0 la recherche et au d\u00e9veloppement, nous avons pu concr\u00e9tiser le concept de ventilation durable.\u00a0<\/span><\/p>\n<p><span style=\"font-weight: 400;\">Soler &amp; Palau propose des solutions techniques pertinentes, mais aussi les services et les outils n\u00e9cessaires \u00e0 une int\u00e9gration parfaite. Un gage de r\u00e9ussite pour l\u2019installation de la ventilation dans tous les types de b\u00e2timents neufs\u2009!\u00a0<\/span><\/p>\n\n\n<div class=\"hs-cta-embed hs-cta-simple-placeholder hs-cta-embed-179808785843\"\n  style=\"max-width:100%; max-height:100%; width:650px;height:311.9921875px\" data-hubspot-wrapper-cta-id=\"179808785843\">\n  <a href=\"https:\/\/cta-service-cms2.hubspot.com\/web-interactives\/public\/v1\/track\/redirect?encryptedPayload=AVxigLJpRaPkNzzORfez%2BN3MStDevPUgDHG1%2BxgJSbgeF3n6JOAMxiqCdE9qbzVj97w26rGEhPdavTYlZcEhMHQXsbqS5TlXIj0eNA82kClJMp4zkfLJfiSeQZZR%2BhGO56Xzz1moxZRbSXQPHpJmzgt%2FaKGm71AaF1CDyc9H6Of%2FlIRQFE%2FZK4DbDaKn3wFngkLozHqw8U%2FF2f54StI%3D&#038;webInteractiveContentId=179808785843&#038;portalId=2009592\" target=\"_blank\" rel=\"noopener\" crossorigin=\"anonymous\">\n    <img decoding=\"async\" alt=\"T&eacute;l&eacute;chargez vos plans&nbsp;de projet\" loading=\"lazy\" src=\"https:\/\/no-cache.hubspot.com\/cta\/default\/2009592\/interactive-179808785843.png\" style=\"height: 100%; width: 100%; object-fit: fill\"\n      onerror=\"this.style.display='none'\" \/>\n  <\/a>\n<\/div>\n","protected":false},"excerpt":{"rendered":"<p> L\u2019installation d\u2019un syst\u00e8me de ventilation dans un b\u00e2timent neuf ob\u00e9it \u00e0 un processus m\u00e9thodique. Les \u00e9tapes d\u00e9taill\u00e9es d\u2019une int\u00e9gration r\u00e9ussie.<\/p>\n","protected":false},"author":10,"featured_media":4946,"comment_status":"open","ping_status":"open","sticky":false,"template":"","format":"standard","meta":{"_acf_changed":false,"footnotes":""},"categories":[25],"tags":[],"class_list":["post-4935","post","type-post","status-publish","format-standard","has-post-thumbnail","hentry","category-economies-denergie"],"acf":[],"yoast_head":"<!-- This site is optimized with the Yoast SEO plugin v26.1 - https:\/\/yoast.com\/wordpress\/plugins\/seo\/ -->\n<title>Guide pratique de la ventilation dans le neuf - S&amp;P<\/title>\n<meta name=\"description\" content=\"L\u2019installation d\u2019un syst\u00e8me de ventilation dans un b\u00e2timent neuf ob\u00e9it \u00e0 un processus m\u00e9thodique. Les \u00e9tapes d\u00e9taill\u00e9es d\u2019une int\u00e9gration r\u00e9ussie.\" \/>\n<meta name=\"robots\" content=\"index, follow, max-snippet:-1, max-image-preview:large, max-video-preview:-1\" \/>\n<link rel=\"canonical\" href=\"https:\/\/www.solerpalau.com\/blog\/fr-fr\/guide-pratique-de-la-ventilation-dans-le-neuf\/\" \/>\n<meta property=\"og:locale\" content=\"fr_FR\" \/>\n<meta property=\"og:type\" content=\"article\" \/>\n<meta property=\"og:title\" content=\"Guide pratique de la ventilation dans le neuf - S&amp;P\" \/>\n<meta property=\"og:description\" content=\"L\u2019installation d\u2019un syst\u00e8me de ventilation dans un b\u00e2timent neuf ob\u00e9it \u00e0 un processus m\u00e9thodique. Les \u00e9tapes d\u00e9taill\u00e9es d\u2019une int\u00e9gration r\u00e9ussie.\" \/>\n<meta property=\"og:url\" content=\"https:\/\/www.solerpalau.com\/blog\/fr-fr\/guide-pratique-de-la-ventilation-dans-le-neuf\/\" \/>\n<meta property=\"og:site_name\" content=\"S&amp;P Syst\u00e8mes de Ventilation\" \/>\n<meta property=\"article:published_time\" content=\"2024-11-19T08:50:59+00:00\" \/>\n<meta property=\"article:modified_time\" content=\"2024-11-19T08:51:02+00:00\" \/>\n<meta property=\"og:image\" content=\"https:\/\/www.solerpalau.com\/blog\/fr-fr\/wp-content\/uploads\/sites\/2\/2024\/11\/la-ventilation-dans-le-neuf-SP.jpg\" \/>\n\t<meta property=\"og:image:width\" content=\"960\" \/>\n\t<meta property=\"og:image:height\" content=\"636\" \/>\n\t<meta property=\"og:image:type\" content=\"image\/jpeg\" \/>\n<meta name=\"author\" content=\"S&amp;P\" \/>\n<meta name=\"twitter:card\" content=\"summary_large_image\" \/>\n<meta name=\"twitter:label1\" content=\"\u00c9crit par\" \/>\n\t<meta name=\"twitter:data1\" content=\"S&amp;P\" \/>\n\t<meta name=\"twitter:label2\" content=\"Dur\u00e9e de lecture estim\u00e9e\" \/>\n\t<meta name=\"twitter:data2\" content=\"4 minutes\" \/>\n<!-- \/ Yoast SEO plugin. -->","yoast_head_json":{"title":"Guide pratique de la ventilation dans le neuf - S&P","description":"L\u2019installation d\u2019un syst\u00e8me de ventilation dans un b\u00e2timent neuf ob\u00e9it \u00e0 un processus m\u00e9thodique. Les \u00e9tapes d\u00e9taill\u00e9es d\u2019une int\u00e9gration r\u00e9ussie.","robots":{"index":"index","follow":"follow","max-snippet":"max-snippet:-1","max-image-preview":"max-image-preview:large","max-video-preview":"max-video-preview:-1"},"canonical":"https:\/\/www.solerpalau.com\/blog\/fr-fr\/guide-pratique-de-la-ventilation-dans-le-neuf\/","og_locale":"fr_FR","og_type":"article","og_title":"Guide pratique de la ventilation dans le neuf - S&P","og_description":"L\u2019installation d\u2019un syst\u00e8me de ventilation dans un b\u00e2timent neuf ob\u00e9it \u00e0 un processus m\u00e9thodique. Les \u00e9tapes d\u00e9taill\u00e9es d\u2019une int\u00e9gration r\u00e9ussie.","og_url":"https:\/\/www.solerpalau.com\/blog\/fr-fr\/guide-pratique-de-la-ventilation-dans-le-neuf\/","og_site_name":"S&amp;P Syst\u00e8mes de Ventilation","article_published_time":"2024-11-19T08:50:59+00:00","article_modified_time":"2024-11-19T08:51:02+00:00","og_image":[{"width":960,"height":636,"url":"https:\/\/www.solerpalau.com\/blog\/fr-fr\/wp-content\/uploads\/sites\/2\/2024\/11\/la-ventilation-dans-le-neuf-SP.jpg","type":"image\/jpeg"}],"author":"S&amp;P","twitter_card":"summary_large_image","twitter_misc":{"\u00c9crit par":"S&amp;P","Dur\u00e9e de lecture estim\u00e9e":"4 minutes"},"schema":{"@context":"https:\/\/schema.org","@graph":[{"@type":"WebPage","@id":"https:\/\/www.solerpalau.com\/blog\/fr-fr\/guide-pratique-de-la-ventilation-dans-le-neuf\/","url":"https:\/\/www.solerpalau.com\/blog\/fr-fr\/guide-pratique-de-la-ventilation-dans-le-neuf\/","name":"Guide pratique de la ventilation dans le neuf - S&P","isPartOf":{"@id":"https:\/\/www.solerpalau.com\/blog\/fr-fr\/#website"},"primaryImageOfPage":{"@id":"https:\/\/www.solerpalau.com\/blog\/fr-fr\/guide-pratique-de-la-ventilation-dans-le-neuf\/#primaryimage"},"image":{"@id":"https:\/\/www.solerpalau.com\/blog\/fr-fr\/guide-pratique-de-la-ventilation-dans-le-neuf\/#primaryimage"},"thumbnailUrl":"https:\/\/www.solerpalau.com\/blog\/fr-fr\/wp-content\/uploads\/sites\/2\/2024\/11\/la-ventilation-dans-le-neuf-SP.jpg","datePublished":"2024-11-19T08:50:59+00:00","dateModified":"2024-11-19T08:51:02+00:00","author":{"@id":"https:\/\/www.solerpalau.com\/blog\/fr-fr\/#\/schema\/person\/a649fcc0fccdca5446ea2bc371ad5cb9"},"description":"L\u2019installation d\u2019un syst\u00e8me de ventilation dans un b\u00e2timent neuf ob\u00e9it \u00e0 un processus m\u00e9thodique. Les \u00e9tapes d\u00e9taill\u00e9es d\u2019une int\u00e9gration r\u00e9ussie.","breadcrumb":{"@id":"https:\/\/www.solerpalau.com\/blog\/fr-fr\/guide-pratique-de-la-ventilation-dans-le-neuf\/#breadcrumb"},"inLanguage":"fr-FR","potentialAction":[{"@type":"ReadAction","target":["https:\/\/www.solerpalau.com\/blog\/fr-fr\/guide-pratique-de-la-ventilation-dans-le-neuf\/"]}]},{"@type":"ImageObject","inLanguage":"fr-FR","@id":"https:\/\/www.solerpalau.com\/blog\/fr-fr\/guide-pratique-de-la-ventilation-dans-le-neuf\/#primaryimage","url":"https:\/\/www.solerpalau.com\/blog\/fr-fr\/wp-content\/uploads\/sites\/2\/2024\/11\/la-ventilation-dans-le-neuf-SP.jpg","contentUrl":"https:\/\/www.solerpalau.com\/blog\/fr-fr\/wp-content\/uploads\/sites\/2\/2024\/11\/la-ventilation-dans-le-neuf-SP.jpg","width":960,"height":636,"caption":"la ventilation dans le neuf - S&P"},{"@type":"BreadcrumbList","@id":"https:\/\/www.solerpalau.com\/blog\/fr-fr\/guide-pratique-de-la-ventilation-dans-le-neuf\/#breadcrumb","itemListElement":[{"@type":"ListItem","position":1,"name":"Accueil","item":"https:\/\/www.solerpalau.com\/blog\/fr-fr\/"},{"@type":"ListItem","position":2,"name":"Guide pratique de la ventilation dans le neuf"}]},{"@type":"WebSite","@id":"https:\/\/www.solerpalau.com\/blog\/fr-fr\/#website","url":"https:\/\/www.solerpalau.com\/blog\/fr-fr\/","name":"S&amp;P Syst\u00e8mes de Ventilation","description":"Le Blog de la Ventilation Efficace","potentialAction":[{"@type":"SearchAction","target":{"@type":"EntryPoint","urlTemplate":"https:\/\/www.solerpalau.com\/blog\/fr-fr\/?s={search_term_string}"},"query-input":{"@type":"PropertyValueSpecification","valueRequired":true,"valueName":"search_term_string"}}],"inLanguage":"fr-FR"},{"@type":"Person","@id":"https:\/\/www.solerpalau.com\/blog\/fr-fr\/#\/schema\/person\/a649fcc0fccdca5446ea2bc371ad5cb9","name":"S&amp;P","image":{"@type":"ImageObject","inLanguage":"fr-FR","@id":"https:\/\/www.solerpalau.com\/blog\/fr-fr\/#\/schema\/person\/image\/","url":"https:\/\/secure.gravatar.com\/avatar\/994644236667321375ba4d21a34a002e2bcfd7b33a114caa4c9dc488ece6c970?s=96&d=mm&r=g","contentUrl":"https:\/\/secure.gravatar.com\/avatar\/994644236667321375ba4d21a34a002e2bcfd7b33a114caa4c9dc488ece6c970?s=96&d=mm&r=g","caption":"S&amp;P"},"url":"https:\/\/www.solerpalau.com\/blog\/fr-fr\/author\/binaria\/"}]}},"reading_time":"<span class=\"span-reading-time rt-reading-time\"><span class=\"rt-label rt-prefix\"><\/span> <span class=\"rt-time\"> 3<\/span> <span class=\"rt-label rt-postfix\"> min. de lecture<\/span><\/span>","_links":{"self":[{"href":"https:\/\/www.solerpalau.com\/blog\/fr-fr\/wp-json\/wp\/v2\/posts\/4935","targetHints":{"allow":["GET"]}}],"collection":[{"href":"https:\/\/www.solerpalau.com\/blog\/fr-fr\/wp-json\/wp\/v2\/posts"}],"about":[{"href":"https:\/\/www.solerpalau.com\/blog\/fr-fr\/wp-json\/wp\/v2\/types\/post"}],"author":[{"embeddable":true,"href":"https:\/\/www.solerpalau.com\/blog\/fr-fr\/wp-json\/wp\/v2\/users\/10"}],"replies":[{"embeddable":true,"href":"https:\/\/www.solerpalau.com\/blog\/fr-fr\/wp-json\/wp\/v2\/comments?post=4935"}],"version-history":[{"count":8,"href":"https:\/\/www.solerpalau.com\/blog\/fr-fr\/wp-json\/wp\/v2\/posts\/4935\/revisions"}],"predecessor-version":[{"id":5074,"href":"https:\/\/www.solerpalau.com\/blog\/fr-fr\/wp-json\/wp\/v2\/posts\/4935\/revisions\/5074"}],"wp:featuredmedia":[{"embeddable":true,"href":"https:\/\/www.solerpalau.com\/blog\/fr-fr\/wp-json\/wp\/v2\/media\/4946"}],"wp:attachment":[{"href":"https:\/\/www.solerpalau.com\/blog\/fr-fr\/wp-json\/wp\/v2\/media?parent=4935"}],"wp:term":[{"taxonomy":"category","embeddable":true,"href":"https:\/\/www.solerpalau.com\/blog\/fr-fr\/wp-json\/wp\/v2\/categories?post=4935"},{"taxonomy":"post_tag","embeddable":true,"href":"https:\/\/www.solerpalau.com\/blog\/fr-fr\/wp-json\/wp\/v2\/tags?post=4935"}],"curies":[{"name":"wp","href":"https:\/\/api.w.org\/{rel}","templated":true}]}}