{"id":5121,"date":"2025-01-10T13:27:23","date_gmt":"2025-01-10T12:27:23","guid":{"rendered":"https:\/\/www.solerpalau.com\/blog\/fr-fr\/?p=5121"},"modified":"2025-03-04T13:13:14","modified_gmt":"2025-03-04T12:13:14","slug":"ventilation-mecanique-controlee-economies-energie","status":"publish","type":"post","link":"https:\/\/www.solerpalau.com\/blog\/fr-fr\/ventilation-mecanique-controlee-economies-energie\/","title":{"rendered":"Une ventilation m\u00e9canique contr\u00f4l\u00e9e\u00a0(VMC) de qualit\u00e9 all\u00e8ge vos factures d\u2019\u00e9nergie\u00a0!"},"content":{"rendered":"<p class=\"p1\"><strong>Selon le Minist\u00e8re de la Transition \u00c9cologique, vous avez, en 2022, <a href=\"https:\/\/www.statistiques.developpement-durable.gouv.fr\/edition-numerique\/bilan-energetique-2022\/27-52-hausse-de-la-facture#:~:text=La%20d%C3%A9pense%20en%20carburants%20augmente,fin%20des%20p%C3%A9riodes%20de%20confinement\" target=\"_blank\" rel=\"noopener\"><span class=\"s1\">d\u00e9pens\u00e9 1744 \u20ac <\/span><\/a><sup>\u00a0<\/sup>pour l\u2019\u00e9nergie de votre logement.<\/strong> L\u2019envol\u00e9e des prix de l\u2019\u00e9nergie p\u00e8se lourd sur votre budget. \u00c0 la construction comme \u00e0 la r\u00e9novation, l\u2019efficacit\u00e9 \u00e9nerg\u00e9tique de votre logement offre une solution concr\u00e8te \u00e0 ce probl\u00e8me ! Le syst\u00e8me de ventilation joue un r\u00f4le cl\u00e9 dans la performance \u00e9nerg\u00e9tique de votre maison. Une VMC moderne all\u00e8ge de vos factures d&rsquo;\u00e9nergie. On vous explique comment \u00e7a marche !<\/p><div id=\"ez-toc-container\" class=\"ez-toc-v2_0_76 counter-hierarchy ez-toc-counter ez-toc-custom ez-toc-container-direction\">\n<div class=\"ez-toc-title-container\">\n<p class=\"ez-toc-title\" style=\"cursor:inherit\">Table des mati\u00e8res<\/p>\n<span class=\"ez-toc-title-toggle\"><\/span><\/div>\n<nav><ul class='ez-toc-list ez-toc-list-level-1 ' ><li class='ez-toc-page-1 ez-toc-heading-level-2'><a class=\"ez-toc-link ez-toc-heading-1\" href=\"https:\/\/www.solerpalau.com\/blog\/fr-fr\/ventilation-mecanique-controlee-economies-energie\/#Quest-ce_que_la_performance_energetique\" >Qu\u2019est-ce que la performance \u00e9nerg\u00e9tique\u00a0?<\/a><\/li><li class='ez-toc-page-1 ez-toc-heading-level-2'><a class=\"ez-toc-link ez-toc-heading-2\" href=\"https:\/\/www.solerpalau.com\/blog\/fr-fr\/ventilation-mecanique-controlee-economies-energie\/#Comment_obtenir_une_bonne_performance_energetique\" >Comment obtenir une bonne performance \u00e9nerg\u00e9tique\u00a0?<\/a><\/li><li class='ez-toc-page-1 ez-toc-heading-level-2'><a class=\"ez-toc-link ez-toc-heading-3\" href=\"https:\/\/www.solerpalau.com\/blog\/fr-fr\/ventilation-mecanique-controlee-economies-energie\/#Pourquoi_une_bonne_VMC_optimise_la_performance_energetique_de_votre_maison\" >Pourquoi une bonne VMC optimise la performance \u00e9nerg\u00e9tique de votre maison\u00a0?<\/a><\/li><\/ul><\/nav><\/div>\n\n<p><!--more--><\/p>\n<h2 class=\"p1\"><span class=\"ez-toc-section\" id=\"Quest-ce_que_la_performance_energetique\"><\/span>Qu\u2019est-ce que la performance \u00e9nerg\u00e9tique\u00a0?<span class=\"ez-toc-section-end\"><\/span><\/h2>\n<p class=\"p1\"><strong>La performance \u00e9nerg\u00e9tique d\u2019un logement se d\u00e9finit comme la quantit\u00e9 d\u2019\u00e9nergie consomm\u00e9e pour offrir des conditions d\u2019occupations normales.<\/strong> Ces derni\u00e8res d\u00e9cennies, la pr\u00e9servation de l\u2019environnement, conjugu\u00e9e \u00e0 la rar\u00e9faction des \u00e9nergies fossiles, a incit\u00e9 les pouvoirs publics \u00e0 favoriser l\u2019am\u00e9lioration de la performance \u00e9nerg\u00e9tique des logements en France. Des aides publiques \u00e0 la r\u00e9novation et une r\u00e9glementation plus exigeante ont \u00e9t\u00e9 mises en place pour diminuer la consommation \u00e9nerg\u00e9tique de l\u2019habitat sans perte de confort. En vigueur depuis le 1<sup>er<\/sup> janvier 2022, la <a href=\"https:\/\/www.solerpalau.com\/blog\/fr-fr\/optimisation-energetique-de-la-vmc\/\" target=\"_blank\" rel=\"noopener\">r\u00e9glementation environnementale RE 2020<\/a> fixe des seuils ambitieux dans ce domaine.<\/p>\n<p class=\"p1\">La performance \u00e9nerg\u00e9tique d\u2019un logement est attest\u00e9e \u00e0 la vente comme \u00e0 la location par le <strong>Diagnostic Performance \u00c9nerg\u00e9tique (DPE).<\/strong> R\u00e9alis\u00e9 par un professionnel certifi\u00e9, il positionne la consommation \u00e9nerg\u00e9tique et les \u00e9missions de gaz \u00e0 effet de serre du logement sur une \u00e9chelle de A (performant) \u00e0 G (\u00e9nergivore). Depuis le 1<sup>er<\/sup> juillet 2024, le DPE a \u00e9t\u00e9 modifi\u00e9 pour une meilleure lisibilit\u00e9. Les deux \u00e9tiquettes, consommation d\u2019\u00e9nergie \/ \u00e9mission de gaz \u00e0 effet de serre (GES), ont \u00e9t\u00e9 fusionn\u00e9es.<\/p>\n<p class=\"p3\"><em><strong>\u00c0 retenir : Une performance \u00e9nerg\u00e9tique \u00e9lev\u00e9e se traduit par une faible consommation d\u2019\u00e9nergie. Les \u00e9conomies r\u00e9alis\u00e9es peuvent \u00eatre importantes !<\/strong><\/em><\/p>\n<h2 class=\"p1\"><span class=\"ez-toc-section\" id=\"Comment_obtenir_une_bonne_performance_energetique\"><\/span>Comment obtenir une bonne performance \u00e9nerg\u00e9tique\u00a0?<span class=\"ez-toc-section-end\"><\/span><\/h2>\n<p class=\"p1\">Techniques mises en \u0153uvre, mat\u00e9riaux utilis\u00e9s et \u00e9quipements install\u00e9s \u00e0 la construction de votre logement (ou r\u00e9novation) ont un impact direct sur sa performance \u00e9nerg\u00e9tique. Plusieurs moyens permettent d\u2019agir directement sur cette derni\u00e8re\u00a0:<\/p>\n<ul class=\"ul1\">\n<li class=\"li3\">L\u2019isolation du toit.<\/li>\n<li class=\"li3\">L\u2019isolation thermique par l\u2019int\u00e9rieur (ITI) des murs.<\/li>\n<li class=\"li3\">L\u2019isolation thermique par l\u2019ext\u00e9rieur (ITE) des murs.<\/li>\n<li class=\"li3\">L\u2019isolation du sol.<\/li>\n<li class=\"li3\">L\u2019installation de fen\u00eatres \u00e9tanches \u00e0 double vitrage.<\/li>\n<li class=\"li3\">L\u2019installation d\u2019un syst\u00e8me de chauffage \u00e9coresponsable.<\/li>\n<li class=\"li3\">L\u2019installation d\u2019un syst\u00e8me de production d\u2019eau chaude sanitaire (ECS) \u00e9coresponsable.<\/li>\n<li class=\"li3\">L\u2019<a href=\"https:\/\/www.solerpalau.com\/blog\/fr-fr\/installation-et-entretien-d-une-vmc\/\" target=\"_blank\" rel=\"noopener\">installation d\u2019une Ventilation M\u00e9canique Contr\u00f4l\u00e9e<\/a> (VMC) moderne.<\/li>\n<\/ul>\n<p class=\"p1\">\u00c0 la r\u00e9novation, un audit \u00e9nerg\u00e9tique identifie les points faibles de votre logement, priorise les travaux \u00e0 r\u00e9aliser puis chiffre le co\u00fbt du chantier. Vous pouvez profiter des conseils, voire d\u2019un accompagnement complet par le service public France R\u00e9nov\u2019.<\/p>\n<p class=\"p1\">En attendant la r\u00e9novation de votre logement, ne coupez surtout pas votre VMC actuelle. N\u2019obstruez pas les grilles d\u2019a\u00e9ration\u00a0! <strong>Le renouvellement de l\u2019air int\u00e9rieur de votre logement est important pour la sant\u00e9 de toute la famille.<\/strong> Il limite le risque d\u2019affections li\u00e9es aux polluants int\u00e9rieurs tout en maintenant un taux normal d\u2019humidit\u00e9. Ce denier doit \u00eatre compris entre 40 et 70 %. Au-del\u00e0, vous risquez de voir appara\u00eetre des moisissures sur les murs, les plafonds, le mobilier et le linge\u00a0!<\/p>\n<h2 class=\"p1\"><span class=\"ez-toc-section\" id=\"Pourquoi_une_bonne_VMC_optimise_la_performance_energetique_de_votre_maison\"><\/span>Pourquoi une bonne VMC optimise la performance \u00e9nerg\u00e9tique de votre maison\u00a0?<span class=\"ez-toc-section-end\"><\/span><\/h2>\n<p class=\"p1\">La performance \u00e9nerg\u00e9tique passe par la recherche de l\u2019\u00e9tanch\u00e9it\u00e9 de votre maison. Elle vise \u00e0 \u00e9viter les fuites d\u2019air chaud int\u00e9rieur en hiver ou l\u2019infiltration de la chaleur en \u00e9t\u00e9. Par principe, la <strong>Ventilation M\u00e9canique Contr\u00f4l\u00e9e (VMC)<\/strong>, charg\u00e9e de renouveler l\u2019air vici\u00e9 int\u00e9rieur par l\u2019air sain int\u00e9rieur contrecarre l\u2019\u00e9tanch\u00e9it\u00e9 recherch\u00e9e.<\/p>\n<p class=\"p1\">Aujourd\u2019hui, deux technologies de ventilation r\u00e9concilient la qualit\u00e9 de l\u2019air int\u00e9rieur avec l\u2019efficacit\u00e9 \u00e9nerg\u00e9tique\u00a0:<\/p>\n<ul class=\"ul1\">\n<li class=\"li3\"><strong>La VMC double-flux :<\/strong> Ce type de VMC combine l\u2019extraction de l\u2019air vici\u00e9 int\u00e9rieur avec l\u2019injection de l\u2019air sain ext\u00e9rieur. Les deux r\u00e9seaux se croisent au sein d\u2019un \u00e9changeur thermique charg\u00e9 de transf\u00e9rer les calories du premier au second. Ce pr\u00e9chauffage de l\u2019air sain entrant limite le recours au syst\u00e8me de chauffage pour maintenir une temp\u00e9rature agr\u00e9able dans la maison. R\u00e9f\u00e9rence mondiale des syst\u00e8mes de ventilation, Soler&amp;Palau propose des VMC double-flux capables de r\u00e9cup\u00e9rer plus de 90 % des calories pr\u00e9sentes dans l\u2019air extrait.<\/li>\n<li class=\"li3\"><strong>La VMC hygror\u00e9glable :<\/strong> Ce type de VMC est pilot\u00e9 par un <a style=\"font-size: revert; font-family: -apple-system, BlinkMacSystemFont, 'Segoe UI', Roboto, Oxygen-Sans, Ubuntu, Cantarell, 'Helvetica Neue', sans-serif;\" href=\"https:\/\/www.solerpalau.com\/blog\/fr-fr\/capteurs-dhumidite-surveiller-le-taux-dhumidite\/\"><span class=\"s2\">capteur d\u2019humidit\u00e9<\/span><\/a><span style=\"font-size: revert; color: initial; font-family: -apple-system, BlinkMacSystemFont, 'Segoe UI', Roboto, Oxygen-Sans, Ubuntu, Cantarell, 'Helvetica Neue', sans-serif;\">. Ce dernier analyse le taux d\u2019humidit\u00e9 ambiant (l\u2019hygrom\u00e9trie) pour adapter le d\u00e9bit de la VMC au strict n\u00e9cessaire. Le capteur d\u2019humidit\u00e9 peut agir sur les bouches d\u2019\u00e9vacuation (Type A) ou sur ces derni\u00e8res et les entr\u00e9es d\u2019air (Type B).<\/span><\/li>\n<\/ul>\n<p class=\"p1\">Ces deux types de VMC fournissent un air sain \u00e0 l\u2019int\u00e9rieur de votre maison tout en limitant le rejet vers l\u2019ext\u00e9rieur des calories produites par votre syst\u00e8me de chauffage. Chaque calorie r\u00e9cup\u00e9r\u00e9e all\u00e8ge votre facture d\u2019\u00e9nergie\u00a0! N\u2019h\u00e9sitez par \u00e0 v\u00e9rifier votre \u00e9ligibilit\u00e9 \u00e0\u00a0:<\/p>\n<ul class=\"ul1\">\n<li class=\"li3\">MaPrimeR\u00e9nov\u2019<\/li>\n<li class=\"li3\">Aide de l\u2019ANAH (Agence nationale de l\u2019habitat)<\/li>\n<li class=\"li3\">La prime Certificat \u00c9conomie d\u2019\u00c9nergie.<\/li>\n<li class=\"li3\">Le ch\u00e8que \u00e9nergie.<\/li>\n<li class=\"li3\">L\u2019\u00e9co-pr\u00eat \u00e0 taux z\u00e9ro (\u00c9co-PTZ).<\/li>\n<li class=\"li3\">La TVA au taux r\u00e9duit \u00e0 5,5 % sur le mat\u00e9riel comme la main-d\u2019\u0153uvre.<\/li>\n<\/ul>\n<p class=\"p1\">Soler&amp;Palau ne se contente pas de concevoir des syst\u00e8mes de ventilation haute qualit\u00e9. L\u2019entreprise propose des conseils, des tutos et des logiciels en acc\u00e8s libre pour vous aider \u00e0 choisir la VMC la plus adapt\u00e9e \u00e0 votre logement. Des questions ou besoin d\u2019une \u00e9tude compl\u00e8te, nos experts sont \u00e0 votre disposition. N\u2019h\u00e9sitez pas \u00e0 nous contacter via <a href=\"https:\/\/www.solerpalau.com\/fr-fr\/contact\/\" target=\"_blank\" rel=\"noopener\"><span class=\"s2\">notre formulaire de contact <\/span><\/a>!<\/p>\n<p class=\"p3\"><strong>Les 3 points \u00e0 retenir\u00a0:<\/strong><\/p>\n<ul class=\"ul1\">\n<li class=\"li3\">L\u2019efficacit\u00e9 \u00e9nerg\u00e9tique d\u2019un logement limite sa consommation d\u2019\u00e9nergie.<\/li>\n<li class=\"li3\">\u00c0 la r\u00e9novation, un audit est indispensable pour cibler les travaux \u00e0 r\u00e9aliser pour am\u00e9liorer la performance \u00e9nerg\u00e9tique.<\/li>\n<li class=\"li3\">Les ventilations \u00e0 double-flux ou hygror\u00e9glables contribuent \u00e0 l\u2019efficacit\u00e9 \u00e9nerg\u00e9tique de votre logement.<\/li>\n<\/ul>\n\n\n<div class=\"hs-cta-embed hs-cta-simple-placeholder hs-cta-embed-184081000566\"\n  style=\"max-width:100%; max-height:100%; width:650px;height:268.90625px\" data-hubspot-wrapper-cta-id=\"184081000566\">\n  <a href=\"https:\/\/cta-service-cms2.hubspot.com\/web-interactives\/public\/v1\/track\/redirect?encryptedPayload=AVxigLIHDqJO4UTbE7I94xhk7Ojp%2B64Rzq8qvGLJKx%2F%2FEWho6rj7kvdrSJwdxB2bTdvzGdlT0IS7KQeb5vvlFRmqeIm9czlzWtGBd%2FdsI%2F6UrpAvHQ24ER7BJ4odJk2xmLHZwiutCEY4zazVGyVgongFEWyzGPFAD7bohtBIj%2F%2BhNJAt0XPnerm8WMTHbuPYfXLp&#038;webInteractiveContentId=184081000566&#038;portalId=2009592\" target=\"_blank\" rel=\"noopener\" crossorigin=\"anonymous\">\n    <img decoding=\"async\" alt=\"MAISON SAINE\" loading=\"lazy\" src=\"https:\/\/no-cache.hubspot.com\/cta\/default\/2009592\/interactive-184081000566.png\" style=\"height: 100%; width: 100%; object-fit: fill\"\n      onerror=\"this.style.display='none'\" \/>\n  <\/a>\n<\/div>\n","protected":false},"excerpt":{"rendered":"<p>L\u2019installation d\u2019une VMC moderne contribue \u00e0 l\u2019efficacit\u00e9 \u00e9nerg\u00e9tique de votre maison. <\/p>\n","protected":false},"author":10,"featured_media":5132,"comment_status":"open","ping_status":"open","sticky":false,"template":"","format":"standard","meta":{"_acf_changed":false,"footnotes":""},"categories":[34],"tags":[],"class_list":["post-5121","post","type-post","status-publish","format-standard","has-post-thumbnail","hentry","category-performance-energetique"],"acf":[],"yoast_head":"<!-- This site is optimized with the Yoast SEO plugin v26.1 - https:\/\/yoast.com\/wordpress\/plugins\/seo\/ -->\n<title>Ventilation m\u00e9canique contr\u00f4l\u00e9e et \u00e9conomies d\u2019\u00e9nergie - S&amp;P<\/title>\n<meta name=\"description\" content=\"L\u2019installation d\u2019une VMC moderne contribue \u00e0 l\u2019efficacit\u00e9 \u00e9nerg\u00e9tique de votre maison.\" \/>\n<meta name=\"robots\" content=\"index, follow, max-snippet:-1, max-image-preview:large, max-video-preview:-1\" \/>\n<link rel=\"canonical\" href=\"https:\/\/www.solerpalau.com\/blog\/fr-fr\/ventilation-mecanique-controlee-economies-energie\/\" \/>\n<meta property=\"og:locale\" content=\"fr_FR\" \/>\n<meta property=\"og:type\" content=\"article\" \/>\n<meta property=\"og:title\" content=\"Ventilation m\u00e9canique contr\u00f4l\u00e9e et \u00e9conomies d\u2019\u00e9nergie - S&amp;P\" \/>\n<meta property=\"og:description\" content=\"L\u2019installation d\u2019une VMC moderne contribue \u00e0 l\u2019efficacit\u00e9 \u00e9nerg\u00e9tique de votre maison.\" \/>\n<meta property=\"og:url\" content=\"https:\/\/www.solerpalau.com\/blog\/fr-fr\/ventilation-mecanique-controlee-economies-energie\/\" \/>\n<meta property=\"og:site_name\" content=\"S&amp;P Syst\u00e8mes de Ventilation\" \/>\n<meta property=\"article:published_time\" content=\"2025-01-10T12:27:23+00:00\" \/>\n<meta property=\"article:modified_time\" content=\"2025-03-04T12:13:14+00:00\" \/>\n<meta property=\"og:image\" content=\"https:\/\/www.solerpalau.com\/blog\/fr-fr\/wp-content\/uploads\/sites\/2\/2025\/01\/Une-ventilation-me\u0301canique-contro\u0302le\u0301e-de-qualite\u0301-alle\u0300ge-vos-factures-de\u0301nergie-SP.jpg\" \/>\n\t<meta property=\"og:image:width\" content=\"960\" \/>\n\t<meta property=\"og:image:height\" content=\"636\" \/>\n\t<meta property=\"og:image:type\" content=\"image\/jpeg\" \/>\n<meta name=\"author\" content=\"S&amp;P\" \/>\n<meta name=\"twitter:card\" content=\"summary_large_image\" \/>\n<meta name=\"twitter:label1\" content=\"\u00c9crit par\" \/>\n\t<meta name=\"twitter:data1\" content=\"S&amp;P\" \/>\n\t<meta name=\"twitter:label2\" content=\"Dur\u00e9e de lecture estim\u00e9e\" \/>\n\t<meta name=\"twitter:data2\" content=\"5 minutes\" \/>\n<!-- \/ Yoast SEO plugin. -->","yoast_head_json":{"title":"Ventilation m\u00e9canique contr\u00f4l\u00e9e et \u00e9conomies d\u2019\u00e9nergie - S&P","description":"L\u2019installation d\u2019une VMC moderne contribue \u00e0 l\u2019efficacit\u00e9 \u00e9nerg\u00e9tique de votre maison.","robots":{"index":"index","follow":"follow","max-snippet":"max-snippet:-1","max-image-preview":"max-image-preview:large","max-video-preview":"max-video-preview:-1"},"canonical":"https:\/\/www.solerpalau.com\/blog\/fr-fr\/ventilation-mecanique-controlee-economies-energie\/","og_locale":"fr_FR","og_type":"article","og_title":"Ventilation m\u00e9canique contr\u00f4l\u00e9e et \u00e9conomies d\u2019\u00e9nergie - S&P","og_description":"L\u2019installation d\u2019une VMC moderne contribue \u00e0 l\u2019efficacit\u00e9 \u00e9nerg\u00e9tique de votre maison.","og_url":"https:\/\/www.solerpalau.com\/blog\/fr-fr\/ventilation-mecanique-controlee-economies-energie\/","og_site_name":"S&amp;P Syst\u00e8mes de Ventilation","article_published_time":"2025-01-10T12:27:23+00:00","article_modified_time":"2025-03-04T12:13:14+00:00","og_image":[{"width":960,"height":636,"url":"https:\/\/www.solerpalau.com\/blog\/fr-fr\/wp-content\/uploads\/sites\/2\/2025\/01\/Une-ventilation-me\u0301canique-contro\u0302le\u0301e-de-qualite\u0301-alle\u0300ge-vos-factures-de\u0301nergie-SP.jpg","type":"image\/jpeg"}],"author":"S&amp;P","twitter_card":"summary_large_image","twitter_misc":{"\u00c9crit par":"S&amp;P","Dur\u00e9e de lecture estim\u00e9e":"5 minutes"},"schema":{"@context":"https:\/\/schema.org","@graph":[{"@type":"WebPage","@id":"https:\/\/www.solerpalau.com\/blog\/fr-fr\/ventilation-mecanique-controlee-economies-energie\/","url":"https:\/\/www.solerpalau.com\/blog\/fr-fr\/ventilation-mecanique-controlee-economies-energie\/","name":"Ventilation m\u00e9canique contr\u00f4l\u00e9e et \u00e9conomies d\u2019\u00e9nergie - S&P","isPartOf":{"@id":"https:\/\/www.solerpalau.com\/blog\/fr-fr\/#website"},"primaryImageOfPage":{"@id":"https:\/\/www.solerpalau.com\/blog\/fr-fr\/ventilation-mecanique-controlee-economies-energie\/#primaryimage"},"image":{"@id":"https:\/\/www.solerpalau.com\/blog\/fr-fr\/ventilation-mecanique-controlee-economies-energie\/#primaryimage"},"thumbnailUrl":"https:\/\/www.solerpalau.com\/blog\/fr-fr\/wp-content\/uploads\/sites\/2\/2025\/01\/Une-ventilation-me\u0301canique-contro\u0302le\u0301e-de-qualite\u0301-alle\u0300ge-vos-factures-de\u0301nergie-SP.jpg","datePublished":"2025-01-10T12:27:23+00:00","dateModified":"2025-03-04T12:13:14+00:00","author":{"@id":"https:\/\/www.solerpalau.com\/blog\/fr-fr\/#\/schema\/person\/a649fcc0fccdca5446ea2bc371ad5cb9"},"description":"L\u2019installation d\u2019une VMC moderne contribue \u00e0 l\u2019efficacit\u00e9 \u00e9nerg\u00e9tique de votre maison.","breadcrumb":{"@id":"https:\/\/www.solerpalau.com\/blog\/fr-fr\/ventilation-mecanique-controlee-economies-energie\/#breadcrumb"},"inLanguage":"fr-FR","potentialAction":[{"@type":"ReadAction","target":["https:\/\/www.solerpalau.com\/blog\/fr-fr\/ventilation-mecanique-controlee-economies-energie\/"]}]},{"@type":"ImageObject","inLanguage":"fr-FR","@id":"https:\/\/www.solerpalau.com\/blog\/fr-fr\/ventilation-mecanique-controlee-economies-energie\/#primaryimage","url":"https:\/\/www.solerpalau.com\/blog\/fr-fr\/wp-content\/uploads\/sites\/2\/2025\/01\/Une-ventilation-me\u0301canique-contro\u0302le\u0301e-de-qualite\u0301-alle\u0300ge-vos-factures-de\u0301nergie-SP.jpg","contentUrl":"https:\/\/www.solerpalau.com\/blog\/fr-fr\/wp-content\/uploads\/sites\/2\/2025\/01\/Une-ventilation-me\u0301canique-contro\u0302le\u0301e-de-qualite\u0301-alle\u0300ge-vos-factures-de\u0301nergie-SP.jpg","width":960,"height":636,"caption":"Une ventilation me\u0301canique contro\u0302le\u0301e\u00a0de qualite\u0301 alle\u0300ge vos factures d\u2019e\u0301nergie - S&P"},{"@type":"BreadcrumbList","@id":"https:\/\/www.solerpalau.com\/blog\/fr-fr\/ventilation-mecanique-controlee-economies-energie\/#breadcrumb","itemListElement":[{"@type":"ListItem","position":1,"name":"Accueil","item":"https:\/\/www.solerpalau.com\/blog\/fr-fr\/"},{"@type":"ListItem","position":2,"name":"Une ventilation m\u00e9canique contr\u00f4l\u00e9e\u00a0(VMC) de qualit\u00e9 all\u00e8ge vos factures d\u2019\u00e9nergie\u00a0!"}]},{"@type":"WebSite","@id":"https:\/\/www.solerpalau.com\/blog\/fr-fr\/#website","url":"https:\/\/www.solerpalau.com\/blog\/fr-fr\/","name":"S&amp;P Syst\u00e8mes de Ventilation","description":"Le Blog de la Ventilation Efficace","potentialAction":[{"@type":"SearchAction","target":{"@type":"EntryPoint","urlTemplate":"https:\/\/www.solerpalau.com\/blog\/fr-fr\/?s={search_term_string}"},"query-input":{"@type":"PropertyValueSpecification","valueRequired":true,"valueName":"search_term_string"}}],"inLanguage":"fr-FR"},{"@type":"Person","@id":"https:\/\/www.solerpalau.com\/blog\/fr-fr\/#\/schema\/person\/a649fcc0fccdca5446ea2bc371ad5cb9","name":"S&amp;P","image":{"@type":"ImageObject","inLanguage":"fr-FR","@id":"https:\/\/www.solerpalau.com\/blog\/fr-fr\/#\/schema\/person\/image\/","url":"https:\/\/secure.gravatar.com\/avatar\/994644236667321375ba4d21a34a002e2bcfd7b33a114caa4c9dc488ece6c970?s=96&d=mm&r=g","contentUrl":"https:\/\/secure.gravatar.com\/avatar\/994644236667321375ba4d21a34a002e2bcfd7b33a114caa4c9dc488ece6c970?s=96&d=mm&r=g","caption":"S&amp;P"},"url":"https:\/\/www.solerpalau.com\/blog\/fr-fr\/author\/binaria\/"}]}},"reading_time":"<span class=\"span-reading-time rt-reading-time\"><span class=\"rt-label rt-prefix\"><\/span> <span class=\"rt-time\"> 4<\/span> <span class=\"rt-label rt-postfix\"> min. de lecture<\/span><\/span>","_links":{"self":[{"href":"https:\/\/www.solerpalau.com\/blog\/fr-fr\/wp-json\/wp\/v2\/posts\/5121","targetHints":{"allow":["GET"]}}],"collection":[{"href":"https:\/\/www.solerpalau.com\/blog\/fr-fr\/wp-json\/wp\/v2\/posts"}],"about":[{"href":"https:\/\/www.solerpalau.com\/blog\/fr-fr\/wp-json\/wp\/v2\/types\/post"}],"author":[{"embeddable":true,"href":"https:\/\/www.solerpalau.com\/blog\/fr-fr\/wp-json\/wp\/v2\/users\/10"}],"replies":[{"embeddable":true,"href":"https:\/\/www.solerpalau.com\/blog\/fr-fr\/wp-json\/wp\/v2\/comments?post=5121"}],"version-history":[{"count":6,"href":"https:\/\/www.solerpalau.com\/blog\/fr-fr\/wp-json\/wp\/v2\/posts\/5121\/revisions"}],"predecessor-version":[{"id":5373,"href":"https:\/\/www.solerpalau.com\/blog\/fr-fr\/wp-json\/wp\/v2\/posts\/5121\/revisions\/5373"}],"wp:featuredmedia":[{"embeddable":true,"href":"https:\/\/www.solerpalau.com\/blog\/fr-fr\/wp-json\/wp\/v2\/media\/5132"}],"wp:attachment":[{"href":"https:\/\/www.solerpalau.com\/blog\/fr-fr\/wp-json\/wp\/v2\/media?parent=5121"}],"wp:term":[{"taxonomy":"category","embeddable":true,"href":"https:\/\/www.solerpalau.com\/blog\/fr-fr\/wp-json\/wp\/v2\/categories?post=5121"},{"taxonomy":"post_tag","embeddable":true,"href":"https:\/\/www.solerpalau.com\/blog\/fr-fr\/wp-json\/wp\/v2\/tags?post=5121"}],"curies":[{"name":"wp","href":"https:\/\/api.w.org\/{rel}","templated":true}]}}