{"id":5179,"date":"2025-01-17T08:51:10","date_gmt":"2025-01-17T07:51:10","guid":{"rendered":"https:\/\/www.solerpalau.com\/blog\/fr-fr\/?p=5179"},"modified":"2025-12-11T16:29:15","modified_gmt":"2025-12-11T15:29:15","slug":"normes-ventilation-principales-regles-d-une-installation-conforme","status":"publish","type":"post","link":"https:\/\/www.solerpalau.com\/blog\/fr-fr\/normes-ventilation-principales-regles-d-une-installation-conforme\/","title":{"rendered":"Assurer la conformit\u00e9 : comprendre la r\u00e9gulation thermique dans la ventilation"},"content":{"rendered":"<p class=\"p1\">79 % des Fran\u00e7ais ont l\u2019automatisme d\u2019a\u00e9rer leur logement au moins <a href=\"https:\/\/fr.statista.com\/statistiques\/611837\/mesures-actions-pratiquees-ameliorer-qualite-air-dans-logement-francais\/\" target=\"_blank\" rel=\"noopener\"><span class=\"s1\">une fois par jour<\/span><\/a>. Les normes en mati\u00e8re de ventilation ont bien \u00e9volu\u00e9 en l\u2019espace de cinq d\u00e9cennies, conjointement avec les exigences de r\u00e9gulation thermique. Vous achetez un logement neuf\u00a0? Vous entreprenez une r\u00e9novation\u00a0? D\u00e9couvrez le d\u00e9tail de la r\u00e9glementation applicable.<!--more--><\/p><div id=\"ez-toc-container\" class=\"ez-toc-v2_0_76 counter-hierarchy ez-toc-counter ez-toc-custom ez-toc-container-direction\">\n<div class=\"ez-toc-title-container\">\n<p class=\"ez-toc-title\" style=\"cursor:inherit\">Table des mati\u00e8res<\/p>\n<span class=\"ez-toc-title-toggle\"><\/span><\/div>\n<nav><ul class='ez-toc-list ez-toc-list-level-1 ' ><li class='ez-toc-page-1 ez-toc-heading-level-2'><a class=\"ez-toc-link ez-toc-heading-1\" href=\"https:\/\/www.solerpalau.com\/blog\/fr-fr\/normes-ventilation-principales-regles-d-une-installation-conforme\/#La_ventilation_des_logements_est-elle_obligatoire\" >La ventilation des logements est-elle obligatoire\u00a0?<\/a><\/li><li class='ez-toc-page-1 ez-toc-heading-level-2'><a class=\"ez-toc-link ez-toc-heading-2\" href=\"https:\/\/www.solerpalau.com\/blog\/fr-fr\/normes-ventilation-principales-regles-d-une-installation-conforme\/#VMC_que_disent_les_normes_de_regulation_thermique\" >VMC : que disent les normes de r\u00e9gulation thermique\u00a0?<\/a><\/li><\/ul><\/nav><\/div>\n\n<h2 class=\"p1\"><span class=\"ez-toc-section\" id=\"La_ventilation_des_logements_est-elle_obligatoire\"><\/span>La ventilation des logements est-elle obligatoire\u00a0?<span class=\"ez-toc-section-end\"><\/span><\/h2>\n<p class=\"p1\">La r\u00e9glementation impose une a\u00e9ration permanente des logements. La ventilation joue en effet un r\u00f4le crucial dans le maintien d&rsquo;un environnement int\u00e9rieur sain. Le renouvellement de l\u2019air ambiant de votre logement permet \u00e0 la fois\u00a0:<\/p>\n<ul class=\"ul1\">\n<li class=\"li3\">D&rsquo;<strong>\u00e9vacuer l&rsquo;humidit\u00e9<\/strong>. Source de moisissures ou de d\u00e9gradations, l&rsquo;<a href=\"https:\/\/www.solerpalau.com\/blog\/fr-fr\/ventilation-mecanique-prevenir-lhumidite\/\" target=\"_blank\" rel=\"noopener\"><span class=\"s2\">humidit\u00e9 doit \u00eatre ma\u00eetris\u00e9e gr\u00e2ce \u00e0 une ventilation efficace<\/span><\/a>.<\/li>\n<li class=\"li3\">De<strong> limiter la pollution int\u00e9rieure<\/strong>. Poussi\u00e8res, pollens, produits d&rsquo;entretien&#8230; Une a\u00e9ration efficace contribue \u00e0 \u00e9liminer les polluants pr\u00e9sents dans l&rsquo;air.<\/li>\n<li class=\"li3\">De <strong>pr\u00e9venir les risques sanitaires<\/strong>. Une mauvaise ventilation favorise, \u00e0 terme, l&rsquo;apparition de maladies respiratoires, de ph\u00e9nom\u00e8nes allergiques\u2026<\/li>\n<\/ul>\n<p class=\"p1\">Dans le d\u00e9tail, plusieurs textes r\u00e9glementaires successifs ont marqu\u00e9 l&rsquo;\u00e9volution de la l\u00e9gislation en la mati\u00e8re :<\/p>\n<ul class=\"ul1\">\n<li class=\"li3\">Le <a href=\"https:\/\/www.legifrance.gouv.fr\/loda\/id\/JORFTEXT000000305947\/\" target=\"_blank\" rel=\"noopener\"><span class=\"s2\">d\u00e9cret n\u00b055-1394 du 22 octobre 1955<\/span><\/a> a pos\u00e9, pour la premi\u00e8re fois, l\u2019obligation de ventiler les logements. Selon le texte, \u00ab\u00a0le renouvellement d&rsquo;air doit pouvoir \u00eatre assur\u00e9 de fa\u00e7on permanente, ind\u00e9pendamment de l&rsquo;ouverture des baies\u00a0\u00bb.<\/li>\n<li class=\"li3\">L\u2019<strong>arr\u00eat\u00e9 du 22 octobre 1969<\/strong> a impos\u00e9 une ventilation permanente et g\u00e9n\u00e9rale de tous les logements, m\u00eame lorsque les fen\u00eatres sont <a href=\"https:\/\/www.legifrance.gouv.fr\/loda\/id\/JORFTEXT000000826659\/\" target=\"_blank\" rel=\"noopener\"><span class=\"s2\">ferm\u00e9es<\/span><\/a>. L&rsquo;air doit circuler des pi\u00e8ces de vie vers les pi\u00e8ces humides.<\/li>\n<li class=\"li3\">L\u2019<strong>arr\u00eat\u00e9 du 24 mars 1982<\/strong> pr\u00e9cise les d\u00e9bits d&rsquo;air minimum \u00e0 respecter dans les pi\u00e8ces \u00e0 vivre, en fonction du <a href=\"https:\/\/www.legifrance.gouv.fr\/loda\/id\/JORFTEXT000000862344\" target=\"_blank\" rel=\"noopener\"><span class=\"s2\">nombre de pi\u00e8ces<\/span><\/a>.<\/li>\n<\/ul>\n<p class=\"p1\">Les r\u00e9glementations ont, jusqu\u2019\u00e0 aujourd\u2019hui, des implications concr\u00e8tes pour les occupants des logements :<\/p>\n<ul class=\"ul1\">\n<li class=\"li3\">Dans chaque pi\u00e8ce, des entr\u00e9es et sorties d&rsquo;air sont obligatoires afin d\u2019assurer la circulation de l&rsquo;air.<\/li>\n<li class=\"li3\">Les occupants doivent choisir un syst\u00e8me de ventilation adapt\u00e9 \u00e0 leur logement, conforme \u00e0 la r\u00e9glementation. Dans les logements r\u00e9cents ou r\u00e9nov\u00e9s, la VMC est souvent privil\u00e9gi\u00e9e en raison de sa performance.<\/li>\n<li class=\"li3\">Afin de garantir le bon fonctionnement de l&rsquo;installation, un entretien r\u00e9gulier est n\u00e9cessaire. Aucune p\u00e9riodicit\u00e9 n\u2019est cependant pr\u00e9vue.<\/li>\n<\/ul>\n<p class=\"p1\" style=\"padding-left: 40px;\"><em><strong>Bon \u00e0 savoir\u00a0\u2013 Pas d\u2019isolation sans une bonne ventilation\u00a0!<\/strong><\/em><\/p>\n<p class=\"p2\" style=\"padding-left: 40px;\"><em>Paradoxalement, une meilleure \u00e9tanch\u00e9it\u00e9 \u00e0 l&rsquo;air peut entra\u00eener une d\u00e9gradation de la qualit\u00e9 de l&rsquo;air int\u00e9rieur si elle n&rsquo;est pas accompagn\u00e9e d&rsquo;un syst\u00e8me de ventilation adapt\u00e9. En effet, un b\u00e2timent trop \u00e9tanche risque de souffrir d&rsquo;une insuffisance de renouvellement d&rsquo;air\u00a0: cela favorise l&rsquo;accumulation de polluants, d&rsquo;humidit\u00e9\u2026 <a href=\"https:\/\/www.solerpalau.com\/blog\/fr-fr\/isolation-et-ventilation\/\" target=\"_blank\" rel=\"noopener\"><span class=\"s1\">Isolation et ventilation<\/span><\/a> sont indissociables.<\/em><\/p>\n<h2 class=\"p1\"><span class=\"ez-toc-section\" id=\"VMC_que_disent_les_normes_de_regulation_thermique\"><\/span>VMC : que disent les normes de r\u00e9gulation thermique\u00a0?<span class=\"ez-toc-section-end\"><\/span><\/h2>\n<p class=\"p1\">La ventilation m\u00e9canique contr\u00f4l\u00e9e (VMC) est au c\u0153ur des enjeux de la construction moderne. Techniquement non obligatoire, elle est cependant devenue incontournable afin de garantir le respect des derni\u00e8res normes de r\u00e9gulation thermique. La <a href=\"https:\/\/www.solerpalau.com\/blog\/fr-fr\/reglementation-re2020-et-efficacite-energetique\/\" target=\"_blank\" rel=\"noopener\"><span class=\"s1\">r\u00e9glementation environnementale 2020<\/span><\/a> (RE 2020), en particulier, a renforc\u00e9 son r\u00f4le.<\/p>\n<p class=\"p1\">La RE 2020 a relev\u00e9 le niveau d&rsquo;exigence en mati\u00e8re d&rsquo;<strong>\u00e9tanch\u00e9it\u00e9 \u00e0 l&rsquo;air des b\u00e2timents neufs<\/strong>. Pour r\u00e9duire les d\u00e9perditions \u00e9nerg\u00e9tiques, les constructions r\u00e9centes doivent pr\u00e9senter une isolation \u00e0 toute \u00e9preuve. Les valeurs limites de perm\u00e9abilit\u00e9 \u00e0 l&rsquo;air sont d\u00e9sormais fix\u00e9es \u00e0 :<\/p>\n<ul class=\"ul1\">\n<li class=\"li3\"><strong>0,6 m\u00b3\/h\/m\u00b2<\/strong> pour les maisons individuelles.<\/li>\n<li class=\"li3\"><strong>1 m\u00b3\/h\/m\u00b2<\/strong> pour les b\u00e2timents collectifs.<\/li>\n<\/ul>\n<p class=\"p1\">Les valeurs, tr\u00e8s strictes, imposent une attention particuli\u00e8re d\u00e8s la conception du b\u00e2timent, conjugu\u00e9e \u00e0 la mise en \u0153uvre de syst\u00e8mes de ventilation performants.<\/p>\n<p class=\"p1\">La VMC est un compl\u00e9ment indispensable <a href=\"https:\/\/www.solerpalau.com\/blog\/fr-fr\/ventilation-et-isolation-un-duo-gagnant-pour-votre-confort\/\" target=\"_blank\" rel=\"noopener\">aux maisons r\u00e9centes tr\u00e8s \u00e9tanches<\/a>. Elle assure un renouvellement constant de l\u2019atmosph\u00e8re int\u00e9rieure. Elle expulse l&rsquo;air vici\u00e9 vers l\u2019ext\u00e9rieur puis aspire de l&rsquo;air frais. Son action contribue \u00e0\u00a0:<\/p>\n<ul class=\"ul1\">\n<li class=\"li3\"><strong>Maintenir un taux d&rsquo;humidit\u00e9 optimal.<\/strong> La pr\u00e9vention des risques de condensation et de moisissures est assur\u00e9e.<\/li>\n<li class=\"li3\"><strong>\u00c9liminer les polluants.<\/strong> Vous respirez au quotidien un air purifi\u00e9, de meilleure qualit\u00e9.<\/li>\n<li class=\"li3\"><strong><span class=\"s2\"><a href=\"https:\/\/www.solerpalau.com\/blog\/fr-fr\/allergies-et-humidite-dans-la-maison-conseils\/\" target=\"_blank\" rel=\"noopener\"><span class=\"s3\">R\u00e9duire les risques allergiques<\/span><\/a><\/span>.<\/strong> La concentration d&rsquo;allerg\u00e8nes dans l&rsquo;air de votre maison tend \u00e0 diminuer.<\/li>\n<\/ul>\n<p class=\"p1\">Le choix du syst\u00e8me de VMC de votre maison ne doit pas \u00eatre laiss\u00e9 au hasard. Tenez compte des caract\u00e9ristiques du b\u00e2timent, du nombre d&rsquo;occupants, sans oublier les exigences des normes de r\u00e9gulation thermique. Une VMC mal dimensionn\u00e9e, mal r\u00e9gl\u00e9e entra\u00eene bien souvent des probl\u00e8mes de surventilation, des nuisances sonores\u2026<\/p>\n<p class=\"p1\"><strong>R\u00e9gulation thermique et normes d\u2019installation de VMC<\/strong><\/p>\n<p class=\"p1\"><a href=\"https:\/\/www.solerpalau.com\/blog\/fr-fr\/installation-et-entretien-d-une-vmc\/\" target=\"_blank\" rel=\"noopener\">L&rsquo;installation d&rsquo;une ventilation m\u00e9canique contr\u00f4l\u00e9e (VMC)<\/a> est soumise \u00e0 des r\u00e8gles strictes afin de garantir son bon fonctionnement, sa durabilit\u00e9, tout comme la s\u00e9curit\u00e9 des occupants. Elles sont regroup\u00e9es sous diff\u00e9rentes normes, dont la principale est la <a href=\"https:\/\/www.solerpalau.com\/blog\/fr-fr\/reglementation-vmc-collective\/\" target=\"_blank\" rel=\"noopener\"><span class=\"s1\">NF DTU 68.3<\/span><\/a>.<\/p>\n<p class=\"p1\">La NF DTU 68.3 constitue le document de r\u00e9f\u00e9rence de tous les professionnels de la conception, de l&rsquo;installation et de l&rsquo;entretien des syst\u00e8mes de VMC. Elle couvre l&rsquo;ensemble du cycle de vie d&rsquo;une installation, depuis la phase de conception jusqu&rsquo;\u00e0 la mise en service puis l&rsquo;entretien.<\/p>\n<p class=\"p1\">La NF DTU 68.3 pr\u00e9cise notamment :<\/p>\n<ul class=\"ul1\">\n<li class=\"li3\">Les <strong>r\u00e8gles de calcul et de dimensionnement.<\/strong> Elle d\u00e9finit les m\u00e9thodes de calcul du d\u00e9bit d&rsquo;air n\u00e9cessaire en fonction des caract\u00e9ristiques du b\u00e2timent, des pi\u00e8ces\u2026<\/li>\n<li class=\"li3\">Les <strong>exigences en mati\u00e8re de mat\u00e9riaux<\/strong> utilis\u00e9s pour la r\u00e9alisation des conduits, des bouches d&rsquo;extraction, des \u00e9quipements. Ils doivent combiner la qualit\u00e9 \u00e0 un haut niveau de r\u00e9sistance.<\/li>\n<li class=\"li3\">Les <strong>modalit\u00e9s d\u2019installation.<\/strong> La norme d\u00e9taille les \u00e9tapes de la pose, de la fixation des \u00e9quipements jusqu\u2019\u00e0 la r\u00e9alisation des raccordements \u00e9lectriques.<\/li>\n<li class=\"li3\">Les <strong>obligations en mati\u00e8re de contr\u00f4le.<\/strong> Un contr\u00f4le annuel s\u2019impose dans le cas d\u2019une VMC gaz, mais pas dans celui d\u2019une installation aliment\u00e9e \u00e0 l\u2019\u00e9lectricit\u00e9.<\/li>\n<\/ul>\n<p class=\"p1\">Outre la NF DTU 68.3, d&rsquo;autres normes viennent compl\u00e9ter le dispositif r\u00e9glementaire :<\/p>\n<ul class=\"ul1\">\n<li class=\"li3\">La <strong>NF EN 12599<\/strong> sp\u00e9cifie les m\u00e9thodes de mesure de la performance acoustique des syst\u00e8mes de ventilation. Elle fixe les limites sonores admissibles en vue de garantir le confort des occupants.<\/li>\n<li class=\"li3\">La <strong>NF EN 13141-1<\/strong> d\u00e9finit les performances a\u00e9rauliques requises dans les syst\u00e8mes de ventilation : d\u00e9bits d&rsquo;air, pressions, rendements\u2026<\/li>\n<li class=\"li3\">La <strong>NF C 15-100<\/strong> s&rsquo;applique \u00e0 toutes les installations \u00e9lectriques, y compris celles des syst\u00e8mes de ventilation. Elle garantit la s\u00e9curit\u00e9 \u00e9lectrique de l&rsquo;installation.<\/li>\n<\/ul>\n<p class=\"p1\">La ventilation est un \u00e9l\u00e9ment indispensable de votre confort au quotidien. Les normes de r\u00e9gulation thermique existent afin de vous garantir un renouvellement suffisant de l\u2019air int\u00e9rieur. <strong>Vous recherchez le syst\u00e8me de ventilation le plus adapt\u00e9\u00a0? N\u2019h\u00e9sitez pas \u00e0<\/strong> <a href=\"https:\/\/www.solerpalau.com\/fr-fr\/contact\/\" target=\"_blank\" rel=\"noopener\"><span class=\"s1\">contacter un conseiller Soler&amp;Palau<\/span><\/a>.<\/p>\n<p class=\"p1\"><strong>Les 3 points cl\u00e9s \u00e0 retenir\u00a0:<\/strong><\/p>\n<ul class=\"ul1\">\n<li class=\"li3\">La ventilation d\u2019un logement est obligatoire. Elle est encadr\u00e9e par des normes strictes pour garantir un air int\u00e9rieur sain et confortable.<\/li>\n<li class=\"li3\">La VMC est quasi indispensable pour r\u00e9pondre aux exigences des r\u00e9glementations thermiques modernes.<\/li>\n<li class=\"li3\">Diff\u00e9rentes normes NF DTU encadrent la conception, l&rsquo;installation, l&rsquo;entretien des syst\u00e8mes de VMC.<\/li>\n<\/ul>\n<p><strong>Vous \u00eates un professionnel ?<\/strong> Si vous devez garantir la conformit\u00e9 d\u2019une installation de ventilation, <a href=\"https:\/\/info.solerpalau.com\/fr-fr\/conseils-techniques-ventilation\">nos experts peuvent vous accompagner<\/a> sur les r\u00e9glementations en vigueur, le dimensionnement des d\u00e9bits et le choix du syst\u00e8me adapt\u00e9<\/p>\n\n\n<div class=\"hs-cta-embed hs-cta-simple-placeholder hs-cta-embed-184081000566\"\n  style=\"max-width:100%; max-height:100%; width:650px;height:268.90625px\" data-hubspot-wrapper-cta-id=\"184081000566\">\n  <a href=\"https:\/\/cta-service-cms2.hubspot.com\/web-interactives\/public\/v1\/track\/redirect?encryptedPayload=AVxigLIHDqJO4UTbE7I94xhk7Ojp%2B64Rzq8qvGLJKx%2F%2FEWho6rj7kvdrSJwdxB2bTdvzGdlT0IS7KQeb5vvlFRmqeIm9czlzWtGBd%2FdsI%2F6UrpAvHQ24ER7BJ4odJk2xmLHZwiutCEY4zazVGyVgongFEWyzGPFAD7bohtBIj%2F%2BhNJAt0XPnerm8WMTHbuPYfXLp&#038;webInteractiveContentId=184081000566&#038;portalId=2009592\" target=\"_blank\" rel=\"noopener\" crossorigin=\"anonymous\">\n    <img decoding=\"async\" alt=\"MAISON SAINE\" loading=\"lazy\" src=\"https:\/\/no-cache.hubspot.com\/cta\/default\/2009592\/interactive-184081000566.png\" style=\"height: 100%; width: 100%; object-fit: fill\"\n      onerror=\"this.style.display='none'\" \/>\n  <\/a>\n<\/div>\n","protected":false},"excerpt":{"rendered":"<p>La RE 2020 impose de nouvelles exigences en mati\u00e8re d&rsquo;\u00e9tanch\u00e9it\u00e9 \u00e0 l&rsquo;air. D\u00e9couvrez comment la VMC s&rsquo;adapte \u00e0 l\u2019\u00e9volution de la norme ventilation.<\/p>\n","protected":false},"author":10,"featured_media":5209,"comment_status":"open","ping_status":"open","sticky":false,"template":"","format":"standard","meta":{"_acf_changed":false,"footnotes":""},"categories":[34],"tags":[],"class_list":["post-5179","post","type-post","status-publish","format-standard","has-post-thumbnail","hentry","category-performance-energetique"],"acf":[],"yoast_head":"<!-- This site is optimized with the Yoast SEO plugin v26.1 - https:\/\/yoast.com\/wordpress\/plugins\/seo\/ -->\n<title>Normes ventilation : principales r\u00e8gles d\u2019une installation conforme - S&amp;P<\/title>\n<meta name=\"description\" content=\"La RE 2020 impose de nouvelles exigences en mati\u00e8re d&#039;\u00e9tanch\u00e9it\u00e9 \u00e0 l&#039;air. D\u00e9couvrez comment la VMC s&#039;adapte \u00e0 l&#039;\u00e9volution des normes de ventilation.\" \/>\n<meta name=\"robots\" content=\"index, follow, max-snippet:-1, max-image-preview:large, max-video-preview:-1\" \/>\n<link rel=\"canonical\" href=\"https:\/\/www.solerpalau.com\/blog\/fr-fr\/normes-ventilation-principales-regles-d-une-installation-conforme\/\" \/>\n<meta property=\"og:locale\" content=\"fr_FR\" \/>\n<meta property=\"og:type\" content=\"article\" \/>\n<meta property=\"og:title\" content=\"Normes ventilation : principales r\u00e8gles d\u2019une installation conforme - S&amp;P\" \/>\n<meta property=\"og:description\" content=\"La RE 2020 impose de nouvelles exigences en mati\u00e8re d&#039;\u00e9tanch\u00e9it\u00e9 \u00e0 l&#039;air. D\u00e9couvrez comment la VMC s&#039;adapte \u00e0 l&#039;\u00e9volution des normes de ventilation.\" \/>\n<meta property=\"og:url\" content=\"https:\/\/www.solerpalau.com\/blog\/fr-fr\/normes-ventilation-principales-regles-d-une-installation-conforme\/\" \/>\n<meta property=\"og:site_name\" content=\"S&amp;P Syst\u00e8mes de Ventilation\" \/>\n<meta property=\"article:published_time\" content=\"2025-01-17T07:51:10+00:00\" \/>\n<meta property=\"article:modified_time\" content=\"2025-12-11T15:29:15+00:00\" \/>\n<meta property=\"og:image\" content=\"https:\/\/www.solerpalau.com\/blog\/fr-fr\/wp-content\/uploads\/sites\/2\/2025\/01\/Normes-ventilation-_-principales-re\u0300gles-dune-installation-conforme-SP.jpg\" \/>\n\t<meta property=\"og:image:width\" content=\"960\" \/>\n\t<meta property=\"og:image:height\" content=\"636\" \/>\n\t<meta property=\"og:image:type\" content=\"image\/jpeg\" \/>\n<meta name=\"author\" content=\"S&amp;P\" \/>\n<meta name=\"twitter:card\" content=\"summary_large_image\" \/>\n<meta name=\"twitter:label1\" content=\"\u00c9crit par\" \/>\n\t<meta name=\"twitter:data1\" content=\"S&amp;P\" \/>\n\t<meta name=\"twitter:label2\" content=\"Dur\u00e9e de lecture estim\u00e9e\" \/>\n\t<meta name=\"twitter:data2\" content=\"6 minutes\" \/>\n<!-- \/ Yoast SEO plugin. -->","yoast_head_json":{"title":"Normes ventilation : principales r\u00e8gles d\u2019une installation conforme - S&P","description":"La RE 2020 impose de nouvelles exigences en mati\u00e8re d'\u00e9tanch\u00e9it\u00e9 \u00e0 l'air. D\u00e9couvrez comment la VMC s'adapte \u00e0 l'\u00e9volution des normes de ventilation.","robots":{"index":"index","follow":"follow","max-snippet":"max-snippet:-1","max-image-preview":"max-image-preview:large","max-video-preview":"max-video-preview:-1"},"canonical":"https:\/\/www.solerpalau.com\/blog\/fr-fr\/normes-ventilation-principales-regles-d-une-installation-conforme\/","og_locale":"fr_FR","og_type":"article","og_title":"Normes ventilation : principales r\u00e8gles d\u2019une installation conforme - S&P","og_description":"La RE 2020 impose de nouvelles exigences en mati\u00e8re d'\u00e9tanch\u00e9it\u00e9 \u00e0 l'air. D\u00e9couvrez comment la VMC s'adapte \u00e0 l'\u00e9volution des normes de ventilation.","og_url":"https:\/\/www.solerpalau.com\/blog\/fr-fr\/normes-ventilation-principales-regles-d-une-installation-conforme\/","og_site_name":"S&amp;P Syst\u00e8mes de Ventilation","article_published_time":"2025-01-17T07:51:10+00:00","article_modified_time":"2025-12-11T15:29:15+00:00","og_image":[{"width":960,"height":636,"url":"https:\/\/www.solerpalau.com\/blog\/fr-fr\/wp-content\/uploads\/sites\/2\/2025\/01\/Normes-ventilation-_-principales-re\u0300gles-dune-installation-conforme-SP.jpg","type":"image\/jpeg"}],"author":"S&amp;P","twitter_card":"summary_large_image","twitter_misc":{"\u00c9crit par":"S&amp;P","Dur\u00e9e de lecture estim\u00e9e":"6 minutes"},"schema":{"@context":"https:\/\/schema.org","@graph":[{"@type":"WebPage","@id":"https:\/\/www.solerpalau.com\/blog\/fr-fr\/normes-ventilation-principales-regles-d-une-installation-conforme\/","url":"https:\/\/www.solerpalau.com\/blog\/fr-fr\/normes-ventilation-principales-regles-d-une-installation-conforme\/","name":"Normes ventilation : principales r\u00e8gles d\u2019une installation conforme - S&P","isPartOf":{"@id":"https:\/\/www.solerpalau.com\/blog\/fr-fr\/#website"},"primaryImageOfPage":{"@id":"https:\/\/www.solerpalau.com\/blog\/fr-fr\/normes-ventilation-principales-regles-d-une-installation-conforme\/#primaryimage"},"image":{"@id":"https:\/\/www.solerpalau.com\/blog\/fr-fr\/normes-ventilation-principales-regles-d-une-installation-conforme\/#primaryimage"},"thumbnailUrl":"https:\/\/www.solerpalau.com\/blog\/fr-fr\/wp-content\/uploads\/sites\/2\/2025\/01\/Normes-ventilation-_-principales-re\u0300gles-dune-installation-conforme-SP.jpg","datePublished":"2025-01-17T07:51:10+00:00","dateModified":"2025-12-11T15:29:15+00:00","author":{"@id":"https:\/\/www.solerpalau.com\/blog\/fr-fr\/#\/schema\/person\/a649fcc0fccdca5446ea2bc371ad5cb9"},"description":"La RE 2020 impose de nouvelles exigences en mati\u00e8re d'\u00e9tanch\u00e9it\u00e9 \u00e0 l'air. D\u00e9couvrez comment la VMC s'adapte \u00e0 l'\u00e9volution des normes de ventilation.","breadcrumb":{"@id":"https:\/\/www.solerpalau.com\/blog\/fr-fr\/normes-ventilation-principales-regles-d-une-installation-conforme\/#breadcrumb"},"inLanguage":"fr-FR","potentialAction":[{"@type":"ReadAction","target":["https:\/\/www.solerpalau.com\/blog\/fr-fr\/normes-ventilation-principales-regles-d-une-installation-conforme\/"]}]},{"@type":"ImageObject","inLanguage":"fr-FR","@id":"https:\/\/www.solerpalau.com\/blog\/fr-fr\/normes-ventilation-principales-regles-d-une-installation-conforme\/#primaryimage","url":"https:\/\/www.solerpalau.com\/blog\/fr-fr\/wp-content\/uploads\/sites\/2\/2025\/01\/Normes-ventilation-_-principales-re\u0300gles-dune-installation-conforme-SP.jpg","contentUrl":"https:\/\/www.solerpalau.com\/blog\/fr-fr\/wp-content\/uploads\/sites\/2\/2025\/01\/Normes-ventilation-_-principales-re\u0300gles-dune-installation-conforme-SP.jpg","width":960,"height":636,"caption":"Normes ventilation _ principales re\u0300gles d\u2019une installation conforme - S&P"},{"@type":"BreadcrumbList","@id":"https:\/\/www.solerpalau.com\/blog\/fr-fr\/normes-ventilation-principales-regles-d-une-installation-conforme\/#breadcrumb","itemListElement":[{"@type":"ListItem","position":1,"name":"Accueil","item":"https:\/\/www.solerpalau.com\/blog\/fr-fr\/"},{"@type":"ListItem","position":2,"name":"Assurer la conformit\u00e9 : comprendre la r\u00e9gulation thermique dans la ventilation"}]},{"@type":"WebSite","@id":"https:\/\/www.solerpalau.com\/blog\/fr-fr\/#website","url":"https:\/\/www.solerpalau.com\/blog\/fr-fr\/","name":"S&amp;P Syst\u00e8mes de Ventilation","description":"Le Blog de la Ventilation Efficace","potentialAction":[{"@type":"SearchAction","target":{"@type":"EntryPoint","urlTemplate":"https:\/\/www.solerpalau.com\/blog\/fr-fr\/?s={search_term_string}"},"query-input":{"@type":"PropertyValueSpecification","valueRequired":true,"valueName":"search_term_string"}}],"inLanguage":"fr-FR"},{"@type":"Person","@id":"https:\/\/www.solerpalau.com\/blog\/fr-fr\/#\/schema\/person\/a649fcc0fccdca5446ea2bc371ad5cb9","name":"S&amp;P","image":{"@type":"ImageObject","inLanguage":"fr-FR","@id":"https:\/\/www.solerpalau.com\/blog\/fr-fr\/#\/schema\/person\/image\/","url":"https:\/\/secure.gravatar.com\/avatar\/994644236667321375ba4d21a34a002e2bcfd7b33a114caa4c9dc488ece6c970?s=96&d=mm&r=g","contentUrl":"https:\/\/secure.gravatar.com\/avatar\/994644236667321375ba4d21a34a002e2bcfd7b33a114caa4c9dc488ece6c970?s=96&d=mm&r=g","caption":"S&amp;P"},"url":"https:\/\/www.solerpalau.com\/blog\/fr-fr\/author\/binaria\/"}]}},"reading_time":"<span class=\"span-reading-time rt-reading-time\"><span class=\"rt-label rt-prefix\"><\/span> <span class=\"rt-time\"> 4<\/span> <span class=\"rt-label rt-postfix\"> min. de lecture<\/span><\/span>","_links":{"self":[{"href":"https:\/\/www.solerpalau.com\/blog\/fr-fr\/wp-json\/wp\/v2\/posts\/5179","targetHints":{"allow":["GET"]}}],"collection":[{"href":"https:\/\/www.solerpalau.com\/blog\/fr-fr\/wp-json\/wp\/v2\/posts"}],"about":[{"href":"https:\/\/www.solerpalau.com\/blog\/fr-fr\/wp-json\/wp\/v2\/types\/post"}],"author":[{"embeddable":true,"href":"https:\/\/www.solerpalau.com\/blog\/fr-fr\/wp-json\/wp\/v2\/users\/10"}],"replies":[{"embeddable":true,"href":"https:\/\/www.solerpalau.com\/blog\/fr-fr\/wp-json\/wp\/v2\/comments?post=5179"}],"version-history":[{"count":6,"href":"https:\/\/www.solerpalau.com\/blog\/fr-fr\/wp-json\/wp\/v2\/posts\/5179\/revisions"}],"predecessor-version":[{"id":5712,"href":"https:\/\/www.solerpalau.com\/blog\/fr-fr\/wp-json\/wp\/v2\/posts\/5179\/revisions\/5712"}],"wp:featuredmedia":[{"embeddable":true,"href":"https:\/\/www.solerpalau.com\/blog\/fr-fr\/wp-json\/wp\/v2\/media\/5209"}],"wp:attachment":[{"href":"https:\/\/www.solerpalau.com\/blog\/fr-fr\/wp-json\/wp\/v2\/media?parent=5179"}],"wp:term":[{"taxonomy":"category","embeddable":true,"href":"https:\/\/www.solerpalau.com\/blog\/fr-fr\/wp-json\/wp\/v2\/categories?post=5179"},{"taxonomy":"post_tag","embeddable":true,"href":"https:\/\/www.solerpalau.com\/blog\/fr-fr\/wp-json\/wp\/v2\/tags?post=5179"}],"curies":[{"name":"wp","href":"https:\/\/api.w.org\/{rel}","templated":true}]}}