{"id":5184,"date":"2025-01-17T08:54:21","date_gmt":"2025-01-17T07:54:21","guid":{"rendered":"https:\/\/www.solerpalau.com\/blog\/fr-fr\/?p=5184"},"modified":"2025-03-04T13:10:11","modified_gmt":"2025-03-04T12:10:11","slug":"ventilation-et-chauffage-optimiser-lefficacite-energetique","status":"publish","type":"post","link":"https:\/\/www.solerpalau.com\/blog\/fr-fr\/ventilation-et-chauffage-optimiser-lefficacite-energetique\/","title":{"rendered":"Ventilation et syst\u00e8me de chauffage\u00a0: maximiser l\u2019efficacit\u00e9 \u00e9nerg\u00e9tique"},"content":{"rendered":"<p class=\"p1\">71\u2009600 logements ont b\u00e9n\u00e9fici\u00e9 d\u2019une r\u00e9novation d\u2019ampleur en 2023, avec \u00e0 la cl\u00e9 des \u00e9conomies d\u2019\u00e9nergie de <a href=\"https:\/\/www.statistiques.developpement-durable.gouv.fr\/les-renovations-energetiques-dampleur-aidees-par-lanah-en-2023\" target=\"_blank\" rel=\"noopener\"><span class=\"s1\">17 \u00e0 21\u00a0MWh par an<\/span><\/a>. <strong>Dans la grande majorit\u00e9 des cas, le projet associe l\u2019installation d\u2019un nouveau syst\u00e8me de chauffage \u00e0 une isolation plus performante et \u00e0 une ventilation m\u00e9canique.<\/strong> Comment s\u00e9lectionner la meilleure combinaison\u2009?<!--more--><\/p><div id=\"ez-toc-container\" class=\"ez-toc-v2_0_76 counter-hierarchy ez-toc-counter ez-toc-custom ez-toc-container-direction\">\n<div class=\"ez-toc-title-container\">\n<p class=\"ez-toc-title\" style=\"cursor:inherit\">Table des mati\u00e8res<\/p>\n<span class=\"ez-toc-title-toggle\"><\/span><\/div>\n<nav><ul class='ez-toc-list ez-toc-list-level-1 ' ><li class='ez-toc-page-1 ez-toc-heading-level-2'><a class=\"ez-toc-link ez-toc-heading-1\" href=\"https:\/\/www.solerpalau.com\/blog\/fr-fr\/ventilation-et-chauffage-optimiser-lefficacite-energetique\/#Efficacite_energetique_quel_systeme_de_chauffage%E2%80%89\" >Efficacit\u00e9 \u00e9nerg\u00e9tique\u00a0: quel syst\u00e8me de chauffage\u2009?<\/a><\/li><li class='ez-toc-page-1 ez-toc-heading-level-2'><a class=\"ez-toc-link ez-toc-heading-2\" href=\"https:\/\/www.solerpalau.com\/blog\/fr-fr\/ventilation-et-chauffage-optimiser-lefficacite-energetique\/#Quelle_ventilation_pour_realiser_des_economies_denergie%E2%80%89\" >Quelle ventilation pour r\u00e9aliser des \u00e9conomies d\u2019\u00e9nergie\u2009?<\/a><\/li><li class='ez-toc-page-1 ez-toc-heading-level-2'><a class=\"ez-toc-link ez-toc-heading-3\" href=\"https:\/\/www.solerpalau.com\/blog\/fr-fr\/ventilation-et-chauffage-optimiser-lefficacite-energetique\/#Chauffage_et_ventilation_nos_conseils_pour_la_meilleure_combinaison\" >Chauffage et ventilation\u00a0: nos conseils pour la meilleure combinaison<\/a><\/li><\/ul><\/nav><\/div>\n\n<h2 class=\"p1\"><span class=\"ez-toc-section\" id=\"Efficacite_energetique_quel_systeme_de_chauffage%E2%80%89\"><\/span>Efficacit\u00e9 \u00e9nerg\u00e9tique\u00a0: quel syst\u00e8me de chauffage\u2009?<span class=\"ez-toc-section-end\"><\/span><\/h2>\n<p class=\"p1\">Le choix du syst\u00e8me de chauffage impacte votre confort, mais aussi votre budget. Plusieurs technologies se disputent aujourd\u2019hui le march\u00e9 de la <a href=\"https:\/\/www.solerpalau.com\/blog\/fr-fr\/construction-durable\/\" target=\"_blank\" rel=\"noopener\"><span class=\"s1\">construction durable<\/span><\/a>, chacune avec ses propres avantages\u00a0:<\/p>\n<ul class=\"ul1\">\n<li class=\"li3\">La <strong>pompe \u00e0 chaleur<\/strong> (PAC) est capable de chauffer et de rafra\u00eechir votre int\u00e9rieur. Elle capte les calories pr\u00e9sentes dans l\u2019air ext\u00e9rieur (PAC a\u00e9rothermique) ou dans le sol (PAC g\u00e9othermique) afin de les transf\u00e9rer \u00e0 l\u2019int\u00e9rieur de votre habitation. Le syst\u00e8me repose sur une unit\u00e9 centrale, associ\u00e9e \u00e0 un r\u00e9seau de distribution de la chaleur\u00a0: plancher chauffant, radiateurs basse temp\u00e9rature, ventilo-convecteurs\u2026\u00a0<\/li>\n<\/ul>\n<ul class=\"ul1\">\n<li class=\"li3\">Le <a href=\"https:\/\/agirpourlatransition.ademe.fr\/particuliers\/maison\/chauffage\/bien-chauffer-bois-moins-polluer\" target=\"_blank\" rel=\"noopener\"><span class=\"s1\"><strong>chauffage au bois<\/strong><\/span><\/a> s\u2019appuie sur une ressource naturelle, 100\u00a0% renouvelable. Elle offre par ailleurs une chaleur r\u00e9confortante, authentique. La <strong>chaudi\u00e8re \u00e0 bois<\/strong> est adapt\u00e9e aux maisons d\u00e9j\u00e0 \u00e9quip\u00e9es d\u2019un r\u00e9seau de chauffage central. Elle peut fonctionner avec diff\u00e9rents types de combustibles\u00a0: b\u00fbches, plaquettes, granul\u00e9s\u2026 Le <strong>po\u00eale \u00e0 bois<\/strong>, \u00e0 b\u00fbches ou \u00e0 granul\u00e9s, apporte une touche chaleureuse \u00e0 votre int\u00e9rieur.\u00a0<\/li>\n<\/ul>\n<ul class=\"ul1\">\n<li class=\"li3\">La <strong>chaudi\u00e8re gaz \u00e0 condensation \u00e0 tr\u00e8s haute performance \u00e9nerg\u00e9tique<\/strong>, ou THPE, est toujours un syst\u00e8me de chauffage performant. Son principe est simple\u00a0: elle r\u00e9cup\u00e8re la chaleur contenue dans les fum\u00e9es port\u00e9es \u00e0 tr\u00e8s haute temp\u00e9rature, afin d\u2019atteindre un rendement \u00e9nerg\u00e9tique \u00e9lev\u00e9. Vous pouvez attendre des \u00e9conomies d\u2019\u00e9nergie de 25 \u00e0 30\u00a0% par rapport \u00e0 une chaudi\u00e8re \u00e0 gaz plus ancienne.<\/li>\n<\/ul>\n<p class=\"p1\" style=\"padding-left: 40px;\"><strong><em>Bon \u00e0 savoir\u00a0\u2013 Le bois\u00a0: un mode de chauffage performant<\/em><\/strong><\/p>\n<p class=\"p3\" style=\"padding-left: 40px;\"><em>Dans une chemin\u00e9e ouverte, la combustion d\u2019une b\u00fbche vous restitue seulement 10\u00a0% de l\u2019\u00e9nergie d\u00e9gag\u00e9e en chaleur. Avec une chaudi\u00e8re \u00e0 bois ou un po\u00eale ferm\u00e9, le rendement \u00e9nerg\u00e9tique est compris <a href=\"https:\/\/agirpourlatransition.ademe.fr\/particuliers\/maison\/chauffage\/bien-chauffer-bois-moins-polluer\" target=\"_blank\" rel=\"noopener\"><span class=\"s1\">entre 75 et 98\u00a0%<\/span><\/a>.<\/em><\/p>\n<h2 class=\"p1\"><span class=\"ez-toc-section\" id=\"Quelle_ventilation_pour_realiser_des_economies_denergie%E2%80%89\"><\/span>Quelle ventilation pour r\u00e9aliser des \u00e9conomies d\u2019\u00e9nergie\u2009?<span class=\"ez-toc-section-end\"><\/span><\/h2>\n<p class=\"p1\">L\u2019<a href=\"https:\/\/www.solerpalau.com\/blog\/fr-fr\/installation-et-entretien-d-une-vmc\/\" target=\"_blank\" rel=\"noopener\"><span class=\"s1\">installation d\u2019une ventilation m\u00e9canique contr\u00f4l\u00e9e<\/span><\/a> (VMC) est devenue indispensable dans les habitations modernes afin d\u2019assurer une qualit\u00e9 de l\u2019air int\u00e9rieur optimale. Tr\u00e8s bien isol\u00e9es, elles sont aussi bien plus \u00e9tanches \u00e0 l\u2019air. Cela peut entra\u00eener une accumulation d\u2019humidit\u00e9 et de polluants \u00e0 l\u2019int\u00e9rieur sans un syst\u00e8me de ventilation efficace.\u00a0<\/p>\n<p class=\"p1\">La VMC permet de renouveler l\u2019air int\u00e9rieur, d\u2019\u00e9vacuer les substances nocives. Cela inclut les compos\u00e9s organiques volatils (COV) \u00e9mis par les mat\u00e9riaux de construction, les meubles, les produits d\u2019entretien\u2026<\/p>\n<p class=\"p1\">En pratique, il existe principalement<a href=\"https:\/\/www.solerpalau.com\/blog\/fr-fr\/tendances-quel-systeme-de-vmc-choisir\/\" target=\"_blank\" rel=\"noopener\"><span class=\"s1\"> deux types de technologies<\/span><\/a>\u00a0:<\/p>\n<ul class=\"ul1\">\n<li class=\"li3\">La <strong>VMC simple flux<\/strong> est le syst\u00e8me le plus r\u00e9pandu. L\u2019air vici\u00e9 est extrait de la maison via un r\u00e9seau de conduits doubl\u00e9 de ventilateurs. L\u2019air neuf p\u00e9n\u00e8tre par des entr\u00e9es d\u2019air situ\u00e9es sur les fen\u00eatres, les fa\u00e7ades\u2026 Dans le cas d\u2019une VMC autor\u00e9glable, le d\u00e9bit d\u2019air est constant. Il ne varie pas en fonction de l\u2019humidit\u00e9 ambiante. La<a href=\"https:\/\/www.solerpalau.com\/blog\/fr-fr\/vmc-hygroreglable-type-a-vs-type-b\/\" target=\"_blank\" rel=\"noopener\"> VMC hygror\u00e9glable<\/a>, quant \u00e0 elle, adapte son d\u00e9bit d\u2019air automatiquement en fonction du taux d\u2019humidit\u00e9.<\/li>\n<li class=\"li3\">La <strong>VMC double flux<\/strong> r\u00e9cup\u00e8re la chaleur de l\u2019air extrait afin de pr\u00e9chauffer l\u2019air neuf entrant. L\u2019air neuf est filtr\u00e9 et r\u00e9chauff\u00e9 avant d\u2019\u00eatre diffus\u00e9 dans les pi\u00e8ces de vie. Cela permet de r\u00e9aliser des \u00e9conomies d\u2019\u00e9nergie importantes, de l\u2019ordre de 7 \u00e0 10 % sur la facture de chauffage.<\/li>\n<\/ul>\n<h2 class=\"p1\"><span class=\"ez-toc-section\" id=\"Chauffage_et_ventilation_nos_conseils_pour_la_meilleure_combinaison\"><\/span>Chauffage et ventilation\u00a0: nos conseils pour la meilleure combinaison<span class=\"ez-toc-section-end\"><\/span><\/h2>\n<p class=\"p1\">La r\u00e9alisation d\u2019une <a href=\"https:\/\/france-renov.gouv.fr\/aides\/maprimerenov-renovation-ampleur\" target=\"_blank\" rel=\"noopener\"><span class=\"s1\">r\u00e9novation d\u2019ampleur<\/span><\/a> implique, la plupart du temps, une r\u00e9flexion associant la question du chauffage \u00e0 celle de la ventilation. Le choix aura in fine un impact direct sur votre confort. <a href=\"https:\/\/www.solerpalau.com\/blog\/fr-fr\/optimisation-energetique-de-la-vmc\/\" target=\"_blank\" rel=\"noopener\">Afin d\u2019optimiser l\u2019efficacit\u00e9 \u00e9nerg\u00e9tique de votre logement<\/a>, vous devrez associer judicieusement les deux syst\u00e8mes.<\/p>\n<p class=\"p1\">Une maison bien chauff\u00e9e mais mal ventil\u00e9e entra\u00eene l\u2019apparition de probl\u00e8mes d\u2019humidit\u00e9, de moisissures, de mauvaises odeurs\u2026 \u00c0 l\u2019inverse, une maison bien ventil\u00e9e, mais mal chauff\u00e9e n\u2019est pas agr\u00e9able \u00e0 vivre.<\/p>\n<p class=\"p1\">Avant d\u2019envisager l\u2019installation d\u2019un nouveau syst\u00e8me de chauffage ou de ventilation, v\u00e9rifiez toujours la <a href=\"https:\/\/www.solerpalau.com\/blog\/fr-fr\/ventilation-et-isolation-un-duo-gagnant-pour-votre-confort\/\" target=\"_blank\" rel=\"noopener\"><span class=\"s1\">qualit\u00e9 d\u2019isolation de votre logement<\/span><\/a>. Une inertie thermique de haut niveau, conforme aux normes fix\u00e9es par la r\u00e9glementation environnementale\u00a02020, permet de r\u00e9duire les d\u00e9perditions de chaleur. Elle optimise aussi le rendement de votre syst\u00e8me de chauffage.<\/p>\n<p class=\"p1\">Choisissez la <strong>puissance de votre syst\u00e8me de chauffage<\/strong>, tout comme celle du d\u00e9bit d\u2019air de votre VMC, selon le volume du logement ou ses caract\u00e9ristiques propres. Un dimensionnement adapt\u00e9 \u00e9vite les surconsommations.\u00a0<\/p>\n<p class=\"p1\">Installez par ailleurs un syst\u00e8me de r\u00e9gulation contr\u00f4lable \u00e0 distance. Concernant le chauffage, il peut prendre la forme d\u2019un <strong>thermostat connect\u00e9<\/strong>. Vous pouvez aussi investir dans une <a href=\"https:\/\/www.solerpalau.com\/blog\/fr-fr\/smart-home-decouvrez-les-atouts-d-une-vmc-connectee\/\" target=\"_blank\" rel=\"noopener\"><strong>VMC connect\u00e9e<\/strong><\/a> afin de programmer des routines de ventilation adapt\u00e9es \u00e0 votre style de vie. L\u2019id\u00e9al pour adapter la temp\u00e9rature ambiante en fonction des pi\u00e8ces, des moments de la journ\u00e9e\u2026<\/p>\n<p class=\"p1\">Certaines combinaisons sont susceptibles de vous apporter les meilleures performances en termes d\u2019efficacit\u00e9 \u00e9nerg\u00e9tique\u00a0:<\/p>\n<ul class=\"ul1\">\n<li class=\"li3\"><strong>Pompe \u00e0 chaleur\/VMC double flux.<\/strong> \u00c0 recommander pour les maisons neuves ou anciennes apr\u00e8s une r\u00e9novation compl\u00e8te. La pompe \u00e0 chaleur assure un chauffage \u00e9conomique. La VMC double flux se charge de maintenir la qualit\u00e9 de l\u2019air int\u00e9rieur et de minimiser la consommation de la PAC, gr\u00e2ce au pr\u00e9chauffage de l\u2019air entrant.<\/li>\n<\/ul>\n<ul class=\"ul1\">\n<li class=\"li3\"><strong>Chaudi\u00e8re gaz \u00e0 condensation\/VMC simple flux hygror\u00e9glable.<\/strong> La solution est plus \u00e9conomique \u00e0 l\u2019installation. La chaudi\u00e8re \u00e0 condensation offre un excellent rendement \u00e9nerg\u00e9tique. Une VMC hygror\u00e9glable adapte en continu le d\u00e9bit d\u2019air <a href=\"https:\/\/www.solerpalau.com\/blog\/fr-fr\/capteurs-dhumidite-surveiller-le-taux-dhumidite\/\" target=\"_blank\" rel=\"noopener\"><span class=\"s2\">en fonction de l\u2019humidit\u00e9<\/span><\/a> : vous \u00e9vitez la formation de moisissures dans votre espace int\u00e9rieur.<\/li>\n<li class=\"li3\"><strong>Chaudi\u00e8re \u00e0 bois\/VMC double flux.<\/strong> Vous optez pour un chauffage au bois\u2009? Le choix d\u2019une VMC double flux est judicieux afin d\u2019\u00e9vacuer plus efficacement l\u2019air vici\u00e9 vers l\u2019ext\u00e9rieur.<\/li>\n<\/ul>\n<p class=\"p1\">L\u2019association d\u2019un syst\u00e8me de chauffage performant \u00e0 une ventilation adapt\u00e9e est la cl\u00e9 de votre confort. Afin de faire le bon choix, vous devrez tenir compte de param\u00e8tres multiples dont l\u2019isolation de votre logement, la surface habitable, vos habitudes de vie\u2026 <a href=\"https:\/\/info.solerpalau.com\/fr-fr\/conseils-techniques-ventilation?utm_referrer=https%3A%2F%2Fpreprod2.solerpalau.com%2F&amp;_gl=1*crd2gs*_ga*MTE5MTI4MzMzMy4xNzM0MzM0ODIz*_ga_ZBFSGQ4G3L*MTczNDYwMDA4MC42LjAuMTczNDYwMDA4MS41OS4wLjA.\" target=\"_blank\" rel=\"noopener\"><span class=\"s1\">Contactez Soler &amp; Palau<\/span><\/a> de mani\u00e8re \u00e0 b\u00e9n\u00e9ficier d\u2019un conseil expert\u2009!<\/p>\n<p class=\"p1\"><strong>Les trois\u00a0points cl\u00e9s \u00e0 retenir\u00a0:<\/strong><\/p>\n<ul class=\"ul1\">\n<li class=\"li3\">Le choix de votre syst\u00e8me de chauffage, tout comme celui de la ventilation, est essentiel \u00e0 l\u2019efficacit\u00e9 \u00e9nerg\u00e9tique du logement.<\/li>\n<li class=\"li3\">Le dimensionnement ad\u00e9quat et l\u2019entretien r\u00e9gulier de ces syst\u00e8mes contribuent \u00e0 optimiser leur performance.<\/li>\n<li class=\"li3\">Associer une pompe \u00e0 chaleur \u00e0 une VMC double flux est une combinaison id\u00e9ale en vue de r\u00e9aliser des \u00e9conomies d\u2019\u00e9nergie maximales.<\/li>\n<\/ul>\n\n\n<div class=\"hs-cta-embed hs-cta-simple-placeholder hs-cta-embed-184081000566\"\n  style=\"max-width:100%; max-height:100%; width:650px;height:268.90625px\" data-hubspot-wrapper-cta-id=\"184081000566\">\n  <a href=\"https:\/\/cta-service-cms2.hubspot.com\/web-interactives\/public\/v1\/track\/redirect?encryptedPayload=AVxigLIHDqJO4UTbE7I94xhk7Ojp%2B64Rzq8qvGLJKx%2F%2FEWho6rj7kvdrSJwdxB2bTdvzGdlT0IS7KQeb5vvlFRmqeIm9czlzWtGBd%2FdsI%2F6UrpAvHQ24ER7BJ4odJk2xmLHZwiutCEY4zazVGyVgongFEWyzGPFAD7bohtBIj%2F%2BhNJAt0XPnerm8WMTHbuPYfXLp&#038;webInteractiveContentId=184081000566&#038;portalId=2009592\" target=\"_blank\" rel=\"noopener\" crossorigin=\"anonymous\">\n    <img decoding=\"async\" alt=\"MAISON SAINE\" loading=\"lazy\" src=\"https:\/\/no-cache.hubspot.com\/cta\/default\/2009592\/interactive-184081000566.png\" style=\"height: 100%; width: 100%; object-fit: fill\"\n      onerror=\"this.style.display='none'\" \/>\n  <\/a>\n<\/div>\n","protected":false},"excerpt":{"rendered":"<p>D\u00e9couvrez comment syst\u00e8me de chauffage et ventilation entrent en synergie pour am\u00e9liorer votre confort et r\u00e9duire votre facture d\u2019\u00e9nergie.<\/p>\n","protected":false},"author":10,"featured_media":5208,"comment_status":"open","ping_status":"open","sticky":false,"template":"","format":"standard","meta":{"_acf_changed":false,"footnotes":""},"categories":[34],"tags":[],"class_list":["post-5184","post","type-post","status-publish","format-standard","has-post-thumbnail","hentry","category-performance-energetique"],"acf":[],"yoast_head":"<!-- This site is optimized with the Yoast SEO plugin v26.1 - https:\/\/yoast.com\/wordpress\/plugins\/seo\/ -->\n<title>Ventilation et chauffage : Optimiser l\u2019efficacit\u00e9 \u00e9nerg\u00e9tique - S&amp;P<\/title>\n<meta name=\"description\" content=\"D\u00e9couvrez comment syst\u00e8me de chauffage et ventilation entrent en synergie pour am\u00e9liorer votre confort et r\u00e9duire votre facture d\u2019\u00e9nergie.\" \/>\n<meta name=\"robots\" content=\"index, follow, max-snippet:-1, max-image-preview:large, max-video-preview:-1\" \/>\n<link rel=\"canonical\" href=\"https:\/\/www.solerpalau.com\/blog\/fr-fr\/ventilation-et-chauffage-optimiser-lefficacite-energetique\/\" \/>\n<meta property=\"og:locale\" content=\"fr_FR\" \/>\n<meta property=\"og:type\" content=\"article\" \/>\n<meta property=\"og:title\" content=\"Ventilation et chauffage : Optimiser l\u2019efficacit\u00e9 \u00e9nerg\u00e9tique - S&amp;P\" \/>\n<meta property=\"og:description\" content=\"D\u00e9couvrez comment syst\u00e8me de chauffage et ventilation entrent en synergie pour am\u00e9liorer votre confort et r\u00e9duire votre facture d\u2019\u00e9nergie.\" \/>\n<meta property=\"og:url\" content=\"https:\/\/www.solerpalau.com\/blog\/fr-fr\/ventilation-et-chauffage-optimiser-lefficacite-energetique\/\" \/>\n<meta property=\"og:site_name\" content=\"S&amp;P Syst\u00e8mes de Ventilation\" \/>\n<meta property=\"article:published_time\" content=\"2025-01-17T07:54:21+00:00\" \/>\n<meta property=\"article:modified_time\" content=\"2025-03-04T12:10:11+00:00\" \/>\n<meta property=\"og:image\" content=\"https:\/\/www.solerpalau.com\/blog\/fr-fr\/wp-content\/uploads\/sites\/2\/2025\/01\/Ventilation-et-syste\u0300me-de-chauffage-SP.jpg\" \/>\n\t<meta property=\"og:image:width\" content=\"960\" \/>\n\t<meta property=\"og:image:height\" content=\"636\" \/>\n\t<meta property=\"og:image:type\" content=\"image\/jpeg\" \/>\n<meta name=\"author\" content=\"S&amp;P\" \/>\n<meta name=\"twitter:card\" content=\"summary_large_image\" \/>\n<meta name=\"twitter:label1\" content=\"\u00c9crit par\" \/>\n\t<meta name=\"twitter:data1\" content=\"S&amp;P\" \/>\n\t<meta name=\"twitter:label2\" content=\"Dur\u00e9e de lecture estim\u00e9e\" \/>\n\t<meta name=\"twitter:data2\" content=\"6 minutes\" \/>\n<!-- \/ Yoast SEO plugin. -->","yoast_head_json":{"title":"Ventilation et chauffage : Optimiser l\u2019efficacit\u00e9 \u00e9nerg\u00e9tique - S&P","description":"D\u00e9couvrez comment syst\u00e8me de chauffage et ventilation entrent en synergie pour am\u00e9liorer votre confort et r\u00e9duire votre facture d\u2019\u00e9nergie.","robots":{"index":"index","follow":"follow","max-snippet":"max-snippet:-1","max-image-preview":"max-image-preview:large","max-video-preview":"max-video-preview:-1"},"canonical":"https:\/\/www.solerpalau.com\/blog\/fr-fr\/ventilation-et-chauffage-optimiser-lefficacite-energetique\/","og_locale":"fr_FR","og_type":"article","og_title":"Ventilation et chauffage : Optimiser l\u2019efficacit\u00e9 \u00e9nerg\u00e9tique - S&P","og_description":"D\u00e9couvrez comment syst\u00e8me de chauffage et ventilation entrent en synergie pour am\u00e9liorer votre confort et r\u00e9duire votre facture d\u2019\u00e9nergie.","og_url":"https:\/\/www.solerpalau.com\/blog\/fr-fr\/ventilation-et-chauffage-optimiser-lefficacite-energetique\/","og_site_name":"S&amp;P Syst\u00e8mes de Ventilation","article_published_time":"2025-01-17T07:54:21+00:00","article_modified_time":"2025-03-04T12:10:11+00:00","og_image":[{"width":960,"height":636,"url":"https:\/\/www.solerpalau.com\/blog\/fr-fr\/wp-content\/uploads\/sites\/2\/2025\/01\/Ventilation-et-syste\u0300me-de-chauffage-SP.jpg","type":"image\/jpeg"}],"author":"S&amp;P","twitter_card":"summary_large_image","twitter_misc":{"\u00c9crit par":"S&amp;P","Dur\u00e9e de lecture estim\u00e9e":"6 minutes"},"schema":{"@context":"https:\/\/schema.org","@graph":[{"@type":"WebPage","@id":"https:\/\/www.solerpalau.com\/blog\/fr-fr\/ventilation-et-chauffage-optimiser-lefficacite-energetique\/","url":"https:\/\/www.solerpalau.com\/blog\/fr-fr\/ventilation-et-chauffage-optimiser-lefficacite-energetique\/","name":"Ventilation et chauffage : Optimiser l\u2019efficacit\u00e9 \u00e9nerg\u00e9tique - S&P","isPartOf":{"@id":"https:\/\/www.solerpalau.com\/blog\/fr-fr\/#website"},"primaryImageOfPage":{"@id":"https:\/\/www.solerpalau.com\/blog\/fr-fr\/ventilation-et-chauffage-optimiser-lefficacite-energetique\/#primaryimage"},"image":{"@id":"https:\/\/www.solerpalau.com\/blog\/fr-fr\/ventilation-et-chauffage-optimiser-lefficacite-energetique\/#primaryimage"},"thumbnailUrl":"https:\/\/www.solerpalau.com\/blog\/fr-fr\/wp-content\/uploads\/sites\/2\/2025\/01\/Ventilation-et-syste\u0300me-de-chauffage-SP.jpg","datePublished":"2025-01-17T07:54:21+00:00","dateModified":"2025-03-04T12:10:11+00:00","author":{"@id":"https:\/\/www.solerpalau.com\/blog\/fr-fr\/#\/schema\/person\/a649fcc0fccdca5446ea2bc371ad5cb9"},"description":"D\u00e9couvrez comment syst\u00e8me de chauffage et ventilation entrent en synergie pour am\u00e9liorer votre confort et r\u00e9duire votre facture d\u2019\u00e9nergie.","breadcrumb":{"@id":"https:\/\/www.solerpalau.com\/blog\/fr-fr\/ventilation-et-chauffage-optimiser-lefficacite-energetique\/#breadcrumb"},"inLanguage":"fr-FR","potentialAction":[{"@type":"ReadAction","target":["https:\/\/www.solerpalau.com\/blog\/fr-fr\/ventilation-et-chauffage-optimiser-lefficacite-energetique\/"]}]},{"@type":"ImageObject","inLanguage":"fr-FR","@id":"https:\/\/www.solerpalau.com\/blog\/fr-fr\/ventilation-et-chauffage-optimiser-lefficacite-energetique\/#primaryimage","url":"https:\/\/www.solerpalau.com\/blog\/fr-fr\/wp-content\/uploads\/sites\/2\/2025\/01\/Ventilation-et-syste\u0300me-de-chauffage-SP.jpg","contentUrl":"https:\/\/www.solerpalau.com\/blog\/fr-fr\/wp-content\/uploads\/sites\/2\/2025\/01\/Ventilation-et-syste\u0300me-de-chauffage-SP.jpg","width":960,"height":636,"caption":"Ventilation et syste\u0300me de chauffage - S&P"},{"@type":"BreadcrumbList","@id":"https:\/\/www.solerpalau.com\/blog\/fr-fr\/ventilation-et-chauffage-optimiser-lefficacite-energetique\/#breadcrumb","itemListElement":[{"@type":"ListItem","position":1,"name":"Accueil","item":"https:\/\/www.solerpalau.com\/blog\/fr-fr\/"},{"@type":"ListItem","position":2,"name":"Ventilation et syst\u00e8me de chauffage\u00a0: maximiser l\u2019efficacit\u00e9 \u00e9nerg\u00e9tique"}]},{"@type":"WebSite","@id":"https:\/\/www.solerpalau.com\/blog\/fr-fr\/#website","url":"https:\/\/www.solerpalau.com\/blog\/fr-fr\/","name":"S&amp;P Syst\u00e8mes de Ventilation","description":"Le Blog de la Ventilation Efficace","potentialAction":[{"@type":"SearchAction","target":{"@type":"EntryPoint","urlTemplate":"https:\/\/www.solerpalau.com\/blog\/fr-fr\/?s={search_term_string}"},"query-input":{"@type":"PropertyValueSpecification","valueRequired":true,"valueName":"search_term_string"}}],"inLanguage":"fr-FR"},{"@type":"Person","@id":"https:\/\/www.solerpalau.com\/blog\/fr-fr\/#\/schema\/person\/a649fcc0fccdca5446ea2bc371ad5cb9","name":"S&amp;P","image":{"@type":"ImageObject","inLanguage":"fr-FR","@id":"https:\/\/www.solerpalau.com\/blog\/fr-fr\/#\/schema\/person\/image\/","url":"https:\/\/secure.gravatar.com\/avatar\/994644236667321375ba4d21a34a002e2bcfd7b33a114caa4c9dc488ece6c970?s=96&d=mm&r=g","contentUrl":"https:\/\/secure.gravatar.com\/avatar\/994644236667321375ba4d21a34a002e2bcfd7b33a114caa4c9dc488ece6c970?s=96&d=mm&r=g","caption":"S&amp;P"},"url":"https:\/\/www.solerpalau.com\/blog\/fr-fr\/author\/binaria\/"}]}},"reading_time":"<span class=\"span-reading-time rt-reading-time\"><span class=\"rt-label rt-prefix\"><\/span> <span class=\"rt-time\"> 4<\/span> <span class=\"rt-label rt-postfix\"> min. de lecture<\/span><\/span>","_links":{"self":[{"href":"https:\/\/www.solerpalau.com\/blog\/fr-fr\/wp-json\/wp\/v2\/posts\/5184","targetHints":{"allow":["GET"]}}],"collection":[{"href":"https:\/\/www.solerpalau.com\/blog\/fr-fr\/wp-json\/wp\/v2\/posts"}],"about":[{"href":"https:\/\/www.solerpalau.com\/blog\/fr-fr\/wp-json\/wp\/v2\/types\/post"}],"author":[{"embeddable":true,"href":"https:\/\/www.solerpalau.com\/blog\/fr-fr\/wp-json\/wp\/v2\/users\/10"}],"replies":[{"embeddable":true,"href":"https:\/\/www.solerpalau.com\/blog\/fr-fr\/wp-json\/wp\/v2\/comments?post=5184"}],"version-history":[{"count":9,"href":"https:\/\/www.solerpalau.com\/blog\/fr-fr\/wp-json\/wp\/v2\/posts\/5184\/revisions"}],"predecessor-version":[{"id":5364,"href":"https:\/\/www.solerpalau.com\/blog\/fr-fr\/wp-json\/wp\/v2\/posts\/5184\/revisions\/5364"}],"wp:featuredmedia":[{"embeddable":true,"href":"https:\/\/www.solerpalau.com\/blog\/fr-fr\/wp-json\/wp\/v2\/media\/5208"}],"wp:attachment":[{"href":"https:\/\/www.solerpalau.com\/blog\/fr-fr\/wp-json\/wp\/v2\/media?parent=5184"}],"wp:term":[{"taxonomy":"category","embeddable":true,"href":"https:\/\/www.solerpalau.com\/blog\/fr-fr\/wp-json\/wp\/v2\/categories?post=5184"},{"taxonomy":"post_tag","embeddable":true,"href":"https:\/\/www.solerpalau.com\/blog\/fr-fr\/wp-json\/wp\/v2\/tags?post=5184"}],"curies":[{"name":"wp","href":"https:\/\/api.w.org\/{rel}","templated":true}]}}