{"id":5224,"date":"2025-01-30T11:06:00","date_gmt":"2025-01-30T10:06:00","guid":{"rendered":"https:\/\/www.solerpalau.com\/blog\/fr-fr\/?p=5224"},"modified":"2025-01-30T11:06:02","modified_gmt":"2025-01-30T10:06:02","slug":"systemes-de-ventilation-efficaces-pour-re2020","status":"publish","type":"post","link":"https:\/\/www.solerpalau.com\/blog\/fr-fr\/systemes-de-ventilation-efficaces-pour-re2020\/","title":{"rendered":"Comment s\u00e9lectionner les syst\u00e8mes de ventilation les plus efficaces pour se conformer \u00e0 la RE2020\u00a0?"},"content":{"rendered":"<p><span style=\"font-weight: 400;\">En 2018, plus de sept op\u00e9rations de construction contr\u00f4l\u00e9es sur dix pr\u00e9sentaient au moins un d\u00e9faut sur le <\/span><a href=\"https:\/\/www.cerema.fr\/fr\/actualites\/ventilation-enjeu-cle-batiments-performants-protocole\" target=\"_blank\" rel=\"noopener\"><span style=\"font-weight: 400;\">syst\u00e8me de ventilation<\/span><\/a><span style=\"font-weight: 400;\">. Face \u00e0 ce constat, la <strong>RE2020 renforce les exigences sur les b\u00e2timents neufs<\/strong>. Le choix du syst\u00e8me est crucial pour garantir la qualit\u00e9 de l&rsquo;air int\u00e9rieur, le confort des occupants, la performance \u00e9nerg\u00e9tique. Tour d&rsquo;horizon des crit\u00e8res de s\u00e9lection d\u2019une ventilation compatible avec la nouvelle r\u00e9glementation environnementale.<\/span><!--more--><\/p><div id=\"ez-toc-container\" class=\"ez-toc-v2_0_76 counter-hierarchy ez-toc-counter ez-toc-custom ez-toc-container-direction\">\n<div class=\"ez-toc-title-container\">\n<p class=\"ez-toc-title\" style=\"cursor:inherit\">Table des mati\u00e8res<\/p>\n<span class=\"ez-toc-title-toggle\"><\/span><\/div>\n<nav><ul class='ez-toc-list ez-toc-list-level-1 ' ><li class='ez-toc-page-1 ez-toc-heading-level-2'><a class=\"ez-toc-link ez-toc-heading-1\" href=\"https:\/\/www.solerpalau.com\/blog\/fr-fr\/systemes-de-ventilation-efficaces-pour-re2020\/#Choisir_entre_VMC_simple_flux_et_double_flux\" >Choisir entre VMC simple flux et double flux<\/a><\/li><li class='ez-toc-page-1 ez-toc-heading-level-2'><a class=\"ez-toc-link ez-toc-heading-2\" href=\"https:\/\/www.solerpalau.com\/blog\/fr-fr\/systemes-de-ventilation-efficaces-pour-re2020\/#Concevoir_une_ventilation_en_lien_avec_la_performance_globale_attendue_par_la_RE2020\" >Concevoir une ventilation en lien avec la performance globale attendue par la RE2020<\/a><\/li><li class='ez-toc-page-1 ez-toc-heading-level-2'><a class=\"ez-toc-link ez-toc-heading-3\" href=\"https:\/\/www.solerpalau.com\/blog\/fr-fr\/systemes-de-ventilation-efficaces-pour-re2020\/#RE2020_integrer_des_systemes_intelligents_pour_un_pilotage_optimise_de_la_ventilation\" >RE2020\u00a0: int\u00e9grer des syst\u00e8mes intelligents pour un pilotage optimis\u00e9 de la ventilation<\/a><\/li><li class='ez-toc-page-1 ez-toc-heading-level-2'><a class=\"ez-toc-link ez-toc-heading-4\" href=\"https:\/\/www.solerpalau.com\/blog\/fr-fr\/systemes-de-ventilation-efficaces-pour-re2020\/#Penser_des_la_conception_lexploitation-maintenance_des_solutions_de_ventilation_RE2020\" >Penser d\u00e8s la conception l&rsquo;exploitation-maintenance des solutions de ventilation\u00a0RE2020<\/a><\/li><\/ul><\/nav><\/div>\n\n<h2 class=\"p1\"><span class=\"ez-toc-section\" id=\"Choisir_entre_VMC_simple_flux_et_double_flux\"><\/span>Choisir entre VMC simple flux et double flux<span class=\"ez-toc-section-end\"><\/span><\/h2>\n<p class=\"p1\">La <a href=\"https:\/\/www.solerpalau.com\/blog\/fr-fr\/reglementation-re2020-et-efficacite-energetique\/\" target=\"_blank\" rel=\"noopener\"><span class=\"s1\">RE2020<\/span><\/a> oriente vers des syst\u00e8mes de ventilation m\u00e9canique contr\u00f4l\u00e9e (VMC) afin de <strong>ma\u00eetriser les d\u00e9bits de renouvellement d&rsquo;air.<\/strong> Deux principales technologies sont disponibles\u00a0:<\/p>\n<ul class=\"ul1\">\n<li class=\"li3\">La <strong>VMC simple flux\u00a0:<\/strong> elle extrait l&rsquo;air vici\u00e9 des pi\u00e8ces consid\u00e9r\u00e9es comme humides. L&rsquo;air neuf arrive par des entr\u00e9es d&rsquo;air au sein des pi\u00e8ces principales. En collectif, elle peut \u00eatre \u00ab\u00a0invers\u00e9e\u00a0\u00bb avec des bouches en pied de fa\u00e7ade, un rejet en toiture. Elle est plus simple \u00e0 installer, entretenir.<\/li>\n<li class=\"li3\">La <strong>VMC double flux\u00a0:<\/strong> elle extrait l&rsquo;air vici\u00e9 des pi\u00e8ces de service. L&rsquo;air neuf pr\u00e9filtr\u00e9, pr\u00e9chauff\u00e9 via un \u00e9changeur de chaleur est ensuite insuffl\u00e9 dans les pi\u00e8ces dites principales. Une VMC double flux performante permet d\u2019<a href=\"https:\/\/www.solerpalau.com\/blog\/fr-fr\/efficacite-energetique-batiment\/\" target=\"_blank\" rel=\"noopener\"><span class=\"s1\">\u00e9conomiser sur le chauffage<\/span><\/a> par rapport \u00e0 une VMC simple flux. Toutefois, son co\u00fbt d&rsquo;installation, de maintenance est plus \u00e9lev\u00e9.<\/li>\n<\/ul>\n<p class=\"p3\">Le <a href=\"https:\/\/www.solerpalau.com\/blog\/fr-fr\/tendances-quel-systeme-de-vmc-choisir\/\" target=\"_blank\" rel=\"noopener\"><span class=\"s1\">choix entre les deux solutions<\/span><\/a> d\u00e9pend des caract\u00e9ristiques du projet (maison ou logements collectifs, performance \u00e9nerg\u00e9tique vis\u00e9e, contraintes d&rsquo;exploitation-maintenance). Par exemple, un syst\u00e8me double flux est pertinent seulement en cas d&rsquo;enveloppe tr\u00e8s \u00e9tanche \u00e0 l&rsquo;air.<\/p>\n<h2 class=\"p1\"><span class=\"ez-toc-section\" id=\"Concevoir_une_ventilation_en_lien_avec_la_performance_globale_attendue_par_la_RE2020\"><\/span>Concevoir une ventilation en lien avec la performance globale attendue par la RE2020<span class=\"ez-toc-section-end\"><\/span><\/h2>\n<p class=\"p1\">Pour \u00eatre conforme \u00e0 la RE2020, la conception de la ventilation doit \u00eatre pens\u00e9e en lien \u00e9troit avec la strat\u00e9gie \u00e9nerg\u00e9tique, la <a href=\"https:\/\/www.solerpalau.com\/blog\/fr-fr\/qualite-de-lair-interieure-quelles-reglementations-pour-votre-batiment\/\" target=\"_blank\" rel=\"noopener\"><span class=\"s1\">qualit\u00e9 de l&rsquo;air int\u00e9rieur<\/span><\/a> du b\u00e2timent\u00a0:<\/p>\n<ul class=\"ul1\">\n<li class=\"li3\">Les entr\u00e9es d&rsquo;air, bouches d&rsquo;extraction doivent \u00eatre dimensionn\u00e9es selon les <strong>d\u00e9bits r\u00e9glementaires<\/strong> (<a href=\"https:\/\/www.legifrance.gouv.fr\/loda\/article_lc\/LEGIARTI000006830557\" target=\"_blank\" rel=\"noopener\"><span class=\"s1\">15 \u00e0 135\u00a0m3\/h<\/span><\/a>). Des syst\u00e8mes hygror\u00e9glables modulent les d\u00e9bits en fonction de l&rsquo;humidit\u00e9 afin d\u2019\u00e9viter la sur-ventilation.<\/li>\n<li class=\"li3\">Les r\u00e9seaux doivent \u00eatre optimis\u00e9s pour<strong> limiter les pertes de charge<\/strong>\u00a0: trac\u00e9s les plus rectilignes possibles, pas de coudes inutiles, conduits isol\u00e9s en volume non chauff\u00e9 (<a href=\"https:\/\/rt-re-batiment.developpement-durable.gouv.fr\/IMG\/pdf\/protocole_ventilation_re2020_v2.pdf\" target=\"_blank\" rel=\"noopener\"><span class=\"s1\">R \u2265\u00a00,6\u00a0m<sup>2<\/sup>.K\/W<\/span><\/a>).<\/li>\n<li class=\"li3\">Le groupe de ventilation est positionn\u00e9 dans un local technique accessible. Il est d\u00e9solidaris\u00e9 acoustiquement du b\u00e2ti.\u00a0<\/li>\n<li class=\"li3\">La mise en service inclut une<strong> mesure des d\u00e9bits, pressions par un professionnel qualifi\u00e9\u00a0RE2020<\/strong> en vue de valider le bon fonctionnement de l&rsquo;installation.<\/li>\n<\/ul>\n<p class=\"p3\">La r\u00e9flexion doit int\u00e9grer d\u00e8s l&rsquo;amont la <strong>qualit\u00e9 d&rsquo;usage<\/strong>, le <strong>confort des occupants.<\/strong> L&rsquo;analyse de leurs attentes, modes de vie permet d&rsquo;ajuster au mieux la strat\u00e9gie de ventilation. L&rsquo;objectif est d&rsquo;assurer une qualit\u00e9 d&rsquo;air optimale en toute saison, en \u00e9vitant les courants d&rsquo;air, l&rsquo;ass\u00e8chement de l&rsquo;air en hiver, les surchauffes en \u00e9t\u00e9. Le <strong>pilotage automatis\u00e9 de la ventilation<\/strong> en fonction de l&rsquo;occupation, de la qualit\u00e9 d&rsquo;air mesur\u00e9e est une piste int\u00e9ressante.<\/p>\n<p>\u00a0<\/p>\n<div class=\"hs-web-interactive-inline\" data-hubspot-wrapper-cta-id=\"182919071766\"><style data-hubspot-cta-style=\"hs-inline-web-interactive-182919071766\">\n\n  a.hs-inline-web-interactive-182919071766link {\n    text-decoration:none;\n  }\n\n  a.hs-inline-web-interactive-182919071766hover {\n    text-decoration:none;\n  }\n\n<\/style>\n<div style=\"font-size: 18px; text-align: center;\"><span style=\"color: #ce1a1a; font-family: Arial, Helvetica, sans-serif;\">Conforme \u00e0 la <strong>r\u00e9glementation environnementale RE2020<\/strong> | Notre \u00e9quipe peut analyser votre projet pour en assurer la conformit\u00e9. <strong>[Demander l&rsquo;assistance]<\/strong><\/span><\/div>\n<\/div>\n<div>\u00a0<\/div>\n<p>\u00a0<\/p>\n<h2 class=\"p1\"><span class=\"ez-toc-section\" id=\"RE2020_integrer_des_systemes_intelligents_pour_un_pilotage_optimise_de_la_ventilation\"><\/span>RE2020\u00a0: int\u00e9grer des syst\u00e8mes intelligents pour un pilotage optimis\u00e9 de la ventilation<span class=\"ez-toc-section-end\"><\/span><\/h2>\n<p class=\"p1\">Des syst\u00e8mes \u00ab\u00a0smart\u00a0\u00bb dot\u00e9s de <strong>capteurs communicants<\/strong> ouvrent de nouvelles perspectives pour optimiser la performance comme l&rsquo;entretien des installations. Coupl\u00e9s \u00e0 des algorithmes, ils analysent en continu la qualit\u00e9 de l&rsquo;air int\u00e9rieur (humidit\u00e9, CO2, COV) afin d\u2019ajuster les d\u00e9bits aux besoins r\u00e9els. Le but est de concilier qualit\u00e9 d&rsquo;air, confort, \u00e9conomies d&rsquo;\u00e9nergie.<\/p>\n<p class=\"p1\">Le Cerema a exp\u00e9riment\u00e9 ces technologies sur deux b\u00e2timents de logements sociaux instrument\u00e9s, dans le cadre du <a href=\"https:\/\/www.cerema.fr\/fr\/actualites\/ventilation-hygroreglable-bilan-du-projet-performance-2\" target=\"_blank\" rel=\"noopener\"><span class=\"s1\">projet \u00ab\u00a0Performance\u00a02\u00a0\u00bb<\/span><\/a>. Le monitoring sur deux ans visait \u00e0 \u00e9valuer la durabilit\u00e9 des syst\u00e8mes hygror\u00e9glables, mettre au point des solutions \u00e9volutives, adapt\u00e9es aux modes de vie des occupants.<\/p>\n<p class=\"p1\">\u00c0 terme, les dispositifs de pilotage seront de plus en plus interconnect\u00e9s avec les autres \u00e9quipements du b\u00e2timent pour optimiser la gestion \u00e9nerg\u00e9tique globale. Les dispositifs communiqueront aussi avec les occupants, via des applications ou objets connect\u00e9s, afin de mieux les informer sur la qualit\u00e9 de leur air int\u00e9rieur, les guider dans l&rsquo;usage de leur ventilation.<\/p>\n<p class=\"p1\" style=\"padding-left: 40px;\"><em><strong>Bon \u00e0 savoir\u00a0:<\/strong> <strong>L&rsquo;Observatoire national de la ventilation (ONV) a \u00e9t\u00e9<\/strong> <a href=\"https:\/\/www.cerema.fr\/fr\/actualites\/ventilation-enjeu-cle-batiments-performants-protocole\" target=\"_blank\" rel=\"noopener\"><span class=\"s1\">cr\u00e9\u00e9 dans le cadre de la RE2020<\/span><\/a><\/em><\/p>\n<p class=\"p3\" style=\"padding-left: 40px;\"><em>Son r\u00f4le est de suivre la qualit\u00e9 de mise en \u0153uvre des syst\u00e8mes de ventilation, capitaliser les retours d&rsquo;exp\u00e9rience terrain. Les donn\u00e9es collect\u00e9es via le protocole de v\u00e9rification obligatoire des installations en neuf l\u2019alimentent. L&rsquo;objectif est de constituer une base de connaissances partag\u00e9e afin d\u2019analyser les points forts et points faibles des diff\u00e9rents syst\u00e8mes, faire progresser les pratiques. L&rsquo;ONV publie r\u00e9guli\u00e8rement des bilans statistiques, des recommandations \u00e0 destination de la fili\u00e8re, des pouvoirs publics. Il contribue \u00e0 enrichir la r\u00e9glementation, les r\u00e9f\u00e9rentiels de formation en vue d\u2019accompagner la n\u00e9cessaire mont\u00e9e en comp\u00e9tence des professionnels.<\/em><\/p>\n<h2 class=\"p1\"><span class=\"ez-toc-section\" id=\"Penser_des_la_conception_lexploitation-maintenance_des_solutions_de_ventilation_RE2020\"><\/span>Penser d\u00e8s la conception l&rsquo;exploitation-maintenance des solutions de ventilation\u00a0RE2020<span class=\"ez-toc-section-end\"><\/span><\/h2>\n<p class=\"p1\">Seul un entretien r\u00e9gulier maintient dans la dur\u00e9e les performances d&rsquo;un syst\u00e8me de ventilation. Un contrat avec un sp\u00e9cialiste est fortement conseill\u00e9. Il comprend au minimum\u00a0:<\/p>\n<ul class=\"ul1\">\n<li class=\"li3\">Le nettoyage, remplacement des filtres.<\/li>\n<li class=\"li3\">La v\u00e9rification des d\u00e9bits, de l&rsquo;\u00e9tat des conduits.<\/li>\n<li class=\"li3\">La lubrification des parties mobiles.<\/li>\n<li class=\"li3\">Des contr\u00f4les p\u00e9riodiques complets.<\/li>\n<\/ul>\n<p class=\"p1\">Dans le but de faciliter le suivi des interventions, la RE2020 impose la remise \u00e0 la livraison de tous les documents relatifs \u00e0 l&rsquo;exploitation-maintenance. Un <strong>carnet d&rsquo;entretien num\u00e9rique<\/strong> est recommand\u00e9 afin de centraliser les informations. Plus largement, le BIM (maquette num\u00e9rique) constitue un outil pr\u00e9cieux pour tracer l&rsquo;ensemble des donn\u00e9es du b\u00e2timent, simplifier le suivi des \u00e9quipements sur leur cycle de vie.<\/p>\n<p class=\"p1\">L\u2019obligation documentaire doit s&rsquo;accompagner sur le terrain de <strong>notices d&rsquo;utilisation claires, didactiques \u00e0 destination des occupants.<\/strong> En effet, leur comportement impacte de mani\u00e8re directe l&rsquo;efficacit\u00e9 de la ventilation. Il est essentiel de les sensibiliser aux bons gestes (entretien r\u00e9gulier des bouches, a\u00e9ration quotidienne, etc.), aux r\u00e9flexes \u00e0 adopter selon les saisons.<\/p>\n<p class=\"p1\"><strong>Les 3\u00a0conseils cl\u00e9s \u00e0 retenir :<\/strong><\/p>\n<ul class=\"ul1\">\n<li class=\"li3\">Raisonner en co\u00fbt global d\u00e8s la conception via l\u2019int\u00e9gration de tous les param\u00e8tres\u00a0: type de b\u00e2timent, niveau \u00e9nerg\u00e9tique vis\u00e9, qualit\u00e9 d&rsquo;air cibl\u00e9e, facilit\u00e9 d&rsquo;entretien.<\/li>\n<li class=\"li3\">Privil\u00e9gier des syst\u00e8mes intelligents communicants afin de piloter les installations en lien avec les usages r\u00e9els, simplifier la maintenance pr\u00e9dictive.<\/li>\n<li class=\"li3\">Mettre en place une exploitation-maintenance rigoureuse, gage de p\u00e9rennit\u00e9 des performances, sans oublier d\u2019utiliser le num\u00e9rique pour le suivi.<\/li>\n<\/ul>\n\n\n<div class=\"hs-cta-embed hs-cta-simple-placeholder hs-cta-embed-179808785843\"\n  style=\"max-width:100%; max-height:100%; width:650px;height:311.9921875px\" data-hubspot-wrapper-cta-id=\"179808785843\">\n  <a href=\"https:\/\/cta-service-cms2.hubspot.com\/web-interactives\/public\/v1\/track\/redirect?encryptedPayload=AVxigLKq2ntZf6ns%2B4xvVRMJSileVm2UeyXZB0op%2Fyc5KN%2Bv5JaGz0l1QX4i%2FOJpe6zEQQh%2BCqBNRbUadBtm%2FK4NVsE4Fg8u5DaFTU7GGAjCFbW4Y0OHj7KsxVvdDWxqXQF0w2eEWXRE5u%2FRkuSSc4s2dmTE9zlpYDf5BvFPv9BqLjhoo77qIXs6JmVOfynkfbMHV3s7SLHDxuGlzeM%3D&#038;webInteractiveContentId=179808785843&#038;portalId=2009592\" target=\"_blank\" rel=\"noopener\" crossorigin=\"anonymous\">\n    <img decoding=\"async\" alt=\"T&eacute;l&eacute;chargez vos plans&nbsp;de projet\" loading=\"lazy\" src=\"https:\/\/no-cache.hubspot.com\/cta\/default\/2009592\/interactive-179808785843.png\" style=\"height: 100%; width: 100%; object-fit: fill\"\n      onerror=\"this.style.display='none'\" \/>\n  <\/a>\n<\/div>\n\n","protected":false},"excerpt":{"rendered":"<p>Guide pour le choix de syst\u00e8mes de ventilation efficaces selon RE2020 : options cl\u00e9s, conception, technologie et maintenance.<\/p>\n","protected":false},"author":10,"featured_media":5229,"comment_status":"open","ping_status":"open","sticky":false,"template":"","format":"standard","meta":{"_acf_changed":false,"footnotes":""},"categories":[23],"tags":[],"class_list":["post-5224","post","type-post","status-publish","format-standard","has-post-thumbnail","hentry","category-reglementation"],"acf":[],"yoast_head":"<!-- This site is optimized with the Yoast SEO plugin v26.1 - https:\/\/yoast.com\/wordpress\/plugins\/seo\/ -->\n<title>Syst\u00e8mes de ventilation efficaces pour RE2020 - S&amp;P<\/title>\n<meta name=\"description\" content=\"Guide pour le choix de syst\u00e8mes de ventilation efficaces selon RE2020 : options cl\u00e9s, conception, technologie et maintenance.\" \/>\n<meta name=\"robots\" content=\"index, follow, max-snippet:-1, max-image-preview:large, max-video-preview:-1\" \/>\n<link rel=\"canonical\" href=\"https:\/\/www.solerpalau.com\/blog\/fr-fr\/systemes-de-ventilation-efficaces-pour-re2020\/\" \/>\n<meta property=\"og:locale\" content=\"fr_FR\" \/>\n<meta property=\"og:type\" content=\"article\" \/>\n<meta property=\"og:title\" content=\"Syst\u00e8mes de ventilation efficaces pour RE2020 - S&amp;P\" \/>\n<meta property=\"og:description\" content=\"Guide pour le choix de syst\u00e8mes de ventilation efficaces selon RE2020 : options cl\u00e9s, conception, technologie et maintenance.\" \/>\n<meta property=\"og:url\" content=\"https:\/\/www.solerpalau.com\/blog\/fr-fr\/systemes-de-ventilation-efficaces-pour-re2020\/\" \/>\n<meta property=\"og:site_name\" content=\"S&amp;P Syst\u00e8mes de Ventilation\" \/>\n<meta property=\"article:published_time\" content=\"2025-01-30T10:06:00+00:00\" \/>\n<meta property=\"article:modified_time\" content=\"2025-01-30T10:06:02+00:00\" \/>\n<meta property=\"og:image\" content=\"https:\/\/www.solerpalau.com\/blog\/fr-fr\/wp-content\/uploads\/sites\/2\/2025\/01\/Syste\u0300mes-de-ventilation-efficaces-pour-RE2020-SP.jpg\" \/>\n\t<meta property=\"og:image:width\" content=\"960\" \/>\n\t<meta property=\"og:image:height\" content=\"636\" \/>\n\t<meta property=\"og:image:type\" content=\"image\/jpeg\" \/>\n<meta name=\"author\" content=\"S&amp;P\" \/>\n<meta name=\"twitter:card\" content=\"summary_large_image\" \/>\n<meta name=\"twitter:label1\" content=\"\u00c9crit par\" \/>\n\t<meta name=\"twitter:data1\" content=\"S&amp;P\" \/>\n\t<meta name=\"twitter:label2\" content=\"Dur\u00e9e de lecture estim\u00e9e\" \/>\n\t<meta name=\"twitter:data2\" content=\"6 minutes\" \/>\n<!-- \/ Yoast SEO plugin. -->","yoast_head_json":{"title":"Syst\u00e8mes de ventilation efficaces pour RE2020 - S&P","description":"Guide pour le choix de syst\u00e8mes de ventilation efficaces selon RE2020 : options cl\u00e9s, conception, technologie et maintenance.","robots":{"index":"index","follow":"follow","max-snippet":"max-snippet:-1","max-image-preview":"max-image-preview:large","max-video-preview":"max-video-preview:-1"},"canonical":"https:\/\/www.solerpalau.com\/blog\/fr-fr\/systemes-de-ventilation-efficaces-pour-re2020\/","og_locale":"fr_FR","og_type":"article","og_title":"Syst\u00e8mes de ventilation efficaces pour RE2020 - S&P","og_description":"Guide pour le choix de syst\u00e8mes de ventilation efficaces selon RE2020 : options cl\u00e9s, conception, technologie et maintenance.","og_url":"https:\/\/www.solerpalau.com\/blog\/fr-fr\/systemes-de-ventilation-efficaces-pour-re2020\/","og_site_name":"S&amp;P Syst\u00e8mes de Ventilation","article_published_time":"2025-01-30T10:06:00+00:00","article_modified_time":"2025-01-30T10:06:02+00:00","og_image":[{"width":960,"height":636,"url":"https:\/\/www.solerpalau.com\/blog\/fr-fr\/wp-content\/uploads\/sites\/2\/2025\/01\/Syste\u0300mes-de-ventilation-efficaces-pour-RE2020-SP.jpg","type":"image\/jpeg"}],"author":"S&amp;P","twitter_card":"summary_large_image","twitter_misc":{"\u00c9crit par":"S&amp;P","Dur\u00e9e de lecture estim\u00e9e":"6 minutes"},"schema":{"@context":"https:\/\/schema.org","@graph":[{"@type":"WebPage","@id":"https:\/\/www.solerpalau.com\/blog\/fr-fr\/systemes-de-ventilation-efficaces-pour-re2020\/","url":"https:\/\/www.solerpalau.com\/blog\/fr-fr\/systemes-de-ventilation-efficaces-pour-re2020\/","name":"Syst\u00e8mes de ventilation efficaces pour RE2020 - S&P","isPartOf":{"@id":"https:\/\/www.solerpalau.com\/blog\/fr-fr\/#website"},"primaryImageOfPage":{"@id":"https:\/\/www.solerpalau.com\/blog\/fr-fr\/systemes-de-ventilation-efficaces-pour-re2020\/#primaryimage"},"image":{"@id":"https:\/\/www.solerpalau.com\/blog\/fr-fr\/systemes-de-ventilation-efficaces-pour-re2020\/#primaryimage"},"thumbnailUrl":"https:\/\/www.solerpalau.com\/blog\/fr-fr\/wp-content\/uploads\/sites\/2\/2025\/01\/Syste\u0300mes-de-ventilation-efficaces-pour-RE2020-SP.jpg","datePublished":"2025-01-30T10:06:00+00:00","dateModified":"2025-01-30T10:06:02+00:00","author":{"@id":"https:\/\/www.solerpalau.com\/blog\/fr-fr\/#\/schema\/person\/a649fcc0fccdca5446ea2bc371ad5cb9"},"description":"Guide pour le choix de syst\u00e8mes de ventilation efficaces selon RE2020 : options cl\u00e9s, conception, technologie et maintenance.","breadcrumb":{"@id":"https:\/\/www.solerpalau.com\/blog\/fr-fr\/systemes-de-ventilation-efficaces-pour-re2020\/#breadcrumb"},"inLanguage":"fr-FR","potentialAction":[{"@type":"ReadAction","target":["https:\/\/www.solerpalau.com\/blog\/fr-fr\/systemes-de-ventilation-efficaces-pour-re2020\/"]}]},{"@type":"ImageObject","inLanguage":"fr-FR","@id":"https:\/\/www.solerpalau.com\/blog\/fr-fr\/systemes-de-ventilation-efficaces-pour-re2020\/#primaryimage","url":"https:\/\/www.solerpalau.com\/blog\/fr-fr\/wp-content\/uploads\/sites\/2\/2025\/01\/Syste\u0300mes-de-ventilation-efficaces-pour-RE2020-SP.jpg","contentUrl":"https:\/\/www.solerpalau.com\/blog\/fr-fr\/wp-content\/uploads\/sites\/2\/2025\/01\/Syste\u0300mes-de-ventilation-efficaces-pour-RE2020-SP.jpg","width":960,"height":636,"caption":"Syste\u0300mes de ventilation efficaces pour RE2020 - S&P"},{"@type":"BreadcrumbList","@id":"https:\/\/www.solerpalau.com\/blog\/fr-fr\/systemes-de-ventilation-efficaces-pour-re2020\/#breadcrumb","itemListElement":[{"@type":"ListItem","position":1,"name":"Accueil","item":"https:\/\/www.solerpalau.com\/blog\/fr-fr\/"},{"@type":"ListItem","position":2,"name":"Comment s\u00e9lectionner les syst\u00e8mes de ventilation les plus efficaces pour se conformer \u00e0 la RE2020\u00a0?"}]},{"@type":"WebSite","@id":"https:\/\/www.solerpalau.com\/blog\/fr-fr\/#website","url":"https:\/\/www.solerpalau.com\/blog\/fr-fr\/","name":"S&amp;P Syst\u00e8mes de Ventilation","description":"Le Blog de la Ventilation Efficace","potentialAction":[{"@type":"SearchAction","target":{"@type":"EntryPoint","urlTemplate":"https:\/\/www.solerpalau.com\/blog\/fr-fr\/?s={search_term_string}"},"query-input":{"@type":"PropertyValueSpecification","valueRequired":true,"valueName":"search_term_string"}}],"inLanguage":"fr-FR"},{"@type":"Person","@id":"https:\/\/www.solerpalau.com\/blog\/fr-fr\/#\/schema\/person\/a649fcc0fccdca5446ea2bc371ad5cb9","name":"S&amp;P","image":{"@type":"ImageObject","inLanguage":"fr-FR","@id":"https:\/\/www.solerpalau.com\/blog\/fr-fr\/#\/schema\/person\/image\/","url":"https:\/\/secure.gravatar.com\/avatar\/994644236667321375ba4d21a34a002e2bcfd7b33a114caa4c9dc488ece6c970?s=96&d=mm&r=g","contentUrl":"https:\/\/secure.gravatar.com\/avatar\/994644236667321375ba4d21a34a002e2bcfd7b33a114caa4c9dc488ece6c970?s=96&d=mm&r=g","caption":"S&amp;P"},"url":"https:\/\/www.solerpalau.com\/blog\/fr-fr\/author\/binaria\/"}]}},"reading_time":"<span class=\"span-reading-time rt-reading-time\"><span class=\"rt-label rt-prefix\"><\/span> <span class=\"rt-time\"> 4<\/span> <span class=\"rt-label rt-postfix\"> min. de lecture<\/span><\/span>","_links":{"self":[{"href":"https:\/\/www.solerpalau.com\/blog\/fr-fr\/wp-json\/wp\/v2\/posts\/5224","targetHints":{"allow":["GET"]}}],"collection":[{"href":"https:\/\/www.solerpalau.com\/blog\/fr-fr\/wp-json\/wp\/v2\/posts"}],"about":[{"href":"https:\/\/www.solerpalau.com\/blog\/fr-fr\/wp-json\/wp\/v2\/types\/post"}],"author":[{"embeddable":true,"href":"https:\/\/www.solerpalau.com\/blog\/fr-fr\/wp-json\/wp\/v2\/users\/10"}],"replies":[{"embeddable":true,"href":"https:\/\/www.solerpalau.com\/blog\/fr-fr\/wp-json\/wp\/v2\/comments?post=5224"}],"version-history":[{"count":5,"href":"https:\/\/www.solerpalau.com\/blog\/fr-fr\/wp-json\/wp\/v2\/posts\/5224\/revisions"}],"predecessor-version":[{"id":5395,"href":"https:\/\/www.solerpalau.com\/blog\/fr-fr\/wp-json\/wp\/v2\/posts\/5224\/revisions\/5395"}],"wp:featuredmedia":[{"embeddable":true,"href":"https:\/\/www.solerpalau.com\/blog\/fr-fr\/wp-json\/wp\/v2\/media\/5229"}],"wp:attachment":[{"href":"https:\/\/www.solerpalau.com\/blog\/fr-fr\/wp-json\/wp\/v2\/media?parent=5224"}],"wp:term":[{"taxonomy":"category","embeddable":true,"href":"https:\/\/www.solerpalau.com\/blog\/fr-fr\/wp-json\/wp\/v2\/categories?post=5224"},{"taxonomy":"post_tag","embeddable":true,"href":"https:\/\/www.solerpalau.com\/blog\/fr-fr\/wp-json\/wp\/v2\/tags?post=5224"}],"curies":[{"name":"wp","href":"https:\/\/api.w.org\/{rel}","templated":true}]}}