{"id":5240,"date":"2025-01-30T15:38:56","date_gmt":"2025-01-30T14:38:56","guid":{"rendered":"https:\/\/www.solerpalau.com\/blog\/fr-fr\/?p=5240"},"modified":"2025-01-30T15:38:59","modified_gmt":"2025-01-30T14:38:59","slug":"mettre-en-oeuvre-des-systemes-de-ventilation-silencieux","status":"publish","type":"post","link":"https:\/\/www.solerpalau.com\/blog\/fr-fr\/mettre-en-oeuvre-des-systemes-de-ventilation-silencieux\/","title":{"rendered":"Guide pratique pour mettre en \u0153uvre des syst\u00e8mes de ventilation silencieux"},"content":{"rendered":"<p class=\"p1\">La <strong>ventilation m\u00e9canique contr\u00f4l\u00e9e (VMC)<\/strong> joue un r\u00f4le cl\u00e9 dans le maintien d&rsquo;une <strong>bonne qualit\u00e9 de l&rsquo;air<\/strong> int\u00e9rieur, la pr\u00e9servation de la sant\u00e9 des occupants. Un syst\u00e8me mal con\u00e7u, mal dimensionn\u00e9 ou mal install\u00e9 peut g\u00e9n\u00e9rer des nuisances sonores sup\u00e9rieures aux valeurs r\u00e8glementaires. Panorama des solutions techniques disponibles pour <a href=\"https:\/\/www.solerpalau.com\/blog\/fr-fr\/bonnes-pratiques-dinstallation-dune-vmc\/\">mettre en \u0153uvre efficacement<\/a> des syst\u00e8mes de ventilation silencieux.<!--more--><\/p><div id=\"ez-toc-container\" class=\"ez-toc-v2_0_76 counter-hierarchy ez-toc-counter ez-toc-custom ez-toc-container-direction\">\n<div class=\"ez-toc-title-container\">\n<p class=\"ez-toc-title\" style=\"cursor:inherit\">Table des mati\u00e8res<\/p>\n<span class=\"ez-toc-title-toggle\"><\/span><\/div>\n<nav><ul class='ez-toc-list ez-toc-list-level-1 ' ><li class='ez-toc-page-1 ez-toc-heading-level-2'><a class=\"ez-toc-link ez-toc-heading-1\" href=\"https:\/\/www.solerpalau.com\/blog\/fr-fr\/mettre-en-oeuvre-des-systemes-de-ventilation-silencieux\/#Comprendre_les_mecanismes_de_generation_du_bruit_dans_un_systeme_de_ventilation\" >Comprendre les m\u00e9canismes de g\u00e9n\u00e9ration du bruit dans un syst\u00e8me de ventilation<\/a><\/li><li class='ez-toc-page-1 ez-toc-heading-level-2'><a class=\"ez-toc-link ez-toc-heading-2\" href=\"https:\/\/www.solerpalau.com\/blog\/fr-fr\/mettre-en-oeuvre-des-systemes-de-ventilation-silencieux\/#Selectionner_des_systemes_de_ventilation_a_hautes_performances_acoustiques\" >S\u00e9lectionner des syst\u00e8mes de ventilation \u00e0 hautes performances acoustiques<\/a><\/li><li class='ez-toc-page-1 ez-toc-heading-level-2'><a class=\"ez-toc-link ez-toc-heading-3\" href=\"https:\/\/www.solerpalau.com\/blog\/fr-fr\/mettre-en-oeuvre-des-systemes-de-ventilation-silencieux\/#Concevoir_un_reseau_aeraulique_optimise_pour_un_fonctionnement_silencieux\" >Concevoir un r\u00e9seau a\u00e9raulique optimis\u00e9 pour un fonctionnement silencieux<\/a><\/li><li class='ez-toc-page-1 ez-toc-heading-level-2'><a class=\"ez-toc-link ez-toc-heading-4\" href=\"https:\/\/www.solerpalau.com\/blog\/fr-fr\/mettre-en-oeuvre-des-systemes-de-ventilation-silencieux\/#Soigner_limplantation_du_caisson_de_VMC_le_positionnement_des_accessoires\" >Soigner l&rsquo;implantation du caisson de VMC, le positionnement des accessoires<\/a><\/li><li class='ez-toc-page-1 ez-toc-heading-level-2'><a class=\"ez-toc-link ez-toc-heading-5\" href=\"https:\/\/www.solerpalau.com\/blog\/fr-fr\/mettre-en-oeuvre-des-systemes-de-ventilation-silencieux\/#Assurer_une_maintenance_reguliere_des_equipements_du_reseau\" >Assurer une maintenance r\u00e9guli\u00e8re des \u00e9quipements, du r\u00e9seau<\/a><\/li><\/ul><\/nav><\/div>\n\n<h2 class=\"p1\"><span class=\"ez-toc-section\" id=\"Comprendre_les_mecanismes_de_generation_du_bruit_dans_un_systeme_de_ventilation\"><\/span>Comprendre les m\u00e9canismes de g\u00e9n\u00e9ration du bruit dans un syst\u00e8me de ventilation<span class=\"ez-toc-section-end\"><\/span><\/h2>\n<p class=\"p1\">Dans une installation de VMC, le bruit peut provenir de diff\u00e9rentes sources\u00a0:<\/p>\n<ul class=\"ul1\">\n<li class=\"li3\">Le <strong>bruit a\u00e9rien du caisson d&rsquo;extraction<\/strong>, transmis dans les logements par les conduits. Il est li\u00e9 aux turbulences de l&rsquo;air, aux vibrations du moteur, \u00e0 d&rsquo;\u00e9ventuels d\u00e9fauts d&rsquo;\u00e9quilibrage.<\/li>\n<li class=\"li3\">Le <strong>bruit des autres logements<\/strong>. Il circule d&rsquo;un appartement \u00e0 l&rsquo;autre via les gaines communes, en l&rsquo;absence de d\u00e9solidarisation acoustique.<\/li>\n<li class=\"li3\">Le <strong>bruit du caisson<\/strong>. Il se propage vers l&rsquo;ext\u00e9rieur du b\u00e2timent. Il peut g\u00e9n\u00e9rer une \u00e9mergence g\u00eanante, en particulier la nuit.<\/li>\n<li class=\"li3\">Le <strong>bruit solidien<\/strong>. Il est transmis par le caisson \u00e0 la structure du b\u00e2timent. Il se propage ensuite dans les logements.<\/li>\n<li class=\"li3\">Le <strong>bruit ext\u00e9rieur<\/strong>, circulation ou autre. Il s&rsquo;introduit dans les logements par les entr\u00e9es d&rsquo;air.<\/li>\n<\/ul>\n<p class=\"p1\">Les \u00e9missions sonores sont amplifi\u00e9es par un dimensionnement inadapt\u00e9 du syst\u00e8me, un encrassement des \u00e9quipements, un d\u00e9s\u00e9quilibre des ventilateurs. D\u2019autres causes existent, \u00e0 l\u2019image d\u2019un mauvais positionnement du caisson ou d\u2019un sous-dimensionnement des gaines.<\/p>\n<p class=\"p1\">Or, la r\u00e9glementation acoustique fixe des exigences strictes. L&rsquo;<a href=\"https:\/\/www.solerpalau.com\/fr-fr\/arrete-30-juin-1999\/\" target=\"_blank\" rel=\"noopener\"><span class=\"s1\">arr\u00eat\u00e9 du 30\u00a0juin 1999<\/span><\/a> limite le niveau de pression acoustique du bruit g\u00e9n\u00e9r\u00e9 par la VMC en d\u00e9bit minimal \u00e0 30\u00a0dB(A) dans les pi\u00e8ces principales, <a href=\"https:\/\/www.legifrance.gouv.fr\/loda\/id\/JORFTEXT000000211449\" target=\"_blank\" rel=\"noopener\"><span class=\"s1\">35\u00a0dB(A) en cuisine<\/span><\/a>.\u00a0<\/p>\n<p class=\"p1\">L&rsquo;indice d&rsquo;isolement acoustique standardis\u00e9 pond\u00e9r\u00e9 Dn,TA entre le local d&rsquo;un logement, consid\u00e9r\u00e9 comme local d&rsquo;\u00e9mission, et la pi\u00e8ce d&rsquo;un autre logement du b\u00e2timent est limit\u00e9.<\/p>\n<p class=\"p1\">Pour un local \u00e9missif, \u00e0 l&rsquo;exclusion d\u2019un garage individuel, l&rsquo;isolement acoustique normalis\u00e9 Dn,TA requis est de 53\u00a0dB dans le cas o\u00f9 le local de r\u00e9ception est une pi\u00e8ce principale.<\/p>\n<p class=\"p1\">Dans l\u2019hypoth\u00e8se o\u00f9 le local de r\u00e9ception est une cuisine ou une salle d&rsquo;eau, l&rsquo;isolement acoustique normalis\u00e9 Dn,TA exig\u00e9 est de 50\u00a0dB.<\/p>\n<h2 class=\"p1\"><span class=\"ez-toc-section\" id=\"Selectionner_des_systemes_de_ventilation_a_hautes_performances_acoustiques\"><\/span>S\u00e9lectionner des syst\u00e8mes de ventilation \u00e0 hautes performances acoustiques<span class=\"ez-toc-section-end\"><\/span><\/h2>\n<p class=\"p1\">La s\u00e9lection d&rsquo;\u00e9quipements con\u00e7us dans l\u2019optique de conjuguer l\u2019efficacit\u00e9 a\u00e9raulique \u00e0 l\u2019efficience acoustique est un pr\u00e9requis essentiel.\u00a0<\/p>\n<p class=\"p1\">Pour le <strong>caisson d&rsquo;extraction<\/strong>, il est n\u00e9cessaire de privil\u00e9gier les mod\u00e8les avec les meilleures performances sur les deux tableaux. Les centrales double-flux haut de gamme \u00e0 moteurs EC \u00e0 commutation \u00e9lectronique combinent des puissances acoustiques tr\u00e8s basses \u00e0 des d\u00e9bits \u00e9lev\u00e9s.<\/p>\n<p class=\"p1\">C\u00f4t\u00e9 <strong>entr\u00e9es d&rsquo;air<\/strong>, les mod\u00e8les acoustiques nouvelle g\u00e9n\u00e9ration int\u00e8grent des silencieux haute efficacit\u00e9. Ils permettent d&rsquo;atteindre des indices d&rsquo;affaiblissement acoustique jusqu&rsquo;\u00e0 42\u00a0dB. Les silencieux s&rsquo;adaptent \u00e0 tout type d&rsquo;entr\u00e9es d&rsquo;air, autor\u00e9glables ou hygror\u00e9glables, en neuf comme en r\u00e9novation, peu importe la nature de la fa\u00e7ade.<\/p>\n<p class=\"p3\">Les <strong>bouches d&rsquo;extraction<\/strong> ne sont pas en reste. Les mod\u00e8les \u00e0 tr\u00e8s hauts d\u00e9bits, tr\u00e8s faibles niveaux sonores sont id\u00e9aux pour les pi\u00e8ces techniques.<\/p>\n<div class=\"hs-web-interactive-inline\" data-hubspot-wrapper-cta-id=\"174371971447\"><style data-hubspot-cta-style=\"hs-inline-web-interactive-174371971447\">\n<p>  a.hs-inline-web-interactive-174371971447link {<br \/>\n    text-decoration:none;<br \/>\n  }<\/p>\n<p>  a.hs-inline-web-interactive-174371971447hover {<br \/>\n    text-decoration:none;<br \/>\n  }<\/p>\n<\/style>\n<div style=\"font-size: 18px; text-align: center;\"><span style=\"color: #ce1a1a; font-family: Arial, Helvetica, sans-serif;\"><strong>Service de conseil technique | <\/strong>Faites-nous savoir comment nous pouvons vous aider \u00e0 concevoir votre projet\u00a0<strong>[Contactez-nous]<\/strong><\/span><\/div>\n<\/div>\n<div>\u00a0<\/div>\n<div>\u00a0<\/div>\n<h2 class=\"p1\"><span class=\"ez-toc-section\" id=\"Concevoir_un_reseau_aeraulique_optimise_pour_un_fonctionnement_silencieux\"><\/span>Concevoir un r\u00e9seau a\u00e9raulique optimis\u00e9 pour un fonctionnement silencieux<span class=\"ez-toc-section-end\"><\/span><\/h2>\n<p class=\"p1\">Le trac\u00e9, comme le dimensionnement du r\u00e9seau a\u00e9raulique, conditionne le niveau sonore de l&rsquo;installation en fonctionnement.<\/p>\n<p class=\"p1\">La r\u00e8gle de base est de <strong>cr\u00e9er la liaison la plus directe, rectiligne possible entre caisson et bouches<\/strong>. Il convient d\u2019\u00e9viter tout coude ou m\u00e8tre lin\u00e9aire inutile, source potentielle de turbulences, de pertes de charge. Ils peuvent g\u00e9n\u00e9rer des bruits d&rsquo;\u00e9coulement.<\/p>\n<p class=\"p1\">Autre point cl\u00e9\u00a0: le <strong>respect du diam\u00e8tre pr\u00e9conis\u00e9 des conduits<\/strong>. L&rsquo;enjeu est de maintenir des vitesses d&rsquo;air optimales en tout point du r\u00e9seau\u00a0: 5\u00a0m\/s maximum en vertical, 6\u00a0m\/s en horizontal. Un sous-dimensionnement entra\u00eene des sifflements, autres bruits a\u00e9rauliques.<\/p>\n<p class=\"p1\">Pour les liaisons situ\u00e9es hors du volume chauff\u00e9, la mise en \u0153uvre de <strong>conduits \u00e0 double-peau<\/strong> avec un isolant acoustique \u00e9vite toute transmission de bruit d&rsquo;un logement \u00e0 l&rsquo;autre.<\/p>\n<p class=\"p3\">Des dispositifs comme les <strong>pi\u00e8ges \u00e0 sons<\/strong> sur les r\u00e9seaux ou les <strong>manchettes acoustiques souples<\/strong> du caisson vont encore plus loin dans le traitement acoustique.<\/p>\n<h2 class=\"p1\"><span class=\"ez-toc-section\" id=\"Soigner_limplantation_du_caisson_de_VMC_le_positionnement_des_accessoires\"><\/span>Soigner l&rsquo;implantation du caisson de VMC, le positionnement des accessoires<span class=\"ez-toc-section-end\"><\/span><\/h2>\n<p class=\"p1\">La <strong>d\u00e9solidarisation du caisson d&rsquo;extraction<\/strong> de son support et son \u00e9loignement des bouches sont deux principes intangibles. Un caisson mal d\u00e9coupl\u00e9 ou trop proche d&rsquo;une bouche transmet vibrations, bruits d&rsquo;\u00e9quipement dans tout le logement.<\/p>\n<p class=\"p1\">Afin d\u2019y rem\u00e9dier, il est possible de suspendre le caisson \u00e0 la charpente par le biais d&rsquo;\u00e9l\u00e9ments antivibratiles comme des suspentes \u00e0 ressorts. Autre solution, l\u2019installer sur des plots en \u00e9lastom\u00e8re type n\u00e9opr\u00e8ne. La mise en \u0153uvre d&rsquo;un coffrage doubl\u00e9 d&rsquo;un isolant acoustique r\u00e9duit aussi son rayonnement sonore.<\/p>\n<p class=\"p1\">Le positionnement du caisson en <strong>partie centrale des combles<\/strong>, \u00e0 \u00e9gale distance de chaque bouche, est crucial. Un emplacement d\u00e9centr\u00e9 \u00e0 proximit\u00e9 imm\u00e9diate d&rsquo;une bouche cr\u00e9e un d\u00e9s\u00e9quilibre a\u00e9raulique g\u00e9n\u00e9rateur de bruit.<\/p>\n<p class=\"p3\">Concernant les <strong>bouches d&rsquo;extraction<\/strong>, il est n\u00e9cessaire de les disposer en plafond ou en partie haute des parois, avec un \u00e9loignement minimal de 20\u00a0cm des angles. Il est pr\u00e9f\u00e9rable d\u2019opter pour des mod\u00e8les sp\u00e9cial silence \u00e0 tr\u00e8s haut d\u00e9bit.<\/p>\n<h2 class=\"p1\"><span class=\"ez-toc-section\" id=\"Assurer_une_maintenance_reguliere_des_equipements_du_reseau\"><\/span>Assurer une maintenance r\u00e9guli\u00e8re des \u00e9quipements, du r\u00e9seau<span class=\"ez-toc-section-end\"><\/span><\/h2>\n<p class=\"p1\">Une maintenance rigoureuse de l&rsquo;installation est la garantie du maintien durable de ses <a href=\"https:\/\/www.solerpalau.com\/blog\/fr-fr\/ventilation-evaluation-et-amelioration-acoustique\/\" target=\"_blank\" rel=\"noopener\"><span class=\"s1\">performances acoustiques<\/span><\/a> initiales. Un syst\u00e8me de ventilation encrass\u00e9 voit son bruit de fonctionnement augmenter au fil du temps.<\/p>\n<p class=\"p1\">La p\u00e9riodicit\u00e9 minimale \u00e0 respecter est d&rsquo;un nettoyage \u00e0 l&rsquo;eau savonneuse des entr\u00e9es d&rsquo;air, bouches d&rsquo;extraction tous les trois \u00e0 six mois. Les filtres sont d\u00e9poussi\u00e9r\u00e9s ou remplac\u00e9s au moins une fois par an.<\/p>\n<p class=\"p1\">Tous les trois ans, il est recommand\u00e9 de proc\u00e9der \u00e0 un entretien complet du syst\u00e8me de ventilation. Il inclut le nettoyage int\u00e9gral des conduits, la v\u00e9rification de tous les organes m\u00e9caniques.<\/p>\n<p class=\"p1\"><strong>Les 3\u00a0points cl\u00e9s \u00e0 retenir\u00a0:<\/strong><\/p>\n<ul class=\"ul1\">\n<li class=\"li3\">Une ventilation silencieuse r\u00e9sulte de la synergie entre le choix d&rsquo;\u00e9quipements acoustiquement performants, une conception optimis\u00e9e du r\u00e9seau a\u00e9raulique, une mise en \u0153uvre soign\u00e9e.\u00a0<\/li>\n<li class=\"li3\">Un large \u00e9ventail de solutions techniques permet de traiter chaque source potentielle de bruit : silencieux sur entr\u00e9es d&rsquo;air, centrales double-flux \u00e0 moteurs EC, bouches acoustiques, conduits isol\u00e9s, plots antivibratiles.<\/li>\n<li class=\"li3\">L&rsquo;entretien p\u00e9riodique du syst\u00e8me, du nettoyage des \u00e9quipements \u00e0 celui des conduits, est la cl\u00e9 pour pr\u00e9server dans le temps son silence de fonctionnement.<\/li>\n<\/ul>\n\n\n<div class=\"hs-cta-embed hs-cta-simple-placeholder hs-cta-embed-179808785843\"\n  style=\"max-width:100%; max-height:100%; width:650px;height:311.9921875px\" data-hubspot-wrapper-cta-id=\"179808785843\">\n  <a href=\"https:\/\/cta-service-cms2.hubspot.com\/web-interactives\/public\/v1\/track\/redirect?encryptedPayload=AVxigLKQRWG%2F9C%2BF9tSA7oB%2Btr5S6TbtMvWzJHMlMbXHYJBViqTiu5tWiUCiHZ%2FCdqsa4JCMBENq2gCQGwME9tVnlVppfSCz0DBAPhv6gkNoYYdloEhj3Gdu8aJHAp2eimrg5RvVaaCuruYTpZE0CIxg4df2zBP3V8PTkZc4Bbf18g5DoqoPg0v4aqB5n7a3GVkqj%2FYxS3ONEjuhQdw%3D&#038;webInteractiveContentId=179808785843&#038;portalId=2009592\" target=\"_blank\" rel=\"noopener\" crossorigin=\"anonymous\">\n    <img decoding=\"async\" alt=\"T&eacute;l&eacute;chargez vos plans&nbsp;de projet\" loading=\"lazy\" src=\"https:\/\/no-cache.hubspot.com\/cta\/default\/2009592\/interactive-179808785843.png\" style=\"height: 100%; width: 100%; object-fit: fill\"\n      onerror=\"this.style.display='none'\" \/>\n  <\/a>\n<\/div>\n","protected":false},"excerpt":{"rendered":"<p>Nous expliquons le r\u00f4le cl\u00e9 de la ventilation m\u00e9canique dans le maintien d&rsquo;une bonne qualit\u00e9 de l&rsquo;air int\u00e9rieur, comment \u00e9viter les nuisances sonores et maintenir les valeurs r\u00e9glementaires.<\/p>\n","protected":false},"author":10,"featured_media":5250,"comment_status":"open","ping_status":"open","sticky":false,"template":"","format":"standard","meta":{"_acf_changed":false,"footnotes":""},"categories":[21],"tags":[],"class_list":["post-5240","post","type-post","status-publish","format-standard","has-post-thumbnail","hentry","category-assistance-technique"],"acf":[],"yoast_head":"<!-- This site is optimized with the Yoast SEO plugin v26.1 - https:\/\/yoast.com\/wordpress\/plugins\/seo\/ -->\n<title>Mettre en \u0153uvre des syst\u00e8mes de ventilation silencieux - S&amp;P<\/title>\n<meta name=\"description\" content=\"D\u00e9couvrez les solutions techniques disponibles pour l&#039;installation de syst\u00e8mes de ventilation silencieux afin de pr\u00e9venir les nuisances sonores.\" \/>\n<meta name=\"robots\" content=\"index, follow, max-snippet:-1, max-image-preview:large, max-video-preview:-1\" \/>\n<link rel=\"canonical\" href=\"https:\/\/www.solerpalau.com\/blog\/fr-fr\/mettre-en-oeuvre-des-systemes-de-ventilation-silencieux\/\" \/>\n<meta property=\"og:locale\" content=\"fr_FR\" \/>\n<meta property=\"og:type\" content=\"article\" \/>\n<meta property=\"og:title\" content=\"Mettre en \u0153uvre des syst\u00e8mes de ventilation silencieux - S&amp;P\" \/>\n<meta property=\"og:description\" content=\"D\u00e9couvrez les solutions techniques disponibles pour l&#039;installation de syst\u00e8mes de ventilation silencieux afin de pr\u00e9venir les nuisances sonores.\" \/>\n<meta property=\"og:url\" content=\"https:\/\/www.solerpalau.com\/blog\/fr-fr\/mettre-en-oeuvre-des-systemes-de-ventilation-silencieux\/\" \/>\n<meta property=\"og:site_name\" content=\"S&amp;P Syst\u00e8mes de Ventilation\" \/>\n<meta property=\"article:published_time\" content=\"2025-01-30T14:38:56+00:00\" \/>\n<meta property=\"article:modified_time\" content=\"2025-01-30T14:38:59+00:00\" \/>\n<meta property=\"og:image\" content=\"https:\/\/www.solerpalau.com\/blog\/fr-fr\/wp-content\/uploads\/sites\/2\/2025\/01\/syste\u0300mes-de-ventilation-silencieux-SP.jpg\" \/>\n\t<meta property=\"og:image:width\" content=\"724\" \/>\n\t<meta property=\"og:image:height\" content=\"483\" \/>\n\t<meta property=\"og:image:type\" content=\"image\/jpeg\" \/>\n<meta name=\"author\" content=\"S&amp;P\" \/>\n<meta name=\"twitter:card\" content=\"summary_large_image\" \/>\n<meta name=\"twitter:label1\" content=\"\u00c9crit par\" \/>\n\t<meta name=\"twitter:data1\" content=\"S&amp;P\" \/>\n\t<meta name=\"twitter:label2\" content=\"Dur\u00e9e de lecture estim\u00e9e\" \/>\n\t<meta name=\"twitter:data2\" content=\"6 minutes\" \/>\n<!-- \/ Yoast SEO plugin. -->","yoast_head_json":{"title":"Mettre en \u0153uvre des syst\u00e8mes de ventilation silencieux - S&P","description":"D\u00e9couvrez les solutions techniques disponibles pour l'installation de syst\u00e8mes de ventilation silencieux afin de pr\u00e9venir les nuisances sonores.","robots":{"index":"index","follow":"follow","max-snippet":"max-snippet:-1","max-image-preview":"max-image-preview:large","max-video-preview":"max-video-preview:-1"},"canonical":"https:\/\/www.solerpalau.com\/blog\/fr-fr\/mettre-en-oeuvre-des-systemes-de-ventilation-silencieux\/","og_locale":"fr_FR","og_type":"article","og_title":"Mettre en \u0153uvre des syst\u00e8mes de ventilation silencieux - S&P","og_description":"D\u00e9couvrez les solutions techniques disponibles pour l'installation de syst\u00e8mes de ventilation silencieux afin de pr\u00e9venir les nuisances sonores.","og_url":"https:\/\/www.solerpalau.com\/blog\/fr-fr\/mettre-en-oeuvre-des-systemes-de-ventilation-silencieux\/","og_site_name":"S&amp;P Syst\u00e8mes de Ventilation","article_published_time":"2025-01-30T14:38:56+00:00","article_modified_time":"2025-01-30T14:38:59+00:00","og_image":[{"width":724,"height":483,"url":"https:\/\/www.solerpalau.com\/blog\/fr-fr\/wp-content\/uploads\/sites\/2\/2025\/01\/syste\u0300mes-de-ventilation-silencieux-SP.jpg","type":"image\/jpeg"}],"author":"S&amp;P","twitter_card":"summary_large_image","twitter_misc":{"\u00c9crit par":"S&amp;P","Dur\u00e9e de lecture estim\u00e9e":"6 minutes"},"schema":{"@context":"https:\/\/schema.org","@graph":[{"@type":"WebPage","@id":"https:\/\/www.solerpalau.com\/blog\/fr-fr\/mettre-en-oeuvre-des-systemes-de-ventilation-silencieux\/","url":"https:\/\/www.solerpalau.com\/blog\/fr-fr\/mettre-en-oeuvre-des-systemes-de-ventilation-silencieux\/","name":"Mettre en \u0153uvre des syst\u00e8mes de ventilation silencieux - S&P","isPartOf":{"@id":"https:\/\/www.solerpalau.com\/blog\/fr-fr\/#website"},"primaryImageOfPage":{"@id":"https:\/\/www.solerpalau.com\/blog\/fr-fr\/mettre-en-oeuvre-des-systemes-de-ventilation-silencieux\/#primaryimage"},"image":{"@id":"https:\/\/www.solerpalau.com\/blog\/fr-fr\/mettre-en-oeuvre-des-systemes-de-ventilation-silencieux\/#primaryimage"},"thumbnailUrl":"https:\/\/www.solerpalau.com\/blog\/fr-fr\/wp-content\/uploads\/sites\/2\/2025\/01\/syste\u0300mes-de-ventilation-silencieux-SP.jpg","datePublished":"2025-01-30T14:38:56+00:00","dateModified":"2025-01-30T14:38:59+00:00","author":{"@id":"https:\/\/www.solerpalau.com\/blog\/fr-fr\/#\/schema\/person\/a649fcc0fccdca5446ea2bc371ad5cb9"},"description":"D\u00e9couvrez les solutions techniques disponibles pour l'installation de syst\u00e8mes de ventilation silencieux afin de pr\u00e9venir les nuisances sonores.","breadcrumb":{"@id":"https:\/\/www.solerpalau.com\/blog\/fr-fr\/mettre-en-oeuvre-des-systemes-de-ventilation-silencieux\/#breadcrumb"},"inLanguage":"fr-FR","potentialAction":[{"@type":"ReadAction","target":["https:\/\/www.solerpalau.com\/blog\/fr-fr\/mettre-en-oeuvre-des-systemes-de-ventilation-silencieux\/"]}]},{"@type":"ImageObject","inLanguage":"fr-FR","@id":"https:\/\/www.solerpalau.com\/blog\/fr-fr\/mettre-en-oeuvre-des-systemes-de-ventilation-silencieux\/#primaryimage","url":"https:\/\/www.solerpalau.com\/blog\/fr-fr\/wp-content\/uploads\/sites\/2\/2025\/01\/syste\u0300mes-de-ventilation-silencieux-SP.jpg","contentUrl":"https:\/\/www.solerpalau.com\/blog\/fr-fr\/wp-content\/uploads\/sites\/2\/2025\/01\/syste\u0300mes-de-ventilation-silencieux-SP.jpg","width":724,"height":483,"caption":"syste\u0300mes de ventilation silencieux - S&P"},{"@type":"BreadcrumbList","@id":"https:\/\/www.solerpalau.com\/blog\/fr-fr\/mettre-en-oeuvre-des-systemes-de-ventilation-silencieux\/#breadcrumb","itemListElement":[{"@type":"ListItem","position":1,"name":"Accueil","item":"https:\/\/www.solerpalau.com\/blog\/fr-fr\/"},{"@type":"ListItem","position":2,"name":"Guide pratique pour mettre en \u0153uvre des syst\u00e8mes de ventilation silencieux"}]},{"@type":"WebSite","@id":"https:\/\/www.solerpalau.com\/blog\/fr-fr\/#website","url":"https:\/\/www.solerpalau.com\/blog\/fr-fr\/","name":"S&amp;P Syst\u00e8mes de Ventilation","description":"Le Blog de la Ventilation Efficace","potentialAction":[{"@type":"SearchAction","target":{"@type":"EntryPoint","urlTemplate":"https:\/\/www.solerpalau.com\/blog\/fr-fr\/?s={search_term_string}"},"query-input":{"@type":"PropertyValueSpecification","valueRequired":true,"valueName":"search_term_string"}}],"inLanguage":"fr-FR"},{"@type":"Person","@id":"https:\/\/www.solerpalau.com\/blog\/fr-fr\/#\/schema\/person\/a649fcc0fccdca5446ea2bc371ad5cb9","name":"S&amp;P","image":{"@type":"ImageObject","inLanguage":"fr-FR","@id":"https:\/\/www.solerpalau.com\/blog\/fr-fr\/#\/schema\/person\/image\/","url":"https:\/\/secure.gravatar.com\/avatar\/994644236667321375ba4d21a34a002e2bcfd7b33a114caa4c9dc488ece6c970?s=96&d=mm&r=g","contentUrl":"https:\/\/secure.gravatar.com\/avatar\/994644236667321375ba4d21a34a002e2bcfd7b33a114caa4c9dc488ece6c970?s=96&d=mm&r=g","caption":"S&amp;P"},"url":"https:\/\/www.solerpalau.com\/blog\/fr-fr\/author\/binaria\/"}]}},"reading_time":"<span class=\"span-reading-time rt-reading-time\"><span class=\"rt-label rt-prefix\"><\/span> <span class=\"rt-time\"> 4<\/span> <span class=\"rt-label rt-postfix\"> min. de lecture<\/span><\/span>","_links":{"self":[{"href":"https:\/\/www.solerpalau.com\/blog\/fr-fr\/wp-json\/wp\/v2\/posts\/5240","targetHints":{"allow":["GET"]}}],"collection":[{"href":"https:\/\/www.solerpalau.com\/blog\/fr-fr\/wp-json\/wp\/v2\/posts"}],"about":[{"href":"https:\/\/www.solerpalau.com\/blog\/fr-fr\/wp-json\/wp\/v2\/types\/post"}],"author":[{"embeddable":true,"href":"https:\/\/www.solerpalau.com\/blog\/fr-fr\/wp-json\/wp\/v2\/users\/10"}],"replies":[{"embeddable":true,"href":"https:\/\/www.solerpalau.com\/blog\/fr-fr\/wp-json\/wp\/v2\/comments?post=5240"}],"version-history":[{"count":5,"href":"https:\/\/www.solerpalau.com\/blog\/fr-fr\/wp-json\/wp\/v2\/posts\/5240\/revisions"}],"predecessor-version":[{"id":5251,"href":"https:\/\/www.solerpalau.com\/blog\/fr-fr\/wp-json\/wp\/v2\/posts\/5240\/revisions\/5251"}],"wp:featuredmedia":[{"embeddable":true,"href":"https:\/\/www.solerpalau.com\/blog\/fr-fr\/wp-json\/wp\/v2\/media\/5250"}],"wp:attachment":[{"href":"https:\/\/www.solerpalau.com\/blog\/fr-fr\/wp-json\/wp\/v2\/media?parent=5240"}],"wp:term":[{"taxonomy":"category","embeddable":true,"href":"https:\/\/www.solerpalau.com\/blog\/fr-fr\/wp-json\/wp\/v2\/categories?post=5240"},{"taxonomy":"post_tag","embeddable":true,"href":"https:\/\/www.solerpalau.com\/blog\/fr-fr\/wp-json\/wp\/v2\/tags?post=5240"}],"curies":[{"name":"wp","href":"https:\/\/api.w.org\/{rel}","templated":true}]}}