{"id":5388,"date":"2025-03-21T13:42:26","date_gmt":"2025-03-21T12:42:26","guid":{"rendered":"https:\/\/www.solerpalau.com\/blog\/fr-fr\/?p=5388"},"modified":"2025-09-01T16:34:18","modified_gmt":"2025-09-01T14:34:18","slug":"video-pureclass-qualite-air-nord-pas-de-calais","status":"publish","type":"post","link":"https:\/\/www.solerpalau.com\/blog\/fr-fr\/video-pureclass-qualite-air-nord-pas-de-calais\/","title":{"rendered":"Reportage vid\u00e9o PURECLASS : le pari de la Qualit\u00e9 d\u2019Air en Nord Pas-de-Calais"},"content":{"rendered":"\n<p>Offrir un air sain \u00e0 nos enfants tout en respectant les contraintes r\u00e9glementaires et \u00e9nerg\u00e9tiques, c\u2019est le pari relev\u00e9 par la ville de Sains-en-Gohelle gr\u00e2ce \u00e0 notre solution <strong>PURECLASS<\/strong>. D\u00e9couvrez comment cette innovation transforme la qualit\u00e9 de vie \u00e0 l\u2019\u00e9cole maternelle Jeannette Prin dans un reportage vid\u00e9o inspirant !<\/p><div id=\"ez-toc-container\" class=\"ez-toc-v2_0_76 counter-hierarchy ez-toc-counter ez-toc-custom ez-toc-container-direction\">\n<div class=\"ez-toc-title-container\">\n<p class=\"ez-toc-title\" style=\"cursor:inherit\">Table des mati\u00e8res<\/p>\n<span class=\"ez-toc-title-toggle\"><\/span><\/div>\n<nav><ul class='ez-toc-list ez-toc-list-level-1 ' ><li class='ez-toc-page-1 ez-toc-heading-level-2'><a class=\"ez-toc-link ez-toc-heading-1\" href=\"https:\/\/www.solerpalau.com\/blog\/fr-fr\/video-pureclass-qualite-air-nord-pas-de-calais\/#Une_solution_adaptee_aux_enjeux_des_collectivites\" >Une solution adapt\u00e9e aux enjeux des collectivit\u00e9s<\/a><\/li><li class='ez-toc-page-1 ez-toc-heading-level-2'><a class=\"ez-toc-link ez-toc-heading-2\" href=\"https:\/\/www.solerpalau.com\/blog\/fr-fr\/video-pureclass-qualite-air-nord-pas-de-calais\/#PURECLASS_une_innovation_pensee_pour_les_ecoles\" >PURECLASS: une innovation pens\u00e9e pour les \u00e9coles<\/a><\/li><li class='ez-toc-page-1 ez-toc-heading-level-2'><a class=\"ez-toc-link ez-toc-heading-3\" href=\"https:\/\/www.solerpalau.com\/blog\/fr-fr\/video-pureclass-qualite-air-nord-pas-de-calais\/#Une_installation_cle_en_main_et_un_accompagnement_sur_mesure\" >Une installation cl\u00e9 en main et un accompagnement sur mesure<\/a><\/li><li class='ez-toc-page-1 ez-toc-heading-level-2'><a class=\"ez-toc-link ez-toc-heading-4\" href=\"https:\/\/www.solerpalau.com\/blog\/fr-fr\/video-pureclass-qualite-air-nord-pas-de-calais\/#Envie_den_savoir_plus\" >Envie d\u2019en savoir plus ?<\/a><\/li><\/ul><\/nav><\/div>\n\n\n\n\n<!--more-->\n\n\n\n<h2 class=\"wp-block-heading p1\"><span class=\"ez-toc-section\" id=\"Une_solution_adaptee_aux_enjeux_des_collectivites\"><\/span>Une solution adapt\u00e9e aux enjeux des collectivit\u00e9s<span class=\"ez-toc-section-end\"><\/span><\/h2>\n\n\n\n<p class=\"p1\">Quand la mairie de Sains-en-Gohelle (Pas-de-Calais, 62) a d\u00e9cid\u00e9 d\u2019<a href=\"https:\/\/www.solerpalau.com\/blog\/fr-fr\/ventilation-ecoles-sante-reglementation\/\">am\u00e9liorer la qualit\u00e9 de l\u2019air dans ses b\u00e2timents scolaires<\/a>, un double d\u00e9fi se posait : r\u00e9duire les consommations \u00e9nerg\u00e9tiques tout en respectant les normes strictes sur la qualit\u00e9 de l\u2019air int\u00e9rieur. Face \u00e0 nos cam\u00e9ras, les \u00e9quipes municipales racontent comment PURECLASS s\u2019est impos\u00e9e comme la meilleure option apr\u00e8s avoir envisag\u00e9 des solutions de ventilation centralis\u00e9es. Leur choix a \u00e9t\u00e9 motiv\u00e9 par la facilit\u00e9 d\u2019installation du syst\u00e8me et ses performances, parfaitement adapt\u00e9es aux exigences des collectivit\u00e9s.<\/p>\n\n\n\n<blockquote class=\"wp-block-quote is-layout-flow wp-block-quote-is-layout-flow\">\n<p class=\"p1\"><font style=\"vertical-align: inherit;\"><font style=\"vertical-align: inherit;\">\u00ab Installer des VMC double flux, c\u2019est apporter un confort r\u00e9el aux \u00e9l\u00e8ves et enseignants tout en entrant dans le cadre des d\u00e9crets de la surveillance de la Qualit\u00e9 d\u2019air Int\u00e9rieur et du Tertiaire. En deux mots\u00a0: ma\u00eetrise du taux de CO\u2082 et \u00e9conomie d\u2019\u00e9nergie. <\/font><\/font>\u00bb<br><font style=\"vertical-align: inherit;\"><font style=\"vertical-align: inherit;\">\u2014 <\/font><\/font><strong><font style=\"vertical-align: inherit;\"><font style=\"vertical-align: inherit;\">Jo\u00ebl Raymond<\/font><\/font><\/strong><font style=\"vertical-align: inherit;\"><font style=\"vertical-align: inherit;\"> , Directeur des services techniques de la mairie de Sains-en-Gohelle.<\/font><\/font><\/p>\n<\/blockquote>\n\n\n\n<div class=\"hs-web-interactive-inline\" style=\"\" data-hubspot-wrapper-cta-id=\"188200358221\"> \n <style data-hubspot-cta-style=\"hs-inline-web-interactive-188200358221\">\n\n  a.hs-inline-web-interactive-188200358221link {\n    text-decoration:none;\n  }\n\n  a.hs-inline-web-interactive-188200358221hover {\n    text-decoration:none;\n  }\n\n<\/style> \n <a href=\"https:\/\/cta-service-cms2.hubspot.com\/web-interactives\/public\/v1\/track\/click?encryptedPayload=AVxigLIcYaztWqusL9OeNGOJ2JjBzxjbw688rJAu%2BjOqWitKvFLJHAk4HroWi33APjTu1lIdT16OHiYJDndVnAohMQ4JalxEQrT3PnexM%2BUR5ZRLlk2PfdJZ8V3wrl3FNx9szSsEyASp49PLQdCCamtLi%2BmdSIo6298GjeQxm0B2SN%2BDHx0V0TTL0PmfhM34paq%2Fp23cizM0Og4BuWYRsrAF7IagZYClY3Y%3D&amp;portalId=2009592\" target=\"_blank\" rel=\"noopener\" class=\"hs-inline-web-interactive-188200358221   \" data-hubspot-cta-id=\"188200358221\"> \n  <div style=\"font-size: 18px; text-align: center;\">\n   <span style=\"color: #ce1a1a; font-family: Arial, Helvetica, sans-serif;\"><strong>NOUVEL EBOOK | <\/strong>Rapport technique sur la ventilation dans les \u00e9coles et les centres \u00e9ducatifs<strong> [TELECHARGEMENT GRATUIT]<\/strong><\/span>\n  <\/div> <\/a> \n<\/div>\n\n\n\n<p><\/p>\n\n\n\n<h2 class=\"wp-block-heading p1\"><span class=\"ez-toc-section\" id=\"PURECLASS_une_innovation_pensee_pour_les_ecoles\"><\/span><font style=\"vertical-align: inherit;\"><font style=\"vertical-align: inherit;\">PURECLASS: <\/font><\/font>une innovation pens\u00e9e pour les \u00e9coles<span class=\"ez-toc-section-end\"><\/span><\/h2>\n\n\n\n<p class=\"p1\">Notre syst\u00e8me de VMC double flux d\u00e9centralis\u00e9e PURECLASS purifie l\u2019air tout en r\u00e9cup\u00e9rant jusqu\u2019\u00e0 92 % de l\u2019\u00e9nergie de l\u2019air extrait. Con\u00e7u pour r\u00e9pondre aux besoins des collectivit\u00e9s, il garantit un air sain tout en r\u00e9duisant les d\u00e9penses \u00e9nerg\u00e9tiques.<\/p>\n\n\n\n<blockquote class=\"wp-block-quote is-layout-flow wp-block-quote-is-layout-flow\">\n<p class=\"p1\">\u00ab Pour nous, la qualit\u00e9 de l\u2019air, c\u2019est primordial. Avec PURECLASS, nous avons trouv\u00e9 une solution simple et accessible, m\u00eame pour une petite commune comme la n\u00f4tre. \u00bb<br>\u2014 <strong>Caroline Corbisez<\/strong>, Directrice g\u00e9n\u00e9rale des services de la mairie de Sains-en-Gohelle.<\/p>\n<\/blockquote>\n\n\n\n<p class=\"p1\">Le confort est au c\u0153ur du dispositif : l\u2019air temp\u00e9r\u00e9 pr\u00e9serve les \u00e9l\u00e8ves des sensations de courants d\u2019air, et la concentration en classe s\u2019am\u00e9liore avec le taux de CO\u2082 ma\u00eetris\u00e9. Ces bienfaits, mis en lumi\u00e8re dans notre reportage, profitent non seulement aux enfants et aux enseignants, mais aussi \u00e0 la sant\u00e9 du b\u00e2timent et au porte-monnaie de la collectivit\u00e9 !<\/p>\n\n\n\n<h2 class=\"wp-block-heading p1\"><span class=\"ez-toc-section\" id=\"Une_installation_cle_en_main_et_un_accompagnement_sur_mesure\"><\/span>Une installation cl\u00e9 en main et un accompagnement sur mesure<span class=\"ez-toc-section-end\"><\/span><\/h2>\n\n\n\n<p class=\"p1\">Avec PURECLASS, tout est pens\u00e9 pour simplifier la mise en conformit\u00e9 des salles de classe. En une demi-journ\u00e9e par salle, les \u00e9quipes techniques municipales, form\u00e9es et accompagn\u00e9es par S&amp;P France, ont pu r\u00e9aliser les installations sans immobiliser les locaux.<\/p>\n\n\n\n<blockquote class=\"wp-block-quote is-layout-flow wp-block-quote-is-layout-flow\">\n<p class=\"p1\">\u00ab Le syst\u00e8me est con\u00e7u pour \u00eatre facilement install\u00e9 et entretenu par des \u00e9quipes locales. C\u2019est une solution performante, pratique et parfaitement adapt\u00e9e aux contraintes des collectivit\u00e9s. \u00bb<br>\u2014 <strong>Guillaume Laugery<\/strong>, Responsable de secteur chez S&amp;P France pour les d\u00e9partements 59 et 62.<\/p>\n<\/blockquote>\n\n\n\n<p class=\"p1\">En plus de proposer des produits fiables, S&amp;P France met un point d\u2019honneur \u00e0 accompagner chaque projet de bout en bout. De la d\u00e9couverte de PURECLASS au dimensionnement, jusqu\u2019\u00e0 la mise en service, nos \u00e9quipes restent \u00e0 l\u2019\u00e9coute pour garantir une exp\u00e9rience fluide et r\u00e9ussie.<\/p>\n\n\n\n<blockquote class=\"wp-block-quote is-layout-flow wp-block-quote-is-layout-flow\">\n<p class=\"p1\">\u00ab J\u2019avais un interlocuteur d\u00e9di\u00e9 tr\u00e8s r\u00e9actif, ce qui a permis de r\u00e9soudre rapidement les \u00e9ventuels soucis techniques. C\u2019est un vrai plus que j\u2019\u00e9voquerai \u00e0 d\u2019autres mairies ! \u00bb<br>\u2014<strong> Laurent Alvez Dias<\/strong>, Commercial chez Sonepar Lens.<\/p>\n<\/blockquote>\n\n\n\n<h2 class=\"wp-block-heading p1\"><span class=\"ez-toc-section\" id=\"Envie_den_savoir_plus\"><\/span>Envie d\u2019en savoir plus ?<span class=\"ez-toc-section-end\"><\/span><\/h2>\n\n\n\n<p class=\"p1\">Ce projet est un exemple \u00e0 suivre pour toutes les collectivit\u00e9s qui souhaitent moderniser leurs b\u00e2timents scolaires et r\u00e9pondre aux nouveaux enjeux r\u00e8glementaires. D\u00e9couvrez les coulisses de cette installation et les t\u00e9moignages des acteurs dans notre reportage vid\u00e9o !<\/p>\n\n\n\n<p class=\"p1\"><span class=\"s1\">\ud83d\udc49<\/span> Regardez la vid\u00e9o d\u00e8s maintenant et laissez-vous inspirer ! <a href=\"https:\/\/youtube.com\/shorts\/cWdoJiJBrSw?si=ORRntWGHLjE2d0Vf\"><span class=\"s2\">https:\/\/youtube.com\/shorts\/cWdoJiJBrSw?si=ORRntWGHLjE2d0Vf<\/span><\/a><\/p>\n\n\n\n<div class=\"hs-cta-embed hs-cta-simple-placeholder hs-cta-embed-174390810385\"\n  style=\"max-width:100%; max-height:100%; width:651px;height:311.19793701171875px\" data-hubspot-wrapper-cta-id=\"174390810385\">\n  <a href=\"https:\/\/cta-service-cms2.hubspot.com\/web-interactives\/public\/v1\/track\/redirect?encryptedPayload=AVxigLKfFjxQOa%2Bw%2FiRd%2FwrcdYTqDYKVTLJ2jSjwCpJwaGxIYTJKmh4GocheugsdeNjlhTxYfqo4YR2Yvta1UucdZrBLNW3LrP5cLNN1%2BXQEAycEcVTHOVP5UjF4sLe%2BCuynM8AirUzO8f%2FloKWXTN5l3Mwrv9I4PvnAQ0izCcRODJ25jVHP8HbmRI2wARfk42b7kgfz1DIPqoznZ56GWHA%3D&#038;webInteractiveContentId=174390810385&#038;portalId=2009592\" target=\"_blank\" rel=\"noopener\" crossorigin=\"anonymous\">\n    <img decoding=\"async\" alt=\"&Eacute;QUIPE COMMERCIALE\" loading=\"lazy\" src=\"https:\/\/no-cache.hubspot.com\/cta\/default\/2009592\/interactive-174390810385.png\" style=\"height: 100%; width: 100%; object-fit: fill\"\n      onerror=\"this.style.display='none'\" \/>\n  <\/a>\n<\/div>\n","protected":false},"excerpt":{"rendered":"<p>D\u00e9couvrez comment la ville de Sains-en-Gohelle optimise la qualit\u00e9 de l&rsquo;air dans ses \u00e9coles avec PURECLASS. Reportage vid\u00e9o sur une solution innovante et efficace.<\/p>\n","protected":false},"author":10,"featured_media":5389,"comment_status":"open","ping_status":"open","sticky":false,"template":"","format":"standard","meta":{"_acf_changed":false,"footnotes":""},"categories":[27],"tags":[],"class_list":["post-5388","post","type-post","status-publish","format-standard","has-post-thumbnail","hentry","category-actualite"],"acf":[],"yoast_head":"<!-- This site is optimized with the Yoast SEO plugin v26.1 - https:\/\/yoast.com\/wordpress\/plugins\/seo\/ -->\n<title>PURECLASS : Le pari de la Qualit\u00e9 d\u2019Air en Nord Pas-de-Calais | S&amp;P<\/title>\n<meta name=\"description\" content=\"D\u00e9couvrez comment la ville de Sains-en-Gohelle optimise la qualit\u00e9 de l&#039;air dans ses \u00e9coles avec PURECLASS. Reportage vid\u00e9o sur une solution innovante et efficace.\" \/>\n<meta name=\"robots\" content=\"index, follow, max-snippet:-1, max-image-preview:large, max-video-preview:-1\" \/>\n<link rel=\"canonical\" href=\"https:\/\/www.solerpalau.com\/blog\/fr-fr\/video-pureclass-qualite-air-nord-pas-de-calais\/\" \/>\n<meta property=\"og:locale\" content=\"fr_FR\" \/>\n<meta property=\"og:type\" content=\"article\" \/>\n<meta property=\"og:title\" content=\"PURECLASS : Le pari de la Qualit\u00e9 d\u2019Air en Nord Pas-de-Calais | S&amp;P\" \/>\n<meta property=\"og:description\" content=\"D\u00e9couvrez comment la ville de Sains-en-Gohelle optimise la qualit\u00e9 de l&#039;air dans ses \u00e9coles avec PURECLASS. Reportage vid\u00e9o sur une solution innovante et efficace.\" \/>\n<meta property=\"og:url\" content=\"https:\/\/www.solerpalau.com\/blog\/fr-fr\/video-pureclass-qualite-air-nord-pas-de-calais\/\" \/>\n<meta property=\"og:site_name\" content=\"S&amp;P Syst\u00e8mes de Ventilation\" \/>\n<meta property=\"article:published_time\" content=\"2025-03-21T12:42:26+00:00\" \/>\n<meta property=\"article:modified_time\" content=\"2025-09-01T14:34:18+00:00\" \/>\n<meta property=\"og:image\" content=\"https:\/\/www.solerpalau.com\/blog\/fr-fr\/wp-content\/uploads\/sites\/2\/2025\/03\/Reportage-vide\u0301o-PURECLASS-SP.jpg\" \/>\n\t<meta property=\"og:image:width\" content=\"960\" \/>\n\t<meta property=\"og:image:height\" content=\"636\" \/>\n\t<meta property=\"og:image:type\" content=\"image\/jpeg\" \/>\n<meta name=\"author\" content=\"S&amp;P\" \/>\n<meta name=\"twitter:card\" content=\"summary_large_image\" \/>\n<meta name=\"twitter:label1\" content=\"\u00c9crit par\" \/>\n\t<meta name=\"twitter:data1\" content=\"S&amp;P\" \/>\n\t<meta name=\"twitter:label2\" content=\"Dur\u00e9e de lecture estim\u00e9e\" \/>\n\t<meta name=\"twitter:data2\" content=\"3 minutes\" \/>\n<!-- \/ Yoast SEO plugin. -->","yoast_head_json":{"title":"PURECLASS : Le pari de la Qualit\u00e9 d\u2019Air en Nord Pas-de-Calais | S&P","description":"D\u00e9couvrez comment la ville de Sains-en-Gohelle optimise la qualit\u00e9 de l'air dans ses \u00e9coles avec PURECLASS. Reportage vid\u00e9o sur une solution innovante et efficace.","robots":{"index":"index","follow":"follow","max-snippet":"max-snippet:-1","max-image-preview":"max-image-preview:large","max-video-preview":"max-video-preview:-1"},"canonical":"https:\/\/www.solerpalau.com\/blog\/fr-fr\/video-pureclass-qualite-air-nord-pas-de-calais\/","og_locale":"fr_FR","og_type":"article","og_title":"PURECLASS : Le pari de la Qualit\u00e9 d\u2019Air en Nord Pas-de-Calais | S&P","og_description":"D\u00e9couvrez comment la ville de Sains-en-Gohelle optimise la qualit\u00e9 de l'air dans ses \u00e9coles avec PURECLASS. Reportage vid\u00e9o sur une solution innovante et efficace.","og_url":"https:\/\/www.solerpalau.com\/blog\/fr-fr\/video-pureclass-qualite-air-nord-pas-de-calais\/","og_site_name":"S&amp;P Syst\u00e8mes de Ventilation","article_published_time":"2025-03-21T12:42:26+00:00","article_modified_time":"2025-09-01T14:34:18+00:00","og_image":[{"width":960,"height":636,"url":"https:\/\/www.solerpalau.com\/blog\/fr-fr\/wp-content\/uploads\/sites\/2\/2025\/03\/Reportage-vide\u0301o-PURECLASS-SP.jpg","type":"image\/jpeg"}],"author":"S&amp;P","twitter_card":"summary_large_image","twitter_misc":{"\u00c9crit par":"S&amp;P","Dur\u00e9e de lecture estim\u00e9e":"3 minutes"},"schema":{"@context":"https:\/\/schema.org","@graph":[{"@type":"WebPage","@id":"https:\/\/www.solerpalau.com\/blog\/fr-fr\/video-pureclass-qualite-air-nord-pas-de-calais\/","url":"https:\/\/www.solerpalau.com\/blog\/fr-fr\/video-pureclass-qualite-air-nord-pas-de-calais\/","name":"PURECLASS : Le pari de la Qualit\u00e9 d\u2019Air en Nord Pas-de-Calais | S&P","isPartOf":{"@id":"https:\/\/www.solerpalau.com\/blog\/fr-fr\/#website"},"primaryImageOfPage":{"@id":"https:\/\/www.solerpalau.com\/blog\/fr-fr\/video-pureclass-qualite-air-nord-pas-de-calais\/#primaryimage"},"image":{"@id":"https:\/\/www.solerpalau.com\/blog\/fr-fr\/video-pureclass-qualite-air-nord-pas-de-calais\/#primaryimage"},"thumbnailUrl":"https:\/\/www.solerpalau.com\/blog\/fr-fr\/wp-content\/uploads\/sites\/2\/2025\/03\/Reportage-vide\u0301o-PURECLASS-SP.jpg","datePublished":"2025-03-21T12:42:26+00:00","dateModified":"2025-09-01T14:34:18+00:00","author":{"@id":"https:\/\/www.solerpalau.com\/blog\/fr-fr\/#\/schema\/person\/a649fcc0fccdca5446ea2bc371ad5cb9"},"description":"D\u00e9couvrez comment la ville de Sains-en-Gohelle optimise la qualit\u00e9 de l'air dans ses \u00e9coles avec PURECLASS. Reportage vid\u00e9o sur une solution innovante et efficace.","breadcrumb":{"@id":"https:\/\/www.solerpalau.com\/blog\/fr-fr\/video-pureclass-qualite-air-nord-pas-de-calais\/#breadcrumb"},"inLanguage":"fr-FR","potentialAction":[{"@type":"ReadAction","target":["https:\/\/www.solerpalau.com\/blog\/fr-fr\/video-pureclass-qualite-air-nord-pas-de-calais\/"]}]},{"@type":"ImageObject","inLanguage":"fr-FR","@id":"https:\/\/www.solerpalau.com\/blog\/fr-fr\/video-pureclass-qualite-air-nord-pas-de-calais\/#primaryimage","url":"https:\/\/www.solerpalau.com\/blog\/fr-fr\/wp-content\/uploads\/sites\/2\/2025\/03\/Reportage-vide\u0301o-PURECLASS-SP.jpg","contentUrl":"https:\/\/www.solerpalau.com\/blog\/fr-fr\/wp-content\/uploads\/sites\/2\/2025\/03\/Reportage-vide\u0301o-PURECLASS-SP.jpg","width":960,"height":636},{"@type":"BreadcrumbList","@id":"https:\/\/www.solerpalau.com\/blog\/fr-fr\/video-pureclass-qualite-air-nord-pas-de-calais\/#breadcrumb","itemListElement":[{"@type":"ListItem","position":1,"name":"Accueil","item":"https:\/\/www.solerpalau.com\/blog\/fr-fr\/"},{"@type":"ListItem","position":2,"name":"Reportage vid\u00e9o PURECLASS : le pari de la Qualit\u00e9 d\u2019Air en Nord Pas-de-Calais"}]},{"@type":"WebSite","@id":"https:\/\/www.solerpalau.com\/blog\/fr-fr\/#website","url":"https:\/\/www.solerpalau.com\/blog\/fr-fr\/","name":"S&amp;P Syst\u00e8mes de Ventilation","description":"Le Blog de la Ventilation Efficace","potentialAction":[{"@type":"SearchAction","target":{"@type":"EntryPoint","urlTemplate":"https:\/\/www.solerpalau.com\/blog\/fr-fr\/?s={search_term_string}"},"query-input":{"@type":"PropertyValueSpecification","valueRequired":true,"valueName":"search_term_string"}}],"inLanguage":"fr-FR"},{"@type":"Person","@id":"https:\/\/www.solerpalau.com\/blog\/fr-fr\/#\/schema\/person\/a649fcc0fccdca5446ea2bc371ad5cb9","name":"S&amp;P","image":{"@type":"ImageObject","inLanguage":"fr-FR","@id":"https:\/\/www.solerpalau.com\/blog\/fr-fr\/#\/schema\/person\/image\/","url":"https:\/\/secure.gravatar.com\/avatar\/994644236667321375ba4d21a34a002e2bcfd7b33a114caa4c9dc488ece6c970?s=96&d=mm&r=g","contentUrl":"https:\/\/secure.gravatar.com\/avatar\/994644236667321375ba4d21a34a002e2bcfd7b33a114caa4c9dc488ece6c970?s=96&d=mm&r=g","caption":"S&amp;P"},"url":"https:\/\/www.solerpalau.com\/blog\/fr-fr\/author\/binaria\/"}]}},"reading_time":"<span class=\"span-reading-time rt-reading-time\"><span class=\"rt-label rt-prefix\"><\/span> <span class=\"rt-time\"> 3<\/span> <span class=\"rt-label rt-postfix\"> min. de lecture<\/span><\/span>","_links":{"self":[{"href":"https:\/\/www.solerpalau.com\/blog\/fr-fr\/wp-json\/wp\/v2\/posts\/5388","targetHints":{"allow":["GET"]}}],"collection":[{"href":"https:\/\/www.solerpalau.com\/blog\/fr-fr\/wp-json\/wp\/v2\/posts"}],"about":[{"href":"https:\/\/www.solerpalau.com\/blog\/fr-fr\/wp-json\/wp\/v2\/types\/post"}],"author":[{"embeddable":true,"href":"https:\/\/www.solerpalau.com\/blog\/fr-fr\/wp-json\/wp\/v2\/users\/10"}],"replies":[{"embeddable":true,"href":"https:\/\/www.solerpalau.com\/blog\/fr-fr\/wp-json\/wp\/v2\/comments?post=5388"}],"version-history":[{"count":6,"href":"https:\/\/www.solerpalau.com\/blog\/fr-fr\/wp-json\/wp\/v2\/posts\/5388\/revisions"}],"predecessor-version":[{"id":5630,"href":"https:\/\/www.solerpalau.com\/blog\/fr-fr\/wp-json\/wp\/v2\/posts\/5388\/revisions\/5630"}],"wp:featuredmedia":[{"embeddable":true,"href":"https:\/\/www.solerpalau.com\/blog\/fr-fr\/wp-json\/wp\/v2\/media\/5389"}],"wp:attachment":[{"href":"https:\/\/www.solerpalau.com\/blog\/fr-fr\/wp-json\/wp\/v2\/media?parent=5388"}],"wp:term":[{"taxonomy":"category","embeddable":true,"href":"https:\/\/www.solerpalau.com\/blog\/fr-fr\/wp-json\/wp\/v2\/categories?post=5388"},{"taxonomy":"post_tag","embeddable":true,"href":"https:\/\/www.solerpalau.com\/blog\/fr-fr\/wp-json\/wp\/v2\/tags?post=5388"}],"curies":[{"name":"wp","href":"https:\/\/api.w.org\/{rel}","templated":true}]}}