{"id":5517,"date":"2025-06-12T14:32:55","date_gmt":"2025-06-12T12:32:55","guid":{"rendered":"https:\/\/www.solerpalau.com\/blog\/fr-fr\/defis-techniques-de-la-ventilation-en-renovation-energetique\/"},"modified":"2025-06-12T14:32:55","modified_gmt":"2025-06-12T12:32:55","slug":"defis-techniques-de-la-ventilation-en-renovation-energetique","status":"publish","type":"post","link":"https:\/\/www.solerpalau.com\/blog\/fr-fr\/defis-techniques-de-la-ventilation-en-renovation-energetique\/","title":{"rendered":"Les d\u00e9fis techniques de la ventilation en r\u00e9novation \u00e9nerg\u00e9tique"},"content":{"rendered":"\n<p>La r\u00e9novation \u00e9nerg\u00e9tique constitue aujourd\u2019hui un <strong>enjeu majeur<\/strong> dans le parc immobilier fran\u00e7ais. Si l\u2019isolation et les syst\u00e8mes de chauffage sont souvent au centre des pr\u00e9occupations, la ventilation repr\u00e9sente un <strong>d\u00e9fi technique particuli\u00e8rement complexe<\/strong> qui conditionne l\u2019\u00e9quilibre global du b\u00e2timent. Dans un contexte o\u00f9 la<strong> qualit\u00e9 de l\u2019air int\u00e9rieur devient primordiale<\/strong>, nous constatons que la ventilation en r\u00e9novation \u00e9nerg\u00e9tique requiert une <strong>approche sp\u00e9cifique<\/strong>, distincte de celle appliqu\u00e9e aux constructions neuves<strong>.<\/strong> Quels sont les principaux d\u00e9fis techniques rencontr\u00e9s et quelles solutions peuvent \u00eatre mises en \u0153uvre pour garantir un \u00e9quilibre optimal entre \u00e9conomies d\u2019\u00e9nergie et qualit\u00e9 de l\u2019air int\u00e9rieur ?<\/p><div id=\"ez-toc-container\" class=\"ez-toc-v2_0_76 counter-hierarchy ez-toc-counter ez-toc-custom ez-toc-container-direction\">\n<div class=\"ez-toc-title-container\">\n<p class=\"ez-toc-title\" style=\"cursor:inherit\">Table des mati\u00e8res<\/p>\n<span class=\"ez-toc-title-toggle\"><\/span><\/div>\n<nav><ul class='ez-toc-list ez-toc-list-level-1 ' ><li class='ez-toc-page-1 ez-toc-heading-level-2'><a class=\"ez-toc-link ez-toc-heading-1\" href=\"https:\/\/www.solerpalau.com\/blog\/fr-fr\/defis-techniques-de-la-ventilation-en-renovation-energetique\/#Diagnostic_prealable_evaluer_lexistant_pour_mieux_renover\" >Diagnostic pr\u00e9alable&nbsp;: \u00e9valuer l\u2019existant pour mieux r\u00e9nover<\/a><\/li><li class='ez-toc-page-1 ez-toc-heading-level-2'><a class=\"ez-toc-link ez-toc-heading-2\" href=\"https:\/\/www.solerpalau.com\/blog\/fr-fr\/defis-techniques-de-la-ventilation-en-renovation-energetique\/#Contraintes_architecturales_et_solutions_adaptees\" >Contraintes architecturales et solutions adapt\u00e9es<\/a><\/li><li class='ez-toc-page-1 ez-toc-heading-level-2'><a class=\"ez-toc-link ez-toc-heading-3\" href=\"https:\/\/www.solerpalau.com\/blog\/fr-fr\/defis-techniques-de-la-ventilation-en-renovation-energetique\/#Equilibre_entre_etancheite_a_lair_et_ventilation_efficace\" >\u00c9quilibre entre \u00e9tanch\u00e9it\u00e9 \u00e0 l\u2019air et ventilation efficace<\/a><\/li><li class='ez-toc-page-1 ez-toc-heading-level-2'><a class=\"ez-toc-link ez-toc-heading-4\" href=\"https:\/\/www.solerpalau.com\/blog\/fr-fr\/defis-techniques-de-la-ventilation-en-renovation-energetique\/#Optimisation_energetique_recuperation_de_chaleur_et_controle_intelligent\" >Optimisation \u00e9nerg\u00e9tique&nbsp;: r\u00e9cup\u00e9ration de chaleur et contr\u00f4le intelligent<\/a><\/li><li class='ez-toc-page-1 ez-toc-heading-level-2'><a class=\"ez-toc-link ez-toc-heading-5\" href=\"https:\/\/www.solerpalau.com\/blog\/fr-fr\/defis-techniques-de-la-ventilation-en-renovation-energetique\/#Etudes_de_cas_projets_de_renovation_reussis\" >\u00c9tudes de cas&nbsp;: projets de r\u00e9novation r\u00e9ussis<\/a><\/li><li class='ez-toc-page-1 ez-toc-heading-level-2'><a class=\"ez-toc-link ez-toc-heading-6\" href=\"https:\/\/www.solerpalau.com\/blog\/fr-fr\/defis-techniques-de-la-ventilation-en-renovation-energetique\/#Solutions_davenir_et_accompagnement_technique_personnalise\" >Solutions d&rsquo;avenir et accompagnement technique personnalis\u00e9<\/a><\/li><\/ul><\/nav><\/div>\n\n\n\n<p><!--more--><\/p>\n\n\n<h2 class=\"wp-block-heading\"><span class=\"ez-toc-section\" id=\"Diagnostic_prealable_evaluer_lexistant_pour_mieux_renover\"><\/span>Diagnostic pr\u00e9alable&nbsp;: \u00e9valuer l\u2019existant pour mieux r\u00e9nover<span class=\"ez-toc-section-end\"><\/span><\/h2>\n\n\n\n<p>Avant toute intervention sur un syst\u00e8me de ventilation en r\u00e9novation, un diagnostic complet s\u2019impose. Cette \u00e9tape fondamentale permet d\u2019identifier les contraintes sp\u00e9cifiques du b\u00e2timent et de d\u00e9finir les solutions les plus adapt\u00e9es.<\/p>\n\n\n\n<h3 class=\"wp-block-heading\">M\u00e9thodes d\u2019audit du syst\u00e8me de ventilation existant<\/h3>\n\n\n\n<p>Le diagnostic d\u2019un syst\u00e8me de ventilation existant n\u00e9cessite une approche m\u00e9thodique en plusieurs \u00e9tapes&nbsp;:<\/p>\n\n\n\n<ol class=\"wp-block-list\">\n<li><strong>Inspection visuelle<\/strong>&nbsp;: examen des conduits, entr\u00e9es d\u2019air, bouches d\u2019extraction et caisson VMC<\/li>\n\n\n\n<li><strong>Tests d\u2019\u00e9tanch\u00e9it\u00e9<\/strong>&nbsp;: mesure des fuites potentielles dans le r\u00e9seau<\/li>\n\n\n\n<li><strong>Mesures des d\u00e9bits<\/strong>&nbsp;: v\u00e9rification de la conformit\u00e9 avec les exigences r\u00e9glementaires<\/li>\n\n\n\n<li><strong>Analyse de la qualit\u00e9 de l\u2019air int\u00e9rieur<\/strong>&nbsp;: mesure des polluants, CO2 et humidit\u00e9<\/li>\n<\/ol>\n\n\n\n<p>Selon les donn\u00e9es de l\u2019ADEME, <strong>plus de 60&nbsp;% des logements r\u00e9nov\u00e9s<\/strong> pr\u00e9sentent des syst\u00e8mes de ventilation d\u00e9faillants ou inadapt\u00e9s, et <strong>40&nbsp;% sont confront\u00e9s \u00e0 des probl\u00e8mes d\u2019humidit\u00e9<\/strong> apr\u00e8s r\u00e9novation lorsque la ventilation n\u2019a pas \u00e9t\u00e9 correctement prise en compte.<\/p>\n\n\n\n<h2 class=\"wp-block-heading\"><span class=\"ez-toc-section\" id=\"Contraintes_architecturales_et_solutions_adaptees\"><\/span>Contraintes architecturales et solutions adapt\u00e9es<span class=\"ez-toc-section-end\"><\/span><\/h2>\n\n\n\n<p>Les b\u00e2timents existants pr\u00e9sentent souvent des <a href=\"https:\/\/www.solerpalau.com\/blog\/fr-fr\/etudes-de-cas-systemes-de-ventilation-dans-les-maisons-renovees\/\" target=\"_blank\" rel=\"noreferrer noopener\"><strong>configurations complexes qui limitent les possibilit\u00e9s<\/strong> d\u2019intervention sur les syst\u00e8mes de ventilation<\/a>.<\/p>\n\n\n\n<h3 class=\"wp-block-heading\"><strong>Espaces restreints&nbsp;: solutions compactes et performantes<\/strong><\/h3>\n\n\n\n<p>Dans les logements anciens, l\u2019espace disponible pour l\u2019installation de gaines et d\u2019\u00e9quipements techniques est souvent limit\u00e9. Pour r\u00e9pondre \u00e0 cette contrainte, plusieurs solutions peuvent \u00eatre envisag\u00e9es&nbsp;:<\/p>\n\n\n\n<ul class=\"wp-block-list\">\n<li><strong>Syst\u00e8mes d\u00e9centralis\u00e9s<\/strong>&nbsp;: ventilateurs ponctuels avec r\u00e9cup\u00e9ration de chaleur, id\u00e9aux pour les petits espaces<\/li>\n\n\n\n<li><strong>Caissons extra-plats<\/strong>&nbsp;: adapt\u00e9s aux faux plafonds de faible hauteur<\/li>\n\n\n\n<li><strong>Unit\u00e9s compactes<\/strong>&nbsp;: combinant plusieurs fonctions dans un volume r\u00e9duit<\/li>\n<\/ul>\n\n\n\n<p>Ces solutions permettent d\u2019int\u00e9grer efficacement la ventilation m\u00eame dans les espaces les plus contraints, sans compromettre l\u2019esth\u00e9tique ou le confort des occupants.<\/p>\n\n\n\n<h3 class=\"wp-block-heading\">Passage de gaines&nbsp;: alternatives aux solutions conventionnelles<\/h3>\n\n\n\n<p>Le passage des gaines constitue souvent l\u2019un des d\u00e9fis majeurs en r\u00e9novation. Les plafonds bas, les murs \u00e9pais et les structures porteuses peuvent limiter consid\u00e9rablement les possibilit\u00e9s d\u2019installation.<\/p>\n\n\n\n<p>Parmi les solutions alternatives&nbsp;:<\/p>\n\n\n\n<ul class=\"wp-block-list\">\n<li><strong>Gaines semi-rigides de faible diam\u00e8tre<\/strong>&nbsp;: plus flexibles et moins encombrantes<\/li>\n\n\n\n<li><strong>Conduits plats<\/strong>&nbsp;: id\u00e9aux pour les faux plafonds de faible hauteur<\/li>\n\n\n\n<li><strong>Syst\u00e8mes de distribution d\u2019air par pl\u00e9num<\/strong>&nbsp;: limitant le nombre de conduits n\u00e9cessaires<\/li>\n\n\n\n<li><strong>Ventilation par insufflation<\/strong>&nbsp;: n\u00e9cessitant moins de r\u00e9seau de gaines<\/li>\n<\/ul>\n\n\n\n<p><a href=\"https:\/\/www.solerpalau.com\/blog\/fr-fr\/dimensionnement-des-conduits-de-ventilation\/\" target=\"_blank\" rel=\"noreferrer noopener\">Les conduits plats offrent une solution particuli\u00e8rement int\u00e9ressante en r\u00e9novation<\/a>. Selon une \u00e9tude comparative, ils permettent de r\u00e9duire de 40&nbsp;% la hauteur n\u00e9cessaire sous plafond par rapport \u00e0 des conduits circulaires standards, tout en maintenant des performances a\u00e9rauliques satisfaisantes<a href=\"https:\/\/www.cetiat.fr\/\" target=\"_blank\" rel=\"noreferrer noopener\"> (Source&nbsp;: CETIAT, \u00ab&nbsp;Performances a\u00e9rauliques des conduits de ventilation en r\u00e9novation&nbsp;\u00bb, 2024)<\/a>.<\/p>\n\n\n\n<p><\/p>\n\n\n\n<!--HubSpot Call-to-Action Code --><span class=\"hs-cta-wrapper\" id=\"hs-cta-wrapper-ac73e051-3bd1-4d87-9bc3-8cd6645a02b1\"><span class=\"hs-cta-node hs-cta-ac73e051-3bd1-4d87-9bc3-8cd6645a02b1\" id=\"hs-cta-ac73e051-3bd1-4d87-9bc3-8cd6645a02b1\"><!--[if lte IE 8]><div id=\"hs-cta-ie-element\"><\/div><![endif]--><a href=\"https:\/\/cta-redirect.hubspot.com\/cta\/redirect\/2009592\/ac73e051-3bd1-4d87-9bc3-8cd6645a02b1\" ><img decoding=\"async\" class=\"hs-cta-img\" id=\"hs-cta-img-ac73e051-3bd1-4d87-9bc3-8cd6645a02b1\" style=\"border-width:0px;\" src=\"https:\/\/no-cache.hubspot.com\/cta\/default\/2009592\/ac73e051-3bd1-4d87-9bc3-8cd6645a02b1.png\"  alt=\"EBOOK: Quelle VMC et solutions de ventilation pour votre maison en 2024 ?  [T\u00e9l\u00e9chargez gratuitement]\"\/><\/a><\/span><script charset=\"utf-8\" src=\"https:\/\/js.hscta.net\/cta\/current.js\"><\/script><script type=\"text\/javascript\"> hbspt.cta.load(2009592, 'ac73e051-3bd1-4d87-9bc3-8cd6645a02b1', {\"useNewLoader\":\"true\",\"region\":\"na1\"}); <\/script><\/span><!-- end HubSpot Call-to-Action Code -->\n\n\n\n<p><\/p>\n\n\n\n<h2 class=\"wp-block-heading\"><span class=\"ez-toc-section\" id=\"Equilibre_entre_etancheite_a_lair_et_ventilation_efficace\"><\/span>\u00c9quilibre entre \u00e9tanch\u00e9it\u00e9 \u00e0 l\u2019air et ventilation efficace<span class=\"ez-toc-section-end\"><\/span><\/h2>\n\n\n\n<p>L\u2019am\u00e9lioration de l\u2019\u00e9tanch\u00e9it\u00e9 \u00e0 l\u2019air constitue l\u2019un des piliers de la r\u00e9novation \u00e9nerg\u00e9tique. Cependant, elle modifie profond\u00e9ment le comportement a\u00e9raulique du b\u00e2timent et n\u00e9cessite une adaptation des syst\u00e8mes de ventilation.<\/p>\n\n\n\n<p>La r\u00e9novation \u00e9nerg\u00e9tique a tendance \u00e0 cr\u00e9er des <strong>b\u00e2timents plus herm\u00e9tiques<\/strong>, o\u00f9 le renouvellement d\u2019air naturel devient insuffisant. Ce ph\u00e9nom\u00e8ne s\u2019observe notamment apr\u00e8s le remplacement des menuiseries anciennes par des fen\u00eatres \u00e9tanches.<\/p>\n\n\n\n<p>Pour maintenir une qualit\u00e9 d\u2019air int\u00e9rieur satisfaisante, il est essentiel de&nbsp;:<\/p>\n\n\n\n<ul class=\"wp-block-list\">\n<li><strong>Dimensionner correctement les d\u00e9bits d\u2019air <\/strong>en fonction de l\u2019\u00e9tanch\u00e9it\u00e9 du b\u00e2ti<\/li>\n\n\n\n<li>Pr\u00e9voir des entr\u00e9es d\u2019air adapt\u00e9es aux menuiseries modernes<\/li>\n\n\n\n<li>Assurer une extraction efficace dans les pi\u00e8ces humides<\/li>\n\n\n\n<li>Mettre en place un syst\u00e8me de ventilation contr\u00f4l\u00e9e et r\u00e9gul\u00e9e<\/li>\n<\/ul>\n\n\n\n<p>Les derni\u00e8res <a href=\"https:\/\/www.solerpalau.com\/blog\/fr-fr\/vmc-reglementation-2020\/\" target=\"_blank\" rel=\"noreferrer noopener\">\u00e9volutions de la r\u00e9glementation thermique, et notamment la RE2020<\/a>, int\u00e8grent d\u00e9sormais plus explicitement ces consid\u00e9rations de qualit\u00e9 d\u2019air int\u00e9rieur, reconnaissant l\u2019impact des travaux d\u2019isolation sur la ventilation<a href=\"https:\/\/www.ecologie.gouv.fr\/reglementation-environnementale-re2020\" target=\"_blank\" rel=\"noreferrer noopener\"> (Source&nbsp;: Minist\u00e8re de la Transition \u00c9cologique, \u00ab&nbsp;Guide d\u2019application de la RE2020&nbsp;\u00bb, 2024)<\/a>.<\/p>\n\n\n\n<h2 class=\"wp-block-heading\"><span class=\"ez-toc-section\" id=\"Optimisation_energetique_recuperation_de_chaleur_et_controle_intelligent\"><\/span>Optimisation \u00e9nerg\u00e9tique&nbsp;: r\u00e9cup\u00e9ration de chaleur et contr\u00f4le intelligent<span class=\"ez-toc-section-end\"><\/span><\/h2>\n\n\n\n<p>En r\u00e9novation \u00e9nerg\u00e9tique, les syst\u00e8mes de ventilation peuvent \u00e9galement contribuer \u00e0 l\u2019am\u00e9lioration de la performance globale du b\u00e2timent.<\/p>\n\n\n\n<p>La r\u00e9cup\u00e9ration de chaleur repr\u00e9sente un enjeu majeur pour limiter les pertes thermiques li\u00e9es au renouvellement d\u2019air. Les syst\u00e8mes double flux avec r\u00e9cup\u00e9ration de chaleur permettent de r\u00e9cup\u00e9rer jusqu\u2019\u00e0 90&nbsp;% de l\u2019\u00e9nergie contenue dans l\u2019air extrait, r\u00e9duisant significativement les consommations li\u00e9es au chauffage.<\/p>\n\n\n\n<p>Cependant, leur int\u00e9gration en r\u00e9novation pose plusieurs d\u00e9fis techniques&nbsp;:<\/p>\n\n\n\n<ul class=\"wp-block-list\">\n<li>N\u00e9cessit\u00e9 d\u2019un r\u00e9seau de gaines double (insufflation et extraction)<\/li>\n\n\n\n<li>Encombrement plus important du caisson de ventilation<\/li>\n\n\n\n<li>Complexit\u00e9 accrue de l\u2019installation et de la maintenance<\/li>\n<\/ul>\n\n\n\n<p>Pour les projets o\u00f9 l\u2019installation d\u2019un syst\u00e8me double flux centralis\u00e9 s\u2019av\u00e8re trop complexe, des solutions alternatives peuvent \u00eatre envisag\u00e9es&nbsp;:<\/p>\n\n\n\n<ul class=\"wp-block-list\">\n<li><strong>Ventilation hybride<\/strong>&nbsp;: combinant ventilation naturelle assist\u00e9e et m\u00e9canique<\/li>\n\n\n\n<li><strong>Unit\u00e9s d\u00e9centralis\u00e9es<\/strong>&nbsp;: ventilateurs double flux ponctuels avec r\u00e9cup\u00e9ration de chaleur<\/li>\n\n\n\n<li><strong>Syst\u00e8mes simple flux hygror\u00e9glables<\/strong>&nbsp;: optimisant les d\u00e9bits en fonction de l\u2019humidit\u00e9<\/li>\n<\/ul>\n\n\n\n<p>Le contr\u00f4le intelligent de la ventilation constitue \u00e9galement un levier d\u2019optimisation \u00e9nerg\u00e9tique majeur. Les syst\u00e8mes connect\u00e9s, \u00e9quip\u00e9s de capteurs de CO2, d\u2019humidit\u00e9 ou de COV, permettent d\u2019adapter en temps r\u00e9el les d\u00e9bits d\u2019air aux besoins r\u00e9els du b\u00e2timent, \u00e9vitant toute surventilation inutile.<\/p>\n\n\n\n<h2 class=\"wp-block-heading\"><span class=\"ez-toc-section\" id=\"Etudes_de_cas_projets_de_renovation_reussis\"><\/span>\u00c9tudes de cas&nbsp;: projets de r\u00e9novation r\u00e9ussis<span class=\"ez-toc-section-end\"><\/span><\/h2>\n\n\n\n<p>L\u2019int\u00e9gration r\u00e9ussie des syst\u00e8mes de ventilation en r\u00e9novation \u00e9nerg\u00e9tique repose sur une approche personnalis\u00e9e, adapt\u00e9e aux sp\u00e9cificit\u00e9s de chaque b\u00e2timent et aux probl\u00e9matiques rencontr\u00e9es.<\/p>\n\n\n\n<p>La r\u00e9novation d\u2019une <strong>maison des ann\u00e9es 70 <\/strong>\u00e0 <a href=\"https:\/\/www.solerpalau.com\/blog\/fr-fr\/confort-qualite-air-modernisation-ventilation-sp\/\" target=\"_blank\" rel=\"noreferrer noopener\"><strong>Clermont-Ferrand illustre parfaitement cette approche<\/strong><\/a>. Face aux d\u00e9fis d\u2019une habitation ancienne avec <strong>isolation et installations techniques v\u00e9tustes<\/strong>, les propri\u00e9taires ont opt\u00e9 pour une r\u00e9novation globale incluant l\u2019installation d\u2019une <strong>VMC double flux<\/strong>. Le <strong>positionnement strat\u00e9gique du syst\u00e8me<\/strong> dans le garage plut\u00f4t que dans les combles a facilit\u00e9 la maintenance tout en optimisant l\u2019efficacit\u00e9 \u00e9nerg\u00e9tique. Cette configuration a permis d\u2019obtenir une <strong>am\u00e9lioration notable du confort thermique <\/strong>avec une homog\u00e9n\u00e9it\u00e9 de temp\u00e9rature entre les pi\u00e8ces, tout en assurant une <strong>excellente qualit\u00e9 d\u2019air int\u00e9rieur<\/strong> malgr\u00e9 l\u2019environnement urbain. La discr\u00e9tion acoustique du syst\u00e8me constitue \u00e9galement un atout majeur pour le confort quotidien des occupants.<\/p>\n\n\n\n<p>Dans un autre projet concernant une<a href=\"https:\/\/www.solerpalau.com\/blog\/fr-fr\/confort-qualite-air-modernisation-ventilation-sp\/\" target=\"_blank\" rel=\"noreferrer noopener\"> <strong>maison ancienne en pis\u00e9 dans l\u2019Ouest lyonnais<\/strong><\/a>, le d\u00e9fi principal \u00e9tait la <strong>gestion de l\u2019humidit\u00e9 excessive<\/strong>, particuli\u00e8rement dans les chambres \u00e0 l\u2019\u00e9tage. La configuration du b\u00e2timent rendait impossible l\u2019installation de gaines au rez-de-chauss\u00e9e. La solution retenue a \u00e9t\u00e9 un <strong>syst\u00e8me de ventilation par insufflation<\/strong> plac\u00e9 dans les combles, qui aspire l\u2019air neuf ext\u00e9rieur et le redistribue dans toutes les pi\u00e8ces. Cette approche adapt\u00e9e aux contraintes architecturales du b\u00e2ti ancien a permis de<strong> r\u00e9soudre efficacement les probl\u00e8mes d\u2019humidit\u00e9 et de condensation<\/strong> sur les fen\u00eatres, tout en am\u00e9liorant significativement le confort thermique. L\u2019installation, r\u00e9alis\u00e9e en <strong>seulement une demi-journ\u00e9e<\/strong>, a minimis\u00e9 l\u2019impact sur la structure existante tout en r\u00e9utilisant certains \u00e9l\u00e9ments d\u00e9j\u00e0 en place.<\/p>\n\n\n\n<p>Ces deux exemples d\u00e9montrent l\u2019importance d\u2019une <strong>approche sur mesure<\/strong>, tenant compte des contraintes sp\u00e9cifiques de chaque b\u00e2timent pour garantir une <strong>ventilation efficace <\/strong>et adapt\u00e9e en contexte de r\u00e9novation \u00e9nerg\u00e9tique.<\/p>\n\n\n\n<h2 class=\"wp-block-heading\"><span class=\"ez-toc-section\" id=\"Solutions_davenir_et_accompagnement_technique_personnalise\"><\/span>Solutions d&rsquo;avenir et accompagnement technique personnalis\u00e9<span class=\"ez-toc-section-end\"><\/span><\/h2>\n\n\n\n<p>La ventilation en r\u00e9novation \u00e9nerg\u00e9tique constitue un <strong>d\u00e9fi technique majeur <\/strong>qui n\u00e9cessite une approche sp\u00e9cifique et personnalis\u00e9e. Un <strong>diagnostic pr\u00e9alable rigoureux<\/strong>, une prise en compte des contraintes architecturales et une recherche d\u2019<strong>\u00e9quilibre entre \u00e9tanch\u00e9it\u00e9 et renouvellement d\u2019air<\/strong> sont essentiels pour garantir le succ\u00e8s de ces projets.<\/p>\n\n\n\n<p>Les <strong>solutions techniques \u00e9voluent constamment <\/strong>pour r\u00e9pondre aux contraintes sp\u00e9cifiques de la r\u00e9novation, proposant des syst\u00e8mes toujours plus <strong>compacts, flexibles et performants<\/strong>. L\u2019int\u00e9gration de technologies intelligentes permet \u00e9galement d\u2019optimiser le fonctionnement de ces installations, conciliant <strong>efficacit\u00e9 \u00e9nerg\u00e9tique et qualit\u00e9 de l\u2019air int\u00e9rieur.<\/strong> <\/p>\n\n\n\n<p>Face \u00e0 la complexit\u00e9 des projets de r\u00e9novation \u00e9nerg\u00e9tique, notre \u00e9quipe technique peut vous accompagner dans la d\u00e9finition et la mise en \u0153uvre de solutions adapt\u00e9es \u00e0 vos contraintes sp\u00e9cifiques. N\u2019h\u00e9sitez pas \u00e0<a href=\"https:\/\/www.solerpalau.com\/fr-fr\/contact\/\" target=\"_blank\" rel=\"noreferrer noopener\"> nous contacter<\/a> pour b\u00e9n\u00e9ficier de notre expertise.<\/p>\n\n\n\n<div class=\"hs-cta-embed hs-cta-simple-placeholder hs-cta-embed-179808785843\"\n  style=\"max-width:100%; max-height:100%; width:650px;height:311.9921875px\" data-hubspot-wrapper-cta-id=\"179808785843\">\n  <a href=\"https:\/\/cta-service-cms2.hubspot.com\/web-interactives\/public\/v1\/track\/redirect?encryptedPayload=AVxigLIKd0ve3egruJjBp1ckhQzpqIpsBV3YzyjMmIGnxhvT7g%2BuccooFDQdS19zuD24Ycl934tG4sWjCyGiag20fqZUH%2F5PLvCNBMcvvCI8lldPk5ONePhVN9o%2FVORcQqDKjwtrkJCLF7xE4gwPG5BtAEx7x31r47jWYKm0DDG6sS9S0VLmuSnB0Owbt7bEx%2Be1KMx6rIB6GYODfRQ%3D&#038;webInteractiveContentId=179808785843&#038;portalId=2009592\" target=\"_blank\" rel=\"noopener\" crossorigin=\"anonymous\">\n    <img decoding=\"async\" alt=\"T&eacute;l&eacute;chargez vos plans&nbsp;de projet\" loading=\"lazy\" src=\"https:\/\/no-cache.hubspot.com\/cta\/default\/2009592\/interactive-179808785843.png\" style=\"height: 100%; width: 100%; object-fit: fill\"\n      onerror=\"this.style.display='none'\" \/>\n  <\/a>\n<\/div>\n","protected":false},"excerpt":{"rendered":"<p>D\u00e9couvrez les principaux d\u00e9fis de la ventilation en r\u00e9novation \u00e9nerg\u00e9tique et les solutions pour concilier qualit\u00e9 de l\u2019air et performance thermique.<\/p>\n","protected":false},"author":10,"featured_media":5518,"comment_status":"closed","ping_status":"closed","sticky":false,"template":"","format":"standard","meta":{"_acf_changed":false,"footnotes":""},"categories":[26],"tags":[],"class_list":["post-5517","post","type-post","status-publish","format-standard","has-post-thumbnail","hentry","category-ventilation-vmc"],"acf":[],"yoast_head":"<!-- This site is optimized with the Yoast SEO plugin v26.1 - https:\/\/yoast.com\/wordpress\/plugins\/seo\/ -->\n<title>D\u00e9fis techniques de la ventilation en r\u00e9novation \u00e9nerg\u00e9tique \u2013 S&amp;P<\/title>\n<meta name=\"description\" content=\"D\u00e9couvrez les principaux d\u00e9fis de la ventilation en r\u00e9novation \u00e9nerg\u00e9tique et les solutions pour concilier qualit\u00e9 de l\u2019air et performance thermique.\" \/>\n<meta name=\"robots\" content=\"index, follow, max-snippet:-1, max-image-preview:large, max-video-preview:-1\" \/>\n<link rel=\"canonical\" href=\"https:\/\/www.solerpalau.com\/blog\/fr-fr\/defis-techniques-de-la-ventilation-en-renovation-energetique\/\" \/>\n<meta property=\"og:locale\" content=\"fr_FR\" \/>\n<meta property=\"og:type\" content=\"article\" \/>\n<meta property=\"og:title\" content=\"D\u00e9fis techniques de la ventilation en r\u00e9novation \u00e9nerg\u00e9tique \u2013 S&amp;P\" \/>\n<meta property=\"og:description\" content=\"D\u00e9couvrez les principaux d\u00e9fis de la ventilation en r\u00e9novation \u00e9nerg\u00e9tique et les solutions pour concilier qualit\u00e9 de l\u2019air et performance thermique.\" \/>\n<meta property=\"og:url\" content=\"https:\/\/www.solerpalau.com\/blog\/fr-fr\/defis-techniques-de-la-ventilation-en-renovation-energetique\/\" \/>\n<meta property=\"og:site_name\" content=\"S&amp;P Syst\u00e8mes de Ventilation\" \/>\n<meta property=\"article:published_time\" content=\"2025-06-12T12:32:55+00:00\" \/>\n<meta property=\"og:image\" content=\"https:\/\/www.solerpalau.com\/blog\/fr-fr\/wp-content\/uploads\/sites\/2\/2025\/07\/Les-de\u0301fis-techniques-de-la-ventilation-en-re\u0301novation-e\u0301nerge\u0301tique.jpg\" \/>\n\t<meta property=\"og:image:width\" content=\"960\" \/>\n\t<meta property=\"og:image:height\" content=\"636\" \/>\n\t<meta property=\"og:image:type\" content=\"image\/jpeg\" \/>\n<meta name=\"author\" content=\"S&amp;P\" \/>\n<meta name=\"twitter:card\" content=\"summary_large_image\" \/>\n<meta name=\"twitter:label1\" content=\"\u00c9crit par\" \/>\n\t<meta name=\"twitter:data1\" content=\"S&amp;P\" \/>\n\t<meta name=\"twitter:label2\" content=\"Dur\u00e9e de lecture estim\u00e9e\" \/>\n\t<meta name=\"twitter:data2\" content=\"8 minutes\" \/>\n<!-- \/ Yoast SEO plugin. -->","yoast_head_json":{"title":"D\u00e9fis techniques de la ventilation en r\u00e9novation \u00e9nerg\u00e9tique \u2013 S&P","description":"D\u00e9couvrez les principaux d\u00e9fis de la ventilation en r\u00e9novation \u00e9nerg\u00e9tique et les solutions pour concilier qualit\u00e9 de l\u2019air et performance thermique.","robots":{"index":"index","follow":"follow","max-snippet":"max-snippet:-1","max-image-preview":"max-image-preview:large","max-video-preview":"max-video-preview:-1"},"canonical":"https:\/\/www.solerpalau.com\/blog\/fr-fr\/defis-techniques-de-la-ventilation-en-renovation-energetique\/","og_locale":"fr_FR","og_type":"article","og_title":"D\u00e9fis techniques de la ventilation en r\u00e9novation \u00e9nerg\u00e9tique \u2013 S&P","og_description":"D\u00e9couvrez les principaux d\u00e9fis de la ventilation en r\u00e9novation \u00e9nerg\u00e9tique et les solutions pour concilier qualit\u00e9 de l\u2019air et performance thermique.","og_url":"https:\/\/www.solerpalau.com\/blog\/fr-fr\/defis-techniques-de-la-ventilation-en-renovation-energetique\/","og_site_name":"S&amp;P Syst\u00e8mes de Ventilation","article_published_time":"2025-06-12T12:32:55+00:00","og_image":[{"width":960,"height":636,"url":"https:\/\/www.solerpalau.com\/blog\/fr-fr\/wp-content\/uploads\/sites\/2\/2025\/07\/Les-de\u0301fis-techniques-de-la-ventilation-en-re\u0301novation-e\u0301nerge\u0301tique.jpg","type":"image\/jpeg"}],"author":"S&amp;P","twitter_card":"summary_large_image","twitter_misc":{"\u00c9crit par":"S&amp;P","Dur\u00e9e de lecture estim\u00e9e":"8 minutes"},"schema":{"@context":"https:\/\/schema.org","@graph":[{"@type":"WebPage","@id":"https:\/\/www.solerpalau.com\/blog\/fr-fr\/defis-techniques-de-la-ventilation-en-renovation-energetique\/","url":"https:\/\/www.solerpalau.com\/blog\/fr-fr\/defis-techniques-de-la-ventilation-en-renovation-energetique\/","name":"D\u00e9fis techniques de la ventilation en r\u00e9novation \u00e9nerg\u00e9tique \u2013 S&P","isPartOf":{"@id":"https:\/\/www.solerpalau.com\/blog\/fr-fr\/#website"},"primaryImageOfPage":{"@id":"https:\/\/www.solerpalau.com\/blog\/fr-fr\/defis-techniques-de-la-ventilation-en-renovation-energetique\/#primaryimage"},"image":{"@id":"https:\/\/www.solerpalau.com\/blog\/fr-fr\/defis-techniques-de-la-ventilation-en-renovation-energetique\/#primaryimage"},"thumbnailUrl":"https:\/\/www.solerpalau.com\/blog\/fr-fr\/wp-content\/uploads\/sites\/2\/2025\/07\/Les-de\u0301fis-techniques-de-la-ventilation-en-re\u0301novation-e\u0301nerge\u0301tique.jpg","datePublished":"2025-06-12T12:32:55+00:00","author":{"@id":"https:\/\/www.solerpalau.com\/blog\/fr-fr\/#\/schema\/person\/a649fcc0fccdca5446ea2bc371ad5cb9"},"description":"D\u00e9couvrez les principaux d\u00e9fis de la ventilation en r\u00e9novation \u00e9nerg\u00e9tique et les solutions pour concilier qualit\u00e9 de l\u2019air et performance thermique.","breadcrumb":{"@id":"https:\/\/www.solerpalau.com\/blog\/fr-fr\/defis-techniques-de-la-ventilation-en-renovation-energetique\/#breadcrumb"},"inLanguage":"fr-FR","potentialAction":[{"@type":"ReadAction","target":["https:\/\/www.solerpalau.com\/blog\/fr-fr\/defis-techniques-de-la-ventilation-en-renovation-energetique\/"]}]},{"@type":"ImageObject","inLanguage":"fr-FR","@id":"https:\/\/www.solerpalau.com\/blog\/fr-fr\/defis-techniques-de-la-ventilation-en-renovation-energetique\/#primaryimage","url":"https:\/\/www.solerpalau.com\/blog\/fr-fr\/wp-content\/uploads\/sites\/2\/2025\/07\/Les-de\u0301fis-techniques-de-la-ventilation-en-re\u0301novation-e\u0301nerge\u0301tique.jpg","contentUrl":"https:\/\/www.solerpalau.com\/blog\/fr-fr\/wp-content\/uploads\/sites\/2\/2025\/07\/Les-de\u0301fis-techniques-de-la-ventilation-en-re\u0301novation-e\u0301nerge\u0301tique.jpg","width":960,"height":636,"caption":"Les de\u0301fis techniques de la ventilation en re\u0301novation e\u0301nerge\u0301tique"},{"@type":"BreadcrumbList","@id":"https:\/\/www.solerpalau.com\/blog\/fr-fr\/defis-techniques-de-la-ventilation-en-renovation-energetique\/#breadcrumb","itemListElement":[{"@type":"ListItem","position":1,"name":"Accueil","item":"https:\/\/www.solerpalau.com\/blog\/fr-fr\/"},{"@type":"ListItem","position":2,"name":"Les d\u00e9fis techniques de la ventilation en r\u00e9novation \u00e9nerg\u00e9tique"}]},{"@type":"WebSite","@id":"https:\/\/www.solerpalau.com\/blog\/fr-fr\/#website","url":"https:\/\/www.solerpalau.com\/blog\/fr-fr\/","name":"S&amp;P Syst\u00e8mes de Ventilation","description":"Le Blog de la Ventilation Efficace","potentialAction":[{"@type":"SearchAction","target":{"@type":"EntryPoint","urlTemplate":"https:\/\/www.solerpalau.com\/blog\/fr-fr\/?s={search_term_string}"},"query-input":{"@type":"PropertyValueSpecification","valueRequired":true,"valueName":"search_term_string"}}],"inLanguage":"fr-FR"},{"@type":"Person","@id":"https:\/\/www.solerpalau.com\/blog\/fr-fr\/#\/schema\/person\/a649fcc0fccdca5446ea2bc371ad5cb9","name":"S&amp;P","image":{"@type":"ImageObject","inLanguage":"fr-FR","@id":"https:\/\/www.solerpalau.com\/blog\/fr-fr\/#\/schema\/person\/image\/","url":"https:\/\/secure.gravatar.com\/avatar\/994644236667321375ba4d21a34a002e2bcfd7b33a114caa4c9dc488ece6c970?s=96&d=mm&r=g","contentUrl":"https:\/\/secure.gravatar.com\/avatar\/994644236667321375ba4d21a34a002e2bcfd7b33a114caa4c9dc488ece6c970?s=96&d=mm&r=g","caption":"S&amp;P"},"url":"https:\/\/www.solerpalau.com\/blog\/fr-fr\/author\/binaria\/"}]}},"reading_time":"<span class=\"span-reading-time rt-reading-time\"><span class=\"rt-label rt-prefix\"><\/span> <span class=\"rt-time\"> 5<\/span> <span class=\"rt-label rt-postfix\"> min. de lecture<\/span><\/span>","_links":{"self":[{"href":"https:\/\/www.solerpalau.com\/blog\/fr-fr\/wp-json\/wp\/v2\/posts\/5517","targetHints":{"allow":["GET"]}}],"collection":[{"href":"https:\/\/www.solerpalau.com\/blog\/fr-fr\/wp-json\/wp\/v2\/posts"}],"about":[{"href":"https:\/\/www.solerpalau.com\/blog\/fr-fr\/wp-json\/wp\/v2\/types\/post"}],"author":[{"embeddable":true,"href":"https:\/\/www.solerpalau.com\/blog\/fr-fr\/wp-json\/wp\/v2\/users\/10"}],"replies":[{"embeddable":true,"href":"https:\/\/www.solerpalau.com\/blog\/fr-fr\/wp-json\/wp\/v2\/comments?post=5517"}],"version-history":[{"count":0,"href":"https:\/\/www.solerpalau.com\/blog\/fr-fr\/wp-json\/wp\/v2\/posts\/5517\/revisions"}],"wp:featuredmedia":[{"embeddable":true,"href":"https:\/\/www.solerpalau.com\/blog\/fr-fr\/wp-json\/wp\/v2\/media\/5518"}],"wp:attachment":[{"href":"https:\/\/www.solerpalau.com\/blog\/fr-fr\/wp-json\/wp\/v2\/media?parent=5517"}],"wp:term":[{"taxonomy":"category","embeddable":true,"href":"https:\/\/www.solerpalau.com\/blog\/fr-fr\/wp-json\/wp\/v2\/categories?post=5517"},{"taxonomy":"post_tag","embeddable":true,"href":"https:\/\/www.solerpalau.com\/blog\/fr-fr\/wp-json\/wp\/v2\/tags?post=5517"}],"curies":[{"name":"wp","href":"https:\/\/api.w.org\/{rel}","templated":true}]}}