{"id":5519,"date":"2025-06-18T10:02:01","date_gmt":"2025-06-18T08:02:01","guid":{"rendered":"https:\/\/www.solerpalau.com\/blog\/fr-fr\/sp-france-qualite-air-interieur-ecoles-2025\/"},"modified":"2025-07-21T15:02:07","modified_gmt":"2025-07-21T13:02:07","slug":"sp-france-qualite-air-interieur-ecoles-2025","status":"publish","type":"post","link":"https:\/\/www.solerpalau.com\/blog\/fr-fr\/sp-france-qualite-air-interieur-ecoles-2025\/","title":{"rendered":"Pierre-Henry Dandurand, directeur g\u00e9n\u00e9ral de S&amp;P France\u00a0: \u00ab\u00a0La qualit\u00e9 de l\u2019air int\u00e9rieur des b\u00e2timents tertiaires est au c\u0153ur de nos priorit\u00e9s 2025\u00a0\u00bb"},"content":{"rendered":"\n<p><br><strong>Consolider et acc\u00e9l\u00e9rer&nbsp;! Fra\u00eechement nomm\u00e9 \u00e0 la t\u00eate de S&amp;P France, Pierre-Henry Dandurand reprend les r\u00eanes de notre filiale fran\u00e7aise du leader mondial de syst\u00e8mes de ventilation Soler &amp; Palau dans un contexte contraint. <\/strong>Sp\u00e9cialiste de la distribution, il peut s\u2019appuyer sur une dynamique d\u2019entreprise \u00e0 la croissance solide. Ses objectifs&nbsp;? Miser sur l\u2019innovation, la r\u00e9novation et la prescription pour asseoir notre savoir-faire unique de fabricant Made in Pyr\u00e9n\u00e9es. Et servir sa priorit\u00e9&nbsp;: la qualit\u00e9 de l\u2019air int\u00e9rieur (QAI) des b\u00e2timents tertiaires, \u00e0 commencer par les \u00e9tablissements recevant du public (ERP). Rencontre.<\/p><div id=\"ez-toc-container\" class=\"ez-toc-v2_0_76 counter-hierarchy ez-toc-counter ez-toc-custom ez-toc-container-direction\">\n<div class=\"ez-toc-title-container\">\n<p class=\"ez-toc-title\" style=\"cursor:inherit\">Table des mati\u00e8res<\/p>\n<span class=\"ez-toc-title-toggle\"><\/span><\/div>\n<nav><ul class='ez-toc-list ez-toc-list-level-1 ' ><li class='ez-toc-page-1 ez-toc-heading-level-2'><a class=\"ez-toc-link ez-toc-heading-1\" href=\"https:\/\/www.solerpalau.com\/blog\/fr-fr\/sp-france-qualite-air-interieur-ecoles-2025\/#En_ce_debut_2025_quelle_est_la_sante_de_S_P_France\" >En ce d\u00e9but 2025, quelle est la sant\u00e9 de S&amp;P France&nbsp;?<\/a><\/li><li class='ez-toc-page-1 ez-toc-heading-level-2'><a class=\"ez-toc-link ez-toc-heading-2\" href=\"https:\/\/www.solerpalau.com\/blog\/fr-fr\/sp-france-qualite-air-interieur-ecoles-2025\/#Quels_sont_vos_objectifs_pour_2025\" >Quels sont vos objectifs pour 2025 ?<\/a><\/li><li class='ez-toc-page-1 ez-toc-heading-level-2'><a class=\"ez-toc-link ez-toc-heading-3\" href=\"https:\/\/www.solerpalau.com\/blog\/fr-fr\/sp-france-qualite-air-interieur-ecoles-2025\/#Ce_desinteret_autour_de_la_QAI_vous_pousse_donc_a_agir%E2%80%A6\" >Ce d\u00e9sint\u00e9r\u00eat autour de la QAI vous pousse donc \u00e0 agir\u2026<\/a><\/li><li class='ez-toc-page-1 ez-toc-heading-level-2'><a class=\"ez-toc-link ez-toc-heading-4\" href=\"https:\/\/www.solerpalau.com\/blog\/fr-fr\/sp-france-qualite-air-interieur-ecoles-2025\/#Pourquoi_les_etablissements_scolaires_constituent-ils_une_priorite_pour_S_P_France\" >Pourquoi les \u00e9tablissements scolaires constituent-ils une priorit\u00e9 pour S&amp;P France&nbsp;?<\/a><\/li><li class='ez-toc-page-1 ez-toc-heading-level-2'><a class=\"ez-toc-link ez-toc-heading-5\" href=\"https:\/\/www.solerpalau.com\/blog\/fr-fr\/sp-france-qualite-air-interieur-ecoles-2025\/#Quels_moyens_comptez-vous_deployer_pour_mener_a_bien_cet_axe_fort\" >Quels moyens comptez-vous d\u00e9ployer pour mener \u00e0 bien cet axe fort&nbsp;?<\/a><\/li><li class='ez-toc-page-1 ez-toc-heading-level-2'><a class=\"ez-toc-link ez-toc-heading-6\" href=\"https:\/\/www.solerpalau.com\/blog\/fr-fr\/sp-france-qualite-air-interieur-ecoles-2025\/#Concretement_comment_est-ce_que_cela_se_traduit\" >Concr\u00e8tement, comment est-ce que cela se traduit&nbsp;?<\/a><\/li><li class='ez-toc-page-1 ez-toc-heading-level-2'><a class=\"ez-toc-link ez-toc-heading-7\" href=\"https:\/\/www.solerpalau.com\/blog\/fr-fr\/sp-france-qualite-air-interieur-ecoles-2025\/#Et_linnovation_reste_un_pilier_de_votre_developpement%E2%80%A6\" >Et l\u2019innovation reste un pilier de votre d\u00e9veloppement\u2026<\/a><\/li><li class='ez-toc-page-1 ez-toc-heading-level-2'><a class=\"ez-toc-link ez-toc-heading-8\" href=\"https:\/\/www.solerpalau.com\/blog\/fr-fr\/sp-france-qualite-air-interieur-ecoles-2025\/#Justement_quelles_autres_nouveautes_faut-il_attendre_chez_S_P_France_cette_annee\" >Justement, quelles autres nouveaut\u00e9s faut-il attendre chez S&amp;P France cette ann\u00e9e&nbsp;?<\/a><\/li><li class='ez-toc-page-1 ez-toc-heading-level-2'><a class=\"ez-toc-link ez-toc-heading-9\" href=\"https:\/\/www.solerpalau.com\/blog\/fr-fr\/sp-france-qualite-air-interieur-ecoles-2025\/#Reste_que_votre_leitmotiv_demeure_inchange_preuve_en_est_avec_la_certification_EcoVadis_Gold_que_vous_avez_obtenue%E2%80%A6\" >Reste que votre leitmotiv demeure inchang\u00e9, preuve en est avec la certification EcoVadis Gold que vous avez obtenue&#8230;<\/a><\/li><li class='ez-toc-page-1 ez-toc-heading-level-2'><a class=\"ez-toc-link ez-toc-heading-10\" href=\"https:\/\/www.solerpalau.com\/blog\/fr-fr\/sp-france-qualite-air-interieur-ecoles-2025\/#Vous_prevoyez_egalement_une_transformation_digitale\" >Vous pr\u00e9voyez \u00e9galement une transformation digitale&nbsp;?<\/a><\/li><li class='ez-toc-page-1 ez-toc-heading-level-2'><a class=\"ez-toc-link ez-toc-heading-11\" href=\"https:\/\/www.solerpalau.com\/blog\/fr-fr\/sp-france-qualite-air-interieur-ecoles-2025\/#Pour_conclure_quelle_feuille_de_route_donnez-vous_a_S_P_France_pour_les_annees_a_venir\" >Pour conclure, quelle feuille de route donnez-vous \u00e0 S&amp;P France pour les ann\u00e9es \u00e0 venir&nbsp;?<\/a><\/li><\/ul><\/nav><\/div>\n\n\n\n<p><!--more--><\/p>\n<\/p>\n\n\n<h2 class=\"wp-block-heading\"><span class=\"ez-toc-section\" id=\"En_ce_debut_2025_quelle_est_la_sante_de_S_P_France\"><\/span><strong>En ce d\u00e9but 2025, quelle est la sant\u00e9 de S&amp;P France&nbsp;?<\/strong><span class=\"ez-toc-section-end\"><\/span><\/h2>\n\n\n\n<p><strong>Pierre-Henry Dandurand&nbsp;:<\/strong> S&amp;P France se porte tr\u00e8s bien&nbsp;! J\u2019ai la chance de prendre les commandes d\u2019une entreprise extr\u00eamement bien g\u00e9r\u00e9e par mon pr\u00e9d\u00e9cesseur, Laurent Broquedis. L\u2019an pass\u00e9, notre entreprise a r\u00e9alis\u00e9 un chiffre d\u2019affaires de 83 millions d\u2019euros. C\u2019est une performance notable. Quand le secteur est en r\u00e9cession et que le march\u00e9 national de la ventilation oscille entre +1 et +4 %, nous parvenons \u00e0 une croissance l\u00e9g\u00e8rement sup\u00e9rieure. Toutefois, il faut rester humbles et tr\u00e8s prudents. En 2024, l\u2019activit\u00e9 du logement neufs a recul\u00e9 de 19% selon la FFB, et la baisse d\u2019activit\u00e9 dans le b\u00e2timent va se poursuivre cette ann\u00e9e, selon les derni\u00e8res pr\u00e9visions. Cette tendance aura un impact direct sur notre secteur en second \u0153uvre, d\u2019o\u00f9 l\u2019importance de notre positionnement strat\u00e9gique d\u2019hyper sp\u00e9cialistes et notre capacit\u00e9 \u00e0 porter de l\u2019innovation et des solutions.<\/p>\n\n\n\n<blockquote class=\"wp-block-quote is-layout-flow wp-block-quote-is-layout-flow\">\n<p><strong>\u00ab&nbsp;Ce qui est un r\u00e9flexe pour l\u2019eau avec la filtration devrait l\u2019\u00eatre pour l\u2019air avec la ventilation&nbsp;!&nbsp;\u00bb<\/strong><\/p>\n<\/blockquote>\n\n\n\n<h2 class=\"wp-block-heading\"><span class=\"ez-toc-section\" id=\"Quels_sont_vos_objectifs_pour_2025\"><\/span><strong>Quels sont vos objectifs pour 2025 ?<\/strong><span class=\"ez-toc-section-end\"><\/span><\/h2>\n\n\n\n<p><strong>Pierre-Henry Dandurand&nbsp;:<\/strong> Malgr\u00e9 ce contexte, le cap 2025 que je donne est de consolider nos bons r\u00e9sultats et la croissance de l\u2019an dernier. Nous tentons de compenser le recul du neuf par une strat\u00e9gie cibl\u00e9e sur des solutions de r\u00e9novation. Et nous nous y employons&nbsp;! Car pour S&amp;P, il ne devrait pas y avoir de r\u00e9novation sans ventilation. Les raisons grandissent \u00e0 mesure que les habitations deviennent logiquement de plus en plus \u00e9tanches \u00e0 l\u2019air ext\u00e9rieur et ce pour \u00e9viter des d\u00e9perditions de chaleur. Placer la <a href=\"https:\/\/www.solerpalau.com\/blog\/fr-fr\/qualite-de-lair-linterieur-qai\/\" target=\"_blank\" rel=\"noreferrer noopener\">qualit\u00e9 de l\u2019air int\u00e9rieur (QAI)<\/a> au c\u0153ur des pr\u00e9occupations des Fran\u00e7ais permettrait de faire comprendre que l\u2019air que nous respirons \u00e0 l\u2019int\u00e9rieur de nos b\u00e2timents est bien plus nocif que l\u2019air ext\u00e9rieur. Par exemple, si le traitement de l\u2019air \u00e9tait optimal dans les salles de classe, 30&nbsp;000 nouveaux cas d\u2019asthme d\u2019enfants pourraient \u00eatre \u00e9vit\u00e9s.<\/p>\n\n\n\n<h2 class=\"wp-block-heading\"><span class=\"ez-toc-section\" id=\"Ce_desinteret_autour_de_la_QAI_vous_pousse_donc_a_agir%E2%80%A6\"><\/span><strong>Ce d\u00e9sint\u00e9r\u00eat autour de la QAI vous pousse donc \u00e0 agir\u2026<\/strong><span class=\"ez-toc-section-end\"><\/span><\/h2>\n\n\n\n<p><strong>Pierre-Henry Dandurand&nbsp;:<\/strong> C\u2019est une volont\u00e9 forte, en tant qu\u2019acteur engag\u00e9. 40&nbsp;000 personnes meurent de fa\u00e7on pr\u00e9matur\u00e9e chaque ann\u00e9e dans notre pays \u00e0 cause de la pollution de l\u2019air ambiant. On ne peut se contenter de le d\u00e9plorer sans bouger. Quand on voit une eau saum\u00e2tre, on se dit tout de suite qu\u2019elle n\u2019est pas bonne \u00e0 boire. En revanche, quand l\u2019air est pollu\u00e9, on ne fait quasiment jamais la diff\u00e9rence avec un air sain. Sans parler des id\u00e9es re\u00e7ues sur certaines \u00ab&nbsp;ambiances parfum\u00e9es&nbsp;\u00bb.&nbsp; Ce qui est un r\u00e9flexe pour l\u2019eau, avec la filtration, devrait l\u2019\u00eatre pour l\u2019air, avec la ventilation&nbsp;! Par exemple, nous avons \u00e9quip\u00e9 100% de nos collaborateurs de boitiers de contr\u00f4le de la qualit\u00e9 de l\u2019air int\u00e9rieur AIRSENS \u2013 des d\u00e9tecteurs de CO<sub>2<\/sub> &#8211; en d\u00e9but d\u2019ann\u00e9e, et nous souhaitons acculturer nos interlocuteurs \u00e0 cette mesure et de tenter de rendre visible cette probl\u00e9matique. Car sans syst\u00e8me de ventilation efficace, le taux de dioxyde de carbone cause des troubles de l\u2019attention, des maux de t\u00eate, de l\u2019asthme et des probl\u00e8mes respiratoires. C\u2019est particuli\u00e8rement le cas dans les \u00e9tablissements recevant du public.<\/p>\n\n\n\n<blockquote class=\"wp-block-quote is-layout-flow wp-block-quote-is-layout-flow\">\n<p><strong>\u00ab&nbsp;Les \u00e9coles, un axe strat\u00e9gique prioritaire pour 2025&nbsp;\u00bb<\/strong><\/p>\n<\/blockquote>\n\n\n\n<p><\/p>\n\n\n\n<h2 class=\"wp-block-heading\"><span class=\"ez-toc-section\" id=\"Pourquoi_les_etablissements_scolaires_constituent-ils_une_priorite_pour_S_P_France\"><\/span><strong>Pourquoi les \u00e9tablissements scolaires constituent-ils une priorit\u00e9 pour S&amp;P France&nbsp;?<\/strong><span class=\"ez-toc-section-end\"><\/span><\/h2>\n\n\n\n<p><strong>Pierre-Henry Dandurand&nbsp;:<\/strong> La raison est simple&nbsp;: <a href=\"https:\/\/www.solerpalau.com\/blog\/fr-fr\/ventilation-ecoles-sante-reglementation\/\" target=\"_blank\" rel=\"noreferrer noopener\">nos enfants passent 90% de leur temps \u00e0 l\u2019int\u00e9rieur des salles de classe, dont l\u2019air est consid\u00e9rablement pollu\u00e9<\/a>. Le d\u00e9cret n\u00b0 2022-1689 impose depuis janvier 2023 des mesures strictes de surveillance de la qualit\u00e9 de l&rsquo;air int\u00e9rieur dans les \u00e9tablissements scolaires. Or, aujourd\u2019hui, ouvrir les fen\u00eatres pour a\u00e9rer n\u2019est plus une solution viable face aux enjeux \u00e9nerg\u00e9tiques et sanitaires. Et puis chauffer les cours de r\u00e9cr\u00e9ation en ouvrant les fen\u00eatres toutes les 15 minutes n\u2019est pas plus une solution pour la plan\u00e8te que pour nos portefeuilles. Notre enjeu est d&rsquo;\u00e9quiper un maximum d&rsquo;\u00e9coles avec PURECLASS, notre solution de ventilation double-flux d\u00e9centralis\u00e9e, qui assure un renouvellement optimal de l&rsquo;air tout en r\u00e9duisant les d\u00e9perditions \u00e9nerg\u00e9tiques. PURECLASS a d\u00e9j\u00e0 re\u00e7u 4 prix prestigieux depuis son lancement fin 2024, dont l\u2019European Product Design Award. Nous souhaitons l\u2019implanter massivement en 2025 car nous sommes convaincus de son int\u00e9r\u00eat pour am\u00e9liorer la qualit\u00e9 de l\u2019air dans les \u00e9coles et les b\u00e2timents recevant du public, tout en \u00e9tant simple d\u2019installation pour les professionnels ou m\u00eame pour les \u00e9quipes techniques de beaucoup de collectivit\u00e9s.<\/p>\n\n\n\n<figure class=\"wp-block-gallery has-nested-images columns-default is-cropped wp-block-gallery-1 is-layout-flex wp-block-gallery-is-layout-flex\">\n<figure class=\"wp-block-image size-full\"><img loading=\"lazy\" decoding=\"async\" width=\"960\" height=\"636\" data-id=\"5521\" src=\"https:\/\/www.solerpalau.com\/blog\/fr-fr\/wp-content\/uploads\/sites\/2\/2025\/07\/Ventilacio\u0301n-con-recuperacio\u0301n-de-energi\u0301a-en-colegios-SP.jpg\" alt=\"\" class=\"wp-image-5521\"\/><\/figure>\n<\/figure>\n\n\n\n<h2 class=\"wp-block-heading\"><span class=\"ez-toc-section\" id=\"Quels_moyens_comptez-vous_deployer_pour_mener_a_bien_cet_axe_fort\"><\/span><strong>Quels moyens comptez-vous d\u00e9ployer pour mener \u00e0 bien cet axe fort&nbsp;?<\/strong><span class=\"ez-toc-section-end\"><\/span><\/h2>\n\n\n\n<p><strong>Pierre-Henry Dandurand&nbsp;:<\/strong> Nous avons d\u00e9cid\u00e9 de renforcer notre \u00e9quipe de prescription, avec la cr\u00e9ation d\u2019un v\u00e9ritable p\u00f4le d\u00e9di\u00e9, propre \u00e0 S&amp;P France. L\u2019un des points forts de S&amp;P est d\u2019avoir toujours privil\u00e9gi\u00e9 les aspects techniques pour proposer les solutions de syst\u00e8mes de ventilation les plus adapt\u00e9es \u00e0 nos clients, que ce soit en termes d\u2019efficacit\u00e9, d\u2019\u00e9conomie d\u2019\u00e9nergie, de facilit\u00e9 de pose, d\u2019utilisation ou de contraintes acoustiques par exemple.<\/p>\n\n\n\n<blockquote class=\"wp-block-quote is-layout-flow wp-block-quote-is-layout-flow\">\n<p><strong>\u00ab&nbsp;5 embauches pour cr\u00e9er un p\u00f4le de prescription fort&nbsp;\u00bb<\/strong><br><\/p>\n<\/blockquote>\n\n\n\n<h2 class=\"wp-block-heading\"><span class=\"ez-toc-section\" id=\"Concretement_comment_est-ce_que_cela_se_traduit\"><\/span><strong>Concr\u00e8tement, comment est-ce que cela se traduit&nbsp;?<\/strong><span class=\"ez-toc-section-end\"><\/span><\/h2>\n\n\n\n<p><strong>Pierre-Henry Dandurand&nbsp;:<\/strong> Nous embauchons cette ann\u00e9e 5 nouveaux prescripteurs \u2013 id\u00e9alement un par zone r\u00e9gionale \u2013 qui auront pour missions d\u2019\u00eatre au plus pr\u00e8s de donneurs d\u2019ordres comme les installateurs, les bureaux d\u2019\u00e9tude, les architectes, clients finaux, mais aussi des distributeurs et des collectivit\u00e9s.&nbsp;<\/p>\n\n\n\n<p>De plus, nous nous dotons d\u2019un poste de directeur marketing, qui rejoindra notre comit\u00e9 de direction, afin de muscler notre strat\u00e9gie commerciale. Il aura pour but notamment de travailler davantage sur l\u2019omnicanalit\u00e9, Gr\u00e2ce ce renforcement, S&amp;P France passera la barre symbolique des 100 collaborateurs cette ann\u00e9e&nbsp;!<\/p>\n\n\n\n<p><\/p>\n\n\n\n<h2 class=\"wp-block-heading\"><span class=\"ez-toc-section\" id=\"Et_linnovation_reste_un_pilier_de_votre_developpement%E2%80%A6\"><\/span><strong>Et l\u2019innovation reste un pilier de votre d\u00e9veloppement\u2026<\/strong><span class=\"ez-toc-section-end\"><\/span><\/h2>\n\n\n\n<p><strong>Pierre-Henry Dandurand&nbsp;:<\/strong> Plus que jamais&nbsp;! Et ce en compl\u00e9ment de <a href=\"https:\/\/www.solerpalau.com\/blog\/fr-fr\/pureclass-air-exempt-particules-enseignement-bureaux\/\" target=\"_blank\" rel=\"noreferrer noopener\">PURECLASS<\/a>, de notre solution de <a href=\"https:\/\/www.solerpalau.com\/blog\/fr-fr\/octeo-la-vmc-simple-flux-derniere-generation-de-soler-palau-france\/\" target=\"_blank\" rel=\"noreferrer noopener\">VMC simple-flux OCTEO<\/a> et celle en <a href=\"https:\/\/www.solerpalau.com\/blog\/fr-fr\/vmc-double-flux-domeo-evo\/\" target=\"_blank\" rel=\"noreferrer noopener\">double-flux DOMEO-EVO<\/a>. Il s\u2019agit de notre syst\u00e8me de traitement de l\u2019humidit\u00e9 par insufflation, baptis\u00e9 PULSIVE FLAT. Cette technologie innovante permet d\u2019introduire de l\u2019air neuf filtr\u00e9 en cr\u00e9ant une l\u00e9g\u00e8re surpression dans l\u2019habitat, \u00e9vitant ainsi l\u2019infiltration des polluants et allerg\u00e8nes ext\u00e9rieurs. PULSIVE FLAT s\u2019impose comme une alternative performante pour les projets de r\u00e9novation o\u00f9 l\u2019installation d\u2019une VMC classique s\u2019av\u00e8re trop complexe, voire impossible. Comme son nom l\u2019indique, cette solution est \u00e9galement compacte et toujours facile d\u2019installation. Ce syst\u00e8me contribue \u00e0 am\u00e9liorer la qualit\u00e9 de l\u2019air int\u00e9rieur tout en optimisant la performance \u00e9nerg\u00e9tique des b\u00e2timents. C\u2019est le fruit du d\u00e9veloppement interne de nos produits qui est cher \u00e0 S&amp;P.<\/p>\n\n\n\n<blockquote class=\"wp-block-quote is-layout-flow wp-block-quote-is-layout-flow\">\n<p><strong>\u00ab&nbsp;R\u00e9pondre aux besoins du march\u00e9 gr\u00e2ce \u00e0 notre savoir-faire unique de fabricant&nbsp;\u00bb<\/strong><\/p>\n<\/blockquote>\n\n\n\n<div style=\"height:30px\" aria-hidden=\"true\" class=\"wp-block-spacer\"><\/div>\n\n\n\n<div class=\"hs-web-interactive-inline\" style=\"\" data-hubspot-wrapper-cta-id=\"188200358221\"> \n <style data-hubspot-cta-style=\"hs-inline-web-interactive-188200358221\">\n\n  a.hs-inline-web-interactive-188200358221link {\n    text-decoration:none;\n  }\n\n  a.hs-inline-web-interactive-188200358221hover {\n    text-decoration:none;\n  }\n\n<\/style> \n <a href=\"https:\/\/cta-service-cms2.hubspot.com\/web-interactives\/public\/v1\/track\/click?encryptedPayload=AVxigLJHO1XVVqdXUIlxK5u9N5HWrs8tY%2BHESAMGsPxyXtVcqIx6Quav%2FhN9vz5ZZYwROe7Iq8PKpTHpzosTc4kYMofySgjh4TqstYotOzFWUBTgNImLVzsIcGLTktvadh8AI%2BkRokOf7heYSJqzSGZocTob32ORaTm90ecdf7RmJ%2B%2FoWR9HXZ%2Be9X%2FPLLL19KaSGFW87mnzZ4IW7sE4D21UGTOM8%2FVFNpE%3D&amp;portalId=2009592\" target=\"_blank\" rel=\"noopener\" class=\"hs-inline-web-interactive-188200358221   \" data-hubspot-cta-id=\"188200358221\"> \n  <div style=\"font-size: 18px; text-align: center;\">\n   <span style=\"color: #ce1a1a; font-family: Arial, Helvetica, sans-serif;\"><strong>NOUVEL EBOOK | <\/strong>Rapport technique sur la ventilation dans les \u00e9coles et les centres \u00e9ducatifs<strong> [TELECHARGEMENT GRATUIT]<\/strong><\/span>\n  <\/div> <\/a> \n<\/div>\n\n\n\n<div style=\"height:30px\" aria-hidden=\"true\" class=\"wp-block-spacer\"><\/div>\n\n\n\n<h2 class=\"wp-block-heading\"><span class=\"ez-toc-section\" id=\"Justement_quelles_autres_nouveautes_faut-il_attendre_chez_S_P_France_cette_annee\"><\/span><strong>Justement, quelles autres nouveaut\u00e9s faut-il attendre chez S&amp;P France cette ann\u00e9e&nbsp;?<\/strong><span class=\"ez-toc-section-end\"><\/span><\/h2>\n\n\n\n<p><strong>Pierre-Henry Dandurand&nbsp;:<\/strong> Notre atout majeur, c\u2019est notre groupe Soler &amp; Palau qui dispose d\u2019une force de frappe en R&amp;D unique. Soler &amp; Palau qui emploie 7&nbsp;000 personnes dans le monde et \u00e0 franchit la barre du milliard d\u2019euros de chiffre d\u2019affaires cette ann\u00e9e. La force du groupe est notre savoir-faire de fabricant et sa fiabilit\u00e9, gr\u00e2ce notamment \u00e0 nos 5 centres de recherche et d\u00e9veloppement dont l\u2019un est situ\u00e9 en Catalogne, \u00e0 proximit\u00e9 des usines pyr\u00e9n\u00e9ennes de S&amp;P. Essais \u00e9lectriques, climatiques, thermiques, acoustiques ou a\u00e9rauliques, nous disposons en interne de toutes les technologies de pointe et reconnues par de nombreux organismes d\u2019accr\u00e9ditations. Et effectivement, les d\u00e9veloppements en cours sont nombreux, mais je ne peux encore rien vous dire&nbsp;!<\/p>\n\n\n\n<h2 class=\"wp-block-heading\"><span class=\"ez-toc-section\" id=\"Reste_que_votre_leitmotiv_demeure_inchange_preuve_en_est_avec_la_certification_EcoVadis_Gold_que_vous_avez_obtenue%E2%80%A6\"><\/span><strong>Reste que votre leitmotiv demeure inchang\u00e9, preuve en est avec la certification EcoVadis Gold que vous avez obtenue&#8230;<\/strong><span class=\"ez-toc-section-end\"><\/span><\/h2>\n\n\n\n<p><strong>Pierre-Henry Dandurand&nbsp;:<\/strong> Absolument. Notre obsession reste la m\u00eame&nbsp;: toujours r\u00e9pondre aux besoins des installateurs et des particuliers, avec des produits toujours plus esth\u00e9tiques, plus int\u00e9gr\u00e9s, et dont la consommation \u00e9nerg\u00e9tique est consid\u00e9rablement r\u00e9duite par rapport aux produits concurrents. C\u2019est une vraie fiert\u00e9 pour S&amp;P France et toutes ses \u00e9quipes de faire d\u00e9sormais partie des 3% des entreprises les plus vertueuses en mati\u00e8re de RSE. Que ce soit sur l\u2019environnement, l\u2019\u00e9thique, nos achats responsables ou l\u2019aspect social et droits humains, nous savons relever les d\u00e9fis&nbsp;!<\/p>\n\n\n\n<blockquote class=\"wp-block-quote is-layout-flow wp-block-quote-is-layout-flow\">\n<p><strong>\u00ab&nbsp;Notre ambition&nbsp;? \u00catre le r\u00e9f\u00e9rent des syst\u00e8mes de ventilation en France&nbsp;!&nbsp;\u00bb<\/strong><\/p>\n<\/blockquote>\n\n\n\n<h2 class=\"wp-block-heading\"><span class=\"ez-toc-section\" id=\"Vous_prevoyez_egalement_une_transformation_digitale\"><\/span><strong>Vous pr\u00e9voyez \u00e9galement une transformation digitale&nbsp;?<\/strong><span class=\"ez-toc-section-end\"><\/span><\/h2>\n\n\n\n<p><strong>Pierre-Henry Dandurand&nbsp;:<\/strong> Oui, avec l\u2019adoption d\u2019un nouvel ERP <em>(enterprise ressource planning, NDLR)<\/em> au premier semestre 2025. Une fois ce beau chantier finalis\u00e9, nous souhaitons initier un programme autour de l\u2019intelligence artificielle. Nous souhaitons identifier les processus pour lesquels elle peut nous faire gagner du temps et apporter de la valeur ajout\u00e9e \u00e0 nos \u00e9quipes, avec des outils plus performants.<\/p>\n\n\n\n<h2 class=\"wp-block-heading\"><span class=\"ez-toc-section\" id=\"Pour_conclure_quelle_feuille_de_route_donnez-vous_a_S_P_France_pour_les_annees_a_venir\"><\/span><strong>Pour conclure, quelle feuille de route donnez-vous \u00e0 S&amp;P France pour les ann\u00e9es \u00e0 venir&nbsp;?<\/strong><span class=\"ez-toc-section-end\"><\/span><\/h2>\n\n\n\n<p><strong>Pierre-Henry Dandurand&nbsp;:<\/strong> Notre ambition, c\u2019est de continuer de s\u2019inscrire comme une r\u00e9f\u00e9rence pour les syst\u00e8mes de ventilation en France. Nous avons le savoir-faire, nous devons le faire savoir. Cela implique des investissements cibl\u00e9s, comme le d\u00e9veloppement de nouvelles gammes de produits, la modernisation de nos outils et une expansion vers de nouveaux segments de march\u00e9s. Investir dans la ventilation et la qualit\u00e9 de l\u2019air int\u00e9rieur, c\u2019est d\u2019une part faire des \u00e9conomies d\u2019\u00e9nergie et donc financi\u00e8res, mais d\u2019autre part mieux pr\u00e9server notre sant\u00e9&nbsp;tout en pr\u00e9servant notre plan\u00e8te et notre environnement !<\/p>\n\n\n\n<div class=\"hs-cta-embed hs-cta-simple-placeholder hs-cta-embed-174390810385\"\n  style=\"max-width:100%; max-height:100%; width:651px;height:311.19793701171875px\" data-hubspot-wrapper-cta-id=\"174390810385\">\n  <a href=\"https:\/\/cta-service-cms2.hubspot.com\/web-interactives\/public\/v1\/track\/redirect?encryptedPayload=AVxigLJsteZNaTz0VDq734Ph4eBO20W0YkXTWskBU5XbOR60hrmGxz%2F3%2BR1FYCwzTGckXG3HeSDkNywbjYsshuSyNhrE2NdvpJg7YWP%2BlGP8wJrRzUKvbbgNxNN6yyAP1Xyq1QzBHIiWizFHKuBOKXAgIMDYLunbyzrEUhx%2BfaVltwzmPW%2F17ZHg4b0CydfBfkC7edSaPq9fcpWNTtgdU%2F4%3D&#038;webInteractiveContentId=174390810385&#038;portalId=2009592\" target=\"_blank\" rel=\"noopener\" crossorigin=\"anonymous\">\n    <img decoding=\"async\" alt=\"&Eacute;QUIPE COMMERCIALE\" loading=\"lazy\" src=\"https:\/\/no-cache.hubspot.com\/cta\/default\/2009592\/interactive-174390810385.png\" style=\"height: 100%; width: 100%; object-fit: fill\"\n      onerror=\"this.style.display='none'\" \/>\n  <\/a>\n<\/div>\n","protected":false},"excerpt":{"rendered":"<p>Pierre-Henry Dandurand, DG de S&#038;P France, place la qualit\u00e9 de l\u2019air int\u00e9rieur au c\u0153ur des priorit\u00e9s 2025 avec des solutions innovantes pour les ERP.<\/p>\n","protected":false},"author":10,"featured_media":5520,"comment_status":"closed","ping_status":"closed","sticky":false,"template":"","format":"standard","meta":{"_acf_changed":false,"footnotes":""},"categories":[27],"tags":[],"class_list":["post-5519","post","type-post","status-publish","format-standard","has-post-thumbnail","hentry","category-actualite"],"acf":[],"yoast_head":"<!-- This site is optimized with the Yoast SEO plugin v26.1 - https:\/\/yoast.com\/wordpress\/plugins\/seo\/ -->\n<title>Qualit\u00e9 de l&#039;air int\u00e9rieur dans les \u00e9coles : pourquoi c&#039;est urgent d&#039;agir en 2025 | S&amp;P<\/title>\n<meta name=\"description\" content=\"D\u00e9couvrez pourquoi la qualit\u00e9 de l&#039;air int\u00e9rieur dans les \u00e9coles est devenue une priorit\u00e9 sanitaire. Solutions de ventilation efficaces pour prot\u00e9ger la sant\u00e9 des enfants et am\u00e9liorer leurs performances scolaires. Guide complet 2025.\" \/>\n<meta name=\"robots\" content=\"index, follow, max-snippet:-1, max-image-preview:large, max-video-preview:-1\" \/>\n<link rel=\"canonical\" href=\"https:\/\/www.solerpalau.com\/blog\/fr-fr\/sp-france-qualite-air-interieur-ecoles-2025\/\" \/>\n<meta property=\"og:locale\" content=\"fr_FR\" \/>\n<meta property=\"og:type\" content=\"article\" \/>\n<meta property=\"og:title\" content=\"Qualit\u00e9 de l&#039;air int\u00e9rieur dans les \u00e9coles : pourquoi c&#039;est urgent d&#039;agir en 2025 | S&amp;P\" \/>\n<meta property=\"og:description\" content=\"D\u00e9couvrez pourquoi la qualit\u00e9 de l&#039;air int\u00e9rieur dans les \u00e9coles est devenue une priorit\u00e9 sanitaire. Solutions de ventilation efficaces pour prot\u00e9ger la sant\u00e9 des enfants et am\u00e9liorer leurs performances scolaires. Guide complet 2025.\" \/>\n<meta property=\"og:url\" content=\"https:\/\/www.solerpalau.com\/blog\/fr-fr\/sp-france-qualite-air-interieur-ecoles-2025\/\" \/>\n<meta property=\"og:site_name\" content=\"S&amp;P Syst\u00e8mes de Ventilation\" \/>\n<meta property=\"article:published_time\" content=\"2025-06-18T08:02:01+00:00\" \/>\n<meta property=\"article:modified_time\" content=\"2025-07-21T13:02:07+00:00\" \/>\n<meta property=\"og:image\" content=\"https:\/\/www.solerpalau.com\/blog\/fr-fr\/wp-content\/uploads\/sites\/2\/2025\/07\/Photo-verre-pollue\u0301-verre-propre.jpg\" \/>\n\t<meta property=\"og:image:width\" content=\"960\" \/>\n\t<meta property=\"og:image:height\" content=\"636\" \/>\n\t<meta property=\"og:image:type\" content=\"image\/jpeg\" \/>\n<meta name=\"author\" content=\"S&amp;P\" \/>\n<meta name=\"twitter:card\" content=\"summary_large_image\" \/>\n<meta name=\"twitter:label1\" content=\"\u00c9crit par\" \/>\n\t<meta name=\"twitter:data1\" content=\"S&amp;P\" \/>\n\t<meta name=\"twitter:label2\" content=\"Dur\u00e9e de lecture estim\u00e9e\" \/>\n\t<meta name=\"twitter:data2\" content=\"9 minutes\" \/>\n<!-- \/ Yoast SEO plugin. -->","yoast_head_json":{"title":"Qualit\u00e9 de l'air int\u00e9rieur dans les \u00e9coles : pourquoi c'est urgent d'agir en 2025 | S&P","description":"D\u00e9couvrez pourquoi la qualit\u00e9 de l'air int\u00e9rieur dans les \u00e9coles est devenue une priorit\u00e9 sanitaire. Solutions de ventilation efficaces pour prot\u00e9ger la sant\u00e9 des enfants et am\u00e9liorer leurs performances scolaires. Guide complet 2025.","robots":{"index":"index","follow":"follow","max-snippet":"max-snippet:-1","max-image-preview":"max-image-preview:large","max-video-preview":"max-video-preview:-1"},"canonical":"https:\/\/www.solerpalau.com\/blog\/fr-fr\/sp-france-qualite-air-interieur-ecoles-2025\/","og_locale":"fr_FR","og_type":"article","og_title":"Qualit\u00e9 de l'air int\u00e9rieur dans les \u00e9coles : pourquoi c'est urgent d'agir en 2025 | S&P","og_description":"D\u00e9couvrez pourquoi la qualit\u00e9 de l'air int\u00e9rieur dans les \u00e9coles est devenue une priorit\u00e9 sanitaire. Solutions de ventilation efficaces pour prot\u00e9ger la sant\u00e9 des enfants et am\u00e9liorer leurs performances scolaires. Guide complet 2025.","og_url":"https:\/\/www.solerpalau.com\/blog\/fr-fr\/sp-france-qualite-air-interieur-ecoles-2025\/","og_site_name":"S&amp;P Syst\u00e8mes de Ventilation","article_published_time":"2025-06-18T08:02:01+00:00","article_modified_time":"2025-07-21T13:02:07+00:00","og_image":[{"width":960,"height":636,"url":"https:\/\/www.solerpalau.com\/blog\/fr-fr\/wp-content\/uploads\/sites\/2\/2025\/07\/Photo-verre-pollue\u0301-verre-propre.jpg","type":"image\/jpeg"}],"author":"S&amp;P","twitter_card":"summary_large_image","twitter_misc":{"\u00c9crit par":"S&amp;P","Dur\u00e9e de lecture estim\u00e9e":"9 minutes"},"schema":{"@context":"https:\/\/schema.org","@graph":[{"@type":"WebPage","@id":"https:\/\/www.solerpalau.com\/blog\/fr-fr\/sp-france-qualite-air-interieur-ecoles-2025\/","url":"https:\/\/www.solerpalau.com\/blog\/fr-fr\/sp-france-qualite-air-interieur-ecoles-2025\/","name":"Qualit\u00e9 de l'air int\u00e9rieur dans les \u00e9coles : pourquoi c'est urgent d'agir en 2025 | S&P","isPartOf":{"@id":"https:\/\/www.solerpalau.com\/blog\/fr-fr\/#website"},"primaryImageOfPage":{"@id":"https:\/\/www.solerpalau.com\/blog\/fr-fr\/sp-france-qualite-air-interieur-ecoles-2025\/#primaryimage"},"image":{"@id":"https:\/\/www.solerpalau.com\/blog\/fr-fr\/sp-france-qualite-air-interieur-ecoles-2025\/#primaryimage"},"thumbnailUrl":"https:\/\/www.solerpalau.com\/blog\/fr-fr\/wp-content\/uploads\/sites\/2\/2025\/07\/Photo-verre-pollue\u0301-verre-propre.jpg","datePublished":"2025-06-18T08:02:01+00:00","dateModified":"2025-07-21T13:02:07+00:00","author":{"@id":"https:\/\/www.solerpalau.com\/blog\/fr-fr\/#\/schema\/person\/a649fcc0fccdca5446ea2bc371ad5cb9"},"description":"D\u00e9couvrez pourquoi la qualit\u00e9 de l'air int\u00e9rieur dans les \u00e9coles est devenue une priorit\u00e9 sanitaire. Solutions de ventilation efficaces pour prot\u00e9ger la sant\u00e9 des enfants et am\u00e9liorer leurs performances scolaires. Guide complet 2025.","breadcrumb":{"@id":"https:\/\/www.solerpalau.com\/blog\/fr-fr\/sp-france-qualite-air-interieur-ecoles-2025\/#breadcrumb"},"inLanguage":"fr-FR","potentialAction":[{"@type":"ReadAction","target":["https:\/\/www.solerpalau.com\/blog\/fr-fr\/sp-france-qualite-air-interieur-ecoles-2025\/"]}]},{"@type":"ImageObject","inLanguage":"fr-FR","@id":"https:\/\/www.solerpalau.com\/blog\/fr-fr\/sp-france-qualite-air-interieur-ecoles-2025\/#primaryimage","url":"https:\/\/www.solerpalau.com\/blog\/fr-fr\/wp-content\/uploads\/sites\/2\/2025\/07\/Photo-verre-pollue\u0301-verre-propre.jpg","contentUrl":"https:\/\/www.solerpalau.com\/blog\/fr-fr\/wp-content\/uploads\/sites\/2\/2025\/07\/Photo-verre-pollue\u0301-verre-propre.jpg","width":960,"height":636,"caption":"Photo verre pollue\u0301 verre propre - S&P"},{"@type":"BreadcrumbList","@id":"https:\/\/www.solerpalau.com\/blog\/fr-fr\/sp-france-qualite-air-interieur-ecoles-2025\/#breadcrumb","itemListElement":[{"@type":"ListItem","position":1,"name":"Accueil","item":"https:\/\/www.solerpalau.com\/blog\/fr-fr\/"},{"@type":"ListItem","position":2,"name":"Pierre-Henry Dandurand, directeur g\u00e9n\u00e9ral de S&amp;P France\u00a0: \u00ab\u00a0La qualit\u00e9 de l\u2019air int\u00e9rieur des b\u00e2timents tertiaires est au c\u0153ur de nos priorit\u00e9s 2025\u00a0\u00bb"}]},{"@type":"WebSite","@id":"https:\/\/www.solerpalau.com\/blog\/fr-fr\/#website","url":"https:\/\/www.solerpalau.com\/blog\/fr-fr\/","name":"S&amp;P Syst\u00e8mes de Ventilation","description":"Le Blog de la Ventilation Efficace","potentialAction":[{"@type":"SearchAction","target":{"@type":"EntryPoint","urlTemplate":"https:\/\/www.solerpalau.com\/blog\/fr-fr\/?s={search_term_string}"},"query-input":{"@type":"PropertyValueSpecification","valueRequired":true,"valueName":"search_term_string"}}],"inLanguage":"fr-FR"},{"@type":"Person","@id":"https:\/\/www.solerpalau.com\/blog\/fr-fr\/#\/schema\/person\/a649fcc0fccdca5446ea2bc371ad5cb9","name":"S&amp;P","image":{"@type":"ImageObject","inLanguage":"fr-FR","@id":"https:\/\/www.solerpalau.com\/blog\/fr-fr\/#\/schema\/person\/image\/","url":"https:\/\/secure.gravatar.com\/avatar\/994644236667321375ba4d21a34a002e2bcfd7b33a114caa4c9dc488ece6c970?s=96&d=mm&r=g","contentUrl":"https:\/\/secure.gravatar.com\/avatar\/994644236667321375ba4d21a34a002e2bcfd7b33a114caa4c9dc488ece6c970?s=96&d=mm&r=g","caption":"S&amp;P"},"url":"https:\/\/www.solerpalau.com\/blog\/fr-fr\/author\/binaria\/"}]}},"reading_time":"<span class=\"span-reading-time rt-reading-time\"><span class=\"rt-label rt-prefix\"><\/span> <span class=\"rt-time\"> 6<\/span> <span class=\"rt-label rt-postfix\"> min. de lecture<\/span><\/span>","_links":{"self":[{"href":"https:\/\/www.solerpalau.com\/blog\/fr-fr\/wp-json\/wp\/v2\/posts\/5519","targetHints":{"allow":["GET"]}}],"collection":[{"href":"https:\/\/www.solerpalau.com\/blog\/fr-fr\/wp-json\/wp\/v2\/posts"}],"about":[{"href":"https:\/\/www.solerpalau.com\/blog\/fr-fr\/wp-json\/wp\/v2\/types\/post"}],"author":[{"embeddable":true,"href":"https:\/\/www.solerpalau.com\/blog\/fr-fr\/wp-json\/wp\/v2\/users\/10"}],"replies":[{"embeddable":true,"href":"https:\/\/www.solerpalau.com\/blog\/fr-fr\/wp-json\/wp\/v2\/comments?post=5519"}],"version-history":[{"count":1,"href":"https:\/\/www.solerpalau.com\/blog\/fr-fr\/wp-json\/wp\/v2\/posts\/5519\/revisions"}],"predecessor-version":[{"id":5569,"href":"https:\/\/www.solerpalau.com\/blog\/fr-fr\/wp-json\/wp\/v2\/posts\/5519\/revisions\/5569"}],"wp:featuredmedia":[{"embeddable":true,"href":"https:\/\/www.solerpalau.com\/blog\/fr-fr\/wp-json\/wp\/v2\/media\/5520"}],"wp:attachment":[{"href":"https:\/\/www.solerpalau.com\/blog\/fr-fr\/wp-json\/wp\/v2\/media?parent=5519"}],"wp:term":[{"taxonomy":"category","embeddable":true,"href":"https:\/\/www.solerpalau.com\/blog\/fr-fr\/wp-json\/wp\/v2\/categories?post=5519"},{"taxonomy":"post_tag","embeddable":true,"href":"https:\/\/www.solerpalau.com\/blog\/fr-fr\/wp-json\/wp\/v2\/tags?post=5519"}],"curies":[{"name":"wp","href":"https:\/\/api.w.org\/{rel}","templated":true}]}}