{"id":5528,"date":"2025-06-18T15:00:08","date_gmt":"2025-06-18T13:00:08","guid":{"rendered":"https:\/\/www.solerpalau.com\/blog\/fr-fr\/choisir-rehabilitation-remplacement-systeme-de-ventilation\/"},"modified":"2025-09-18T13:28:59","modified_gmt":"2025-09-18T11:28:59","slug":"choisir-rehabilitation-remplacement-systeme-de-ventilation","status":"publish","type":"post","link":"https:\/\/www.solerpalau.com\/blog\/fr-fr\/choisir-rehabilitation-remplacement-systeme-de-ventilation\/","title":{"rendered":"Comment choisir entre r\u00e9habilitation et remplacement complet d\u2019un syst\u00e8me de ventilation obsol\u00e8te"},"content":{"rendered":"\n<p>Lorsqu\u2019un syst\u00e8me de ventilation commence \u00e0 montrer des signes de vieillissement, la question se pose&nbsp;: faut-il le r\u00e9habiliter ou opter pour un remplacement total ? <strong>Cette d\u00e9cision technique requiert une analyse m\u00e9thodique et une vision \u00e0 long terme<\/strong>, particuli\u00e8rement dans le contexte actuel o\u00f9 performance \u00e9nerg\u00e9tique et qualit\u00e9 d\u2019air int\u00e9rieur sont devenues des priorit\u00e9s.<\/p><div id=\"ez-toc-container\" class=\"ez-toc-v2_0_76 counter-hierarchy ez-toc-counter ez-toc-custom ez-toc-container-direction\">\n<div class=\"ez-toc-title-container\">\n<p class=\"ez-toc-title\" style=\"cursor:inherit\">Table des mati\u00e8res<\/p>\n<span class=\"ez-toc-title-toggle\"><\/span><\/div>\n<nav><ul class='ez-toc-list ez-toc-list-level-1 ' ><li class='ez-toc-page-1 ez-toc-heading-level-2'><a class=\"ez-toc-link ez-toc-heading-1\" href=\"https:\/\/www.solerpalau.com\/blog\/fr-fr\/choisir-rehabilitation-remplacement-systeme-de-ventilation\/#Methodologie_daudit_et_diagnostic_dun_systeme_de_ventilation_existant\" >M\u00e9thodologie d\u2019audit et diagnostic d\u2019un syst\u00e8me de ventilation existant<\/a><\/li><li class='ez-toc-page-1 ez-toc-heading-level-2'><a class=\"ez-toc-link ez-toc-heading-2\" href=\"https:\/\/www.solerpalau.com\/blog\/fr-fr\/choisir-rehabilitation-remplacement-systeme-de-ventilation\/#Criteres_decisionnels_pour_une_analyse_objective\" >Crit\u00e8res d\u00e9cisionnels pour une analyse objective<\/a><\/li><li class='ez-toc-page-1 ez-toc-heading-level-2'><a class=\"ez-toc-link ez-toc-heading-3\" href=\"https:\/\/www.solerpalau.com\/blog\/fr-fr\/choisir-rehabilitation-remplacement-systeme-de-ventilation\/#Analyse_comparative_couts-benefices\" >Analyse comparative co\u00fbts-b\u00e9n\u00e9fices<\/a><\/li><li class='ez-toc-page-1 ez-toc-heading-level-2'><a class=\"ez-toc-link ez-toc-heading-4\" href=\"https:\/\/www.solerpalau.com\/blog\/fr-fr\/choisir-rehabilitation-remplacement-systeme-de-ventilation\/#Arbre_de_decision_outil_daide_au_choix_technique\" >Arbre de d\u00e9cision&nbsp;: outil d\u2019aide au choix technique<\/a><\/li><li class='ez-toc-page-1 ez-toc-heading-level-2'><a class=\"ez-toc-link ez-toc-heading-5\" href=\"https:\/\/www.solerpalau.com\/blog\/fr-fr\/choisir-rehabilitation-remplacement-systeme-de-ventilation\/#Etudes_de_cas_exemples_concrets_de_rehabilitation_et_de_remplacement\" >\u00c9tudes de cas&nbsp;: exemples concrets de r\u00e9habilitation et de remplacement<\/a><\/li><li class='ez-toc-page-1 ez-toc-heading-level-2'><a class=\"ez-toc-link ez-toc-heading-6\" href=\"https:\/\/www.solerpalau.com\/blog\/fr-fr\/choisir-rehabilitation-remplacement-systeme-de-ventilation\/#Orienter_votre_decision_technique_vers_la_solution_optimale\" >Orienter votre d\u00e9cision technique vers la solution optimale<\/a><\/li><\/ul><\/nav><\/div>\n\n\n\n\n<!--more-->\n\n\n\n<h2 class=\"wp-block-heading\"><span class=\"ez-toc-section\" id=\"Methodologie_daudit_et_diagnostic_dun_systeme_de_ventilation_existant\"><\/span><strong>M\u00e9thodologie d\u2019audit et diagnostic d\u2019un syst\u00e8me de ventilation existant<\/strong><span class=\"ez-toc-section-end\"><\/span><\/h2>\n\n\n\n<p>Avant toute d\u00e9cision, un diagnostic approfondi s\u2019impose. <strong>Plusieurs signes peuvent indiquer qu\u2019un syst\u00e8me de ventilation n\u00e9cessite une intervention<\/strong>&nbsp;:<\/p>\n\n\n\n<ul class=\"wp-block-list\">\n<li>Performance r\u00e9duite avec une qualit\u00e9 d\u2019air int\u00e9rieur d\u00e9grad\u00e9e<\/li>\n\n\n\n<li>Pr\u00e9sence d\u2019humidit\u00e9 excessive et condensation sur les surfaces froides<\/li>\n\n\n\n<li>Consommation \u00e9nerg\u00e9tique anormalement \u00e9lev\u00e9e<\/li>\n\n\n\n<li>Nuisances sonores accrues<\/li>\n\n\n\n<li>Difficult\u00e9s \u00e0 maintenir une temp\u00e9rature homog\u00e8ne<\/li>\n<\/ul>\n\n\n\n<p>Ces sympt\u00f4mes \u00e9taient clairement pr\u00e9sents dans le cas de C\u00e9dric Munschy, propri\u00e9taire d\u2019une<a href=\"https:\/\/www.solerpalau.com\/blog\/fr-fr\/confort-qualite-air-modernisation-ventilation-sp\/\" target=\"_blank\" rel=\"noreferrer noopener\"> maison ancienne en pis\u00e9 dans l\u2019Ouest lyonnais<\/a>&nbsp;: \u00ab&nbsp;Chaque matin en hiver, on retrouvait de la condensation sur les fen\u00eatres. <strong>Cette humidit\u00e9 constante se traduisait par une sensation de moiteur d\u00e9sagr\u00e9able<\/strong>, un froid qui persistait malgr\u00e9 le chauffage, et une chaleur \u00e9touffante en \u00e9t\u00e9.&nbsp;\u00bb<\/p>\n\n\n\n<h3 class=\"wp-block-heading\">Protocole d\u2019inspection et de tests<\/h3>\n\n\n\n<p>Un audit rigoureux doit comprendre&nbsp;:<\/p>\n\n\n\n<ul class=\"wp-block-list\">\n<li>Examen visuel de l\u2019ensemble des composants du syst\u00e8me<\/li>\n\n\n\n<li>Mesure des d\u00e9bits d\u2019air aux points d\u2019extraction et d\u2019insufflation<\/li>\n\n\n\n<li>Analyse de la <a href=\"https:\/\/www.oqai.fr\/fr\" target=\"_blank\" rel=\"noreferrer noopener\">qualit\u00e9 de l\u2019air int\u00e9rieur<\/a> (taux de CO2, COV, humidit\u00e9)<\/li>\n\n\n\n<li>Inspection des r\u00e9seaux de gaines (\u00e9tanch\u00e9it\u00e9, isolation)<\/li>\n\n\n\n<li><a href=\"https:\/\/www.cstb.fr\/\" target=\"_blank\" rel=\"noreferrer noopener\">V\u00e9rification de la conformit\u00e9 r\u00e9glementaire vis-\u00e0-vis des normes actuelles<\/a><\/li>\n<\/ul>\n\n\n\n<h2 class=\"wp-block-heading\"><span class=\"ez-toc-section\" id=\"Criteres_decisionnels_pour_une_analyse_objective\"><\/span>Crit\u00e8res d\u00e9cisionnels pour une analyse objective<span class=\"ez-toc-section-end\"><\/span><\/h2>\n\n\n\n<p>La prise de d\u00e9cision entre r\u00e9habilitation et remplacement doit s\u2019appuyer sur des crit\u00e8res pr\u00e9cis et mesurables, plut\u00f4t que sur des impressions subjectives.<\/p>\n\n\n\n<h3 class=\"wp-block-heading\">\u00c2ge et \u00e9tat du syst\u00e8me existant<\/h3>\n\n\n\n<p><strong>L\u2019\u00e2ge du syst\u00e8me constitue un premier indicateur, mais il n\u2019est pas le seul d\u00e9terminant<\/strong>. Comme l\u2019illustre l\u2019exp\u00e9rience de Cyril Paulin \u00e0 Clermont-Ferrand&nbsp;: \u00ab&nbsp;Ma femme et moi avons achet\u00e9 une maison des ann\u00e9es 70. Elle \u00e9tait rest\u00e9e inchang\u00e9e depuis sa construction&nbsp;: tout \u00e9tait d\u2019origine, que ce soit l\u2019\u00e9lectricit\u00e9, la plomberie ou l\u2019isolation.&nbsp;\u00bb Dans cette situation, <strong>le remplacement complet s\u2019est impos\u00e9<\/strong> comme la solution la plus adapt\u00e9e.<\/p>\n\n\n\n<p>En revanche, un syst\u00e8me plus r\u00e9cent pr\u00e9sentant des dysfonctionnements localis\u00e9s <strong>pourrait b\u00e9n\u00e9ficier d\u2019une simple r\u00e9habilitation<\/strong>.<\/p>\n\n\n\n<h3 class=\"wp-block-heading\">Performances \u00e9nerg\u00e9tiques et qualit\u00e9 d\u2019air obtenues<\/h3>\n\n\n\n<p>L\u2019\u00e9cart entre les performances actuelles et celles <strong>exig\u00e9es par les normes modernes <\/strong>constitue un crit\u00e8re d\u00e9terminant&nbsp;:<\/p>\n\n\n\n<ul class=\"wp-block-list\">\n<li>Si les performances peuvent \u00eatre am\u00e9lior\u00e9es par des interventions cibl\u00e9es, la r\u00e9habilitation sera privil\u00e9gi\u00e9e<\/li>\n\n\n\n<li>Si l\u2019\u00e9cart est trop important, le remplacement complet devient plus pertinent<\/li>\n<\/ul>\n\n\n\n<h3 class=\"wp-block-heading\">Compatibilit\u00e9 avec les normes actuelles<\/h3>\n\n\n\n<p><strong>La mise en conformit\u00e9 avec la r\u00e9glementation en vigueur<\/strong>, notamment la <a href=\"https:\/\/librairie.ademe.fr\/batiment\/1792-renovation-energetique-des-logements-etude-des-prix.html\" target=\"_blank\" rel=\"noreferrer noopener\">RE2020<\/a> (et sa mise \u00e0 jour de juin 2025), peut parfois n\u00e9cessiter des modifications substantielles qu\u2019une simple r\u00e9habilitation ne permettrait pas d\u2019atteindre.<\/p>\n\n\n\n<div style=\"height:30px\" aria-hidden=\"true\" class=\"wp-block-spacer\"><\/div>\n\n\n\n<!--HubSpot Call-to-Action Code --><span class=\"hs-cta-wrapper\" id=\"hs-cta-wrapper-ac73e051-3bd1-4d87-9bc3-8cd6645a02b1\"><span class=\"hs-cta-node hs-cta-ac73e051-3bd1-4d87-9bc3-8cd6645a02b1\" id=\"hs-cta-ac73e051-3bd1-4d87-9bc3-8cd6645a02b1\"><!--[if lte IE 8]><div id=\"hs-cta-ie-element\"><\/div><![endif]--><a href=\"https:\/\/cta-redirect.hubspot.com\/cta\/redirect\/2009592\/ac73e051-3bd1-4d87-9bc3-8cd6645a02b1\" ><img decoding=\"async\" class=\"hs-cta-img\" id=\"hs-cta-img-ac73e051-3bd1-4d87-9bc3-8cd6645a02b1\" style=\"border-width:0px;\" src=\"https:\/\/no-cache.hubspot.com\/cta\/default\/2009592\/ac73e051-3bd1-4d87-9bc3-8cd6645a02b1.png\"  alt=\"EBOOK: Quelle VMC et solutions de ventilation pour votre maison en 2024 ?  [T\u00e9l\u00e9chargez gratuitement]\"\/><\/a><\/span><script charset=\"utf-8\" src=\"https:\/\/js.hscta.net\/cta\/current.js\"><\/script><script type=\"text\/javascript\"> hbspt.cta.load(2009592, 'ac73e051-3bd1-4d87-9bc3-8cd6645a02b1', {\"useNewLoader\":\"true\",\"region\":\"na1\"}); <\/script><\/span><!-- end HubSpot Call-to-Action Code -->\n\n\n\n<div style=\"height:30px\" aria-hidden=\"true\" class=\"wp-block-spacer\"><\/div>\n\n\n\n<h2 class=\"wp-block-heading\"><span class=\"ez-toc-section\" id=\"Analyse_comparative_couts-benefices\"><\/span>Analyse comparative co\u00fbts-b\u00e9n\u00e9fices<span class=\"ez-toc-section-end\"><\/span><\/h2>\n\n\n\n<p>L\u2019aspect \u00e9conomique joue un r\u00f4le crucial dans la d\u00e9cision, mais doit \u00eatre envisag\u00e9 dans une perspective \u00e0 long terme.<\/p>\n\n\n\n<h3 class=\"wp-block-heading\">Investissement initial vs co\u00fbt global sur 10 ans<\/h3>\n\n\n\n<p>Une <strong>r\u00e9habilitation pr\u00e9sente g\u00e9n\u00e9ralement un co\u00fbt initial inf\u00e9rieur<\/strong>, mais peut engendrer des frais de maintenance plus \u00e9lev\u00e9s sur la dur\u00e9e. \u00c0 l\u2019inverse, un remplacement complet repr\u00e9sente un investissement plus cons\u00e9quent, mais offre souvent&nbsp;:<\/p>\n\n\n\n<ul class=\"wp-block-list\">\n<li>Une meilleure efficacit\u00e9 \u00e9nerg\u00e9tique<\/li>\n\n\n\n<li>Des co\u00fbts de maintenance r\u00e9duits<\/li>\n\n\n\n<li>Une dur\u00e9e de vie prolong\u00e9e<\/li>\n\n\n\n<li>Des<a href=\"https:\/\/www.solerpalau.com\/blog\/fr-fr\/garantie-7-ans-sur-tous-ses-produits-bestsellers\/\" target=\"_blank\" rel=\"noreferrer noopener\"> garanties constructeur \u00e9tendues<\/a><\/li>\n<\/ul>\n\n\n\n<p>Comme le souligne Cyril Paulin apr\u00e8s son <strong>exp\u00e9rience avec la VMC double-flux DOMEO<\/strong>&nbsp;: \u00ab&nbsp;La garantie constructeur de 3 ans est tr\u00e8s rassurante, tout comme la disponibilit\u00e9 des pi\u00e8ces d\u00e9tach\u00e9es.&nbsp;\u00bb De m\u00eame, C\u00e9dric Munschy appr\u00e9cie que son syst\u00e8me Pulsive Roof soit \u00ab&nbsp;garanti 7 ans, \u00e7a inspire confiance&nbsp;\u00bb.<\/p>\n\n\n\n<h3 class=\"wp-block-heading\">Impact sur la valeur du b\u00e2timent<\/h3>\n\n\n\n<p>Un <strong>syst\u00e8me de ventilation moderne et performant contribue significativement \u00e0 la valorisation d\u2019un bien immobilier<\/strong>, aspect non n\u00e9gligeable dans l\u2019\u00e9quation \u00e9conomique globale. Les syst\u00e8mes r\u00e9cents offrent des fonctionnalit\u00e9s avanc\u00e9es comme&nbsp;:<\/p>\n\n\n\n<ul class=\"wp-block-list\">\n<li>La r\u00e9cup\u00e9ration de chaleur<\/li>\n\n\n\n<li>La filtration de l\u2019air entrant<\/li>\n\n\n\n<li>La modulation automatique des d\u00e9bits<\/li>\n\n\n\n<li>La r\u00e9duction des nuisances sonores<\/li>\n<\/ul>\n\n\n\n<h2 class=\"wp-block-heading\"><span class=\"ez-toc-section\" id=\"Arbre_de_decision_outil_daide_au_choix_technique\"><\/span>Arbre de d\u00e9cision&nbsp;: outil d\u2019aide au choix technique<span class=\"ez-toc-section-end\"><\/span><\/h2>\n\n\n\n<p>Pour structurer la prise de d\u00e9cision, nous proposons un arbre d\u00e9cisionnel bas\u00e9 sur les crit\u00e8res les plus d\u00e9terminants&nbsp;:<\/p>\n\n\n\n<ol class=\"wp-block-list\">\n<li><strong>\u00c2ge du syst\u00e8me<\/strong>&nbsp;: &gt; 15 ans \u2192 Orientation vers le remplacement<\/li>\n\n\n\n<li><strong>\u00c9tat g\u00e9n\u00e9ral et maintenabilit\u00e9<\/strong>&nbsp;:\n<ul class=\"wp-block-list\">\n<li>Composants principaux d\u00e9grad\u00e9s \u2192 Remplacement<\/li>\n\n\n\n<li>Dysfonctionnements localis\u00e9s \u2192 R\u00e9habilitation possible<\/li>\n<\/ul>\n<\/li>\n\n\n\n<li><strong>Performance \u00e9nerg\u00e9tique<\/strong>&nbsp;:\n<ul class=\"wp-block-list\">\n<li>\u00c9cart &gt; 30&nbsp;% avec standards actuels \u2192 Remplacement recommand\u00e9<\/li>\n\n\n\n<li>\u00c9cart &lt; 30&nbsp;% \u2192 R\u00e9habilitation envisageable<\/li>\n<\/ul>\n<\/li>\n\n\n\n<li><strong>Contraintes d\u2019installation<\/strong>&nbsp;:\n<ul class=\"wp-block-list\">\n<li>Difficult\u00e9s majeures pour nouveau syst\u00e8me \u2192 Privil\u00e9gier la r\u00e9habilitation<\/li>\n\n\n\n<li>Installation simplifi\u00e9e possible \u2192 Remplacement \u00e0 consid\u00e9rer<\/li>\n<\/ul>\n<\/li>\n\n\n\n<li><strong>Budget disponible <\/strong>vs<strong> retour sur investissement<\/strong> attendu<\/li>\n<\/ol>\n\n\n\n<h2 class=\"wp-block-heading\"><span class=\"ez-toc-section\" id=\"Etudes_de_cas_exemples_concrets_de_rehabilitation_et_de_remplacement\"><\/span>\u00c9tudes de cas&nbsp;: exemples concrets de r\u00e9habilitation et de remplacement<span class=\"ez-toc-section-end\"><\/span><\/h2>\n\n\n\n<h3 class=\"wp-block-heading\">Cas de remplacement complet&nbsp;: maison individuelle des ann\u00e9es 70<\/h3>\n\n\n\n<p>Le premier cas que nous avons observ\u00e9 illustre parfaitement une situation o\u00f9 le remplacement complet s\u2019impose comme la solution optimale. Dans le cadre d\u2019une r\u00e9novation globale d\u2019une maison des ann\u00e9es 70 \u00e0 Clermont-Ferrand, l\u2019<strong>installation d\u2019une VMC double-flux DOMEO a permis une transformation notable du confort quotidien<\/strong>.<\/p>\n\n\n\n<p>Cette habitation, rest\u00e9e dans son \u00e9tat d\u2019origine depuis sa construction, n\u00e9cessitait une modernisation compl\u00e8te incluant l\u2019isolation, l\u2019\u00e9lectricit\u00e9 et le syst\u00e8me de chauffage. Le remplacement de l\u2019ancien syst\u00e8me de ventilation par une <strong>VMC double-flux a apport\u00e9 des b\u00e9n\u00e9fices imm\u00e9diats<\/strong>, notamment un confort thermique significativement am\u00e9lior\u00e9. La <strong>r\u00e9partition homog\u00e8ne de la chaleur<\/strong> en hiver et la limitation de l\u2019<strong>entr\u00e9e d\u2019air chaud<\/strong> en \u00e9t\u00e9 ont cr\u00e9\u00e9 un environnement beaucoup plus agr\u00e9able.Au-del\u00e0 de l\u2019aspect thermique, la filtration de l\u2019air entrant et le renouvellement constant de l\u2019air int\u00e9rieur ont consid\u00e9rablement am\u00e9lior\u00e9 la <a href=\"https:\/\/www.solerpalau.com\/blog\/fr-fr\/qualite-de-lair-interieure-quelles-reglementations-pour-votre-batiment\/\" target=\"_blank\" rel=\"noreferrer noopener\">qualit\u00e9 de l\u2019air,<\/a> aspect particuli\u00e8rement important dans une ville comme Clermont-Ferrand, o\u00f9 la pollution atmosph\u00e9rique peut \u00eatre probl\u00e9matique en raison de sa situation g\u00e9ographique en cuvette. Le syst\u00e8me s\u2019est \u00e9galement distingu\u00e9 par sa discr\u00e9tion sonore, s\u2019int\u00e9grant parfaitement au quotidien des occupants.<\/p>\n\n\n\n<h3 class=\"wp-block-heading\">Cas de solution adaptative&nbsp;: maison ancienne en pis\u00e9<\/h3>\n\n\n\n<p><strong>Le second exemple d\u00e9montre qu\u2019une approche cibl\u00e9e peut parfaitement r\u00e9pondre \u00e0 des probl\u00e9matiques sp\u00e9cifiques<\/strong>. Dans une maison ancienne en pis\u00e9 de l\u2019Ouest lyonnais, les probl\u00e8mes d\u2019humidit\u00e9 persistants exigeaient une solution adapt\u00e9e aux contraintes particuli\u00e8res de cette b\u00e2tisse traditionnelle.<\/p>\n\n\n\n<p><strong>La difficult\u00e9 principale r\u00e9sidait dans l\u2019impossibilit\u00e9 technique de faire passer des gaines<\/strong> au rez-de-chauss\u00e9e, limitation courante dans ce type de construction patrimoniale. La solution retenue fut l\u2019installation d\u2019un syst\u00e8me Pulsive Roof, sp\u00e9cifiquement con\u00e7u pour s\u2019adapter aux contraintes des b\u00e2timents anciens.<\/p>\n\n\n\n<p>L\u2019installation, r\u00e9alis\u00e9e en une demi-journ\u00e9e, a consist\u00e9 \u00e0 placer le syst\u00e8me dans les combles avec une bouche centrale dans le faux plafond, compl\u00e9t\u00e9e par des sorties d\u2019air sur les menuiseries existantes et la r\u00e9utilisation des anciennes bouches dans les pi\u00e8ces humides. Cette approche a minimis\u00e9 les interventions invasives tout en maximisant l\u2019efficacit\u00e9 du syst\u00e8me.<\/p>\n\n\n\n<p><strong>Les r\u00e9sultats obtenus sont particuli\u00e8rement probants<\/strong>&nbsp;: disparition quasi-totale de l\u2019humidit\u00e9, \u00e9limination de la condensation sur les fen\u00eatres des chambres, am\u00e9lioration significative de la qualit\u00e9 de l\u2019air et augmentation notable du confort thermique. Le syst\u00e8me int\u00e8gre \u00e9galement une batterie \u00e9lectrique qui temp\u00e8re automatiquement l\u2019air entrant trop froid en hiver, garantissant ainsi un confort optimal en toute saison. <a href=\"https:\/\/www.solerpalau.com\/blog\/fr-fr\/etudes-de-cas-systemes-de-ventilation-dans-les-maisons-renovees\/\" target=\"_blank\" rel=\"noreferrer noopener\">Ces deux exemples illustrent comment une analyse pr\u00e9cise des besoins et des contraintes sp\u00e9cifiques permet d\u2019identifier la solution la plus adapt\u00e9e,<\/a> qu\u2019il s\u2019agisse d\u2019un remplacement complet ou d\u2019une solution alternative cibl\u00e9e. Dans les deux cas, le r\u00e9sultat est une transformation significative du confort quotidien, une am\u00e9lioration de la <a href=\"https:\/\/www.oqai.fr\/fr\" target=\"_blank\" rel=\"noreferrer noopener\">qualit\u00e9 de l\u2019air int\u00e9rieur<\/a> et une optimisation des performances \u00e9nerg\u00e9tiques du b\u00e2timent.<\/p>\n\n\n\n<h2 class=\"wp-block-heading\"><span class=\"ez-toc-section\" id=\"Orienter_votre_decision_technique_vers_la_solution_optimale\"><\/span>Orienter votre d\u00e9cision technique vers la solution optimale<span class=\"ez-toc-section-end\"><\/span><\/h2>\n\n\n\n<p>Le choix entre r\u00e9habilitation et remplacement d\u2019un syst\u00e8me de ventilation obsol\u00e8te d\u00e9pend d\u2019une <strong>analyse technique approfondie <\/strong>et d\u2019une vision \u00e0 long terme. Si une r\u00e9habilitation peut sembler \u00e9conomiquement avantageuse \u00e0 court terme, un remplacement complet offre g\u00e9n\u00e9ralement des <strong>b\u00e9n\u00e9fices sup\u00e9rieurs en termes de performance, de confort et de valorisation du b\u00e2timent<\/strong>.<\/p>\n\n\n\n<p>Dans tous les cas, cette d\u00e9cision technique doit \u00eatre prise en consid\u00e9rant l\u2019ensemble des param\u00e8tres sp\u00e9cifiques \u00e0 chaque situation&nbsp;: <strong>type de b\u00e2timent, besoins des occupants, contraintes d\u2019installation et objectifs de performance<\/strong>. Comme le montrent les exemples cit\u00e9s, une solution adapt\u00e9e peut transformer significativement le confort quotidien et la qualit\u00e9 de vie des occupants.<\/p>\n\n\n\n<p><a href=\"https:\/\/info.solerpalau.com\/fr-fr\/conseils-techniques-ventilation\" target=\"_blank\" rel=\"noreferrer noopener\">Notre \u00e9quipe technique de Soler &amp; Palau est \u00e0 votre disposition<\/a> pour r\u00e9aliser un diagnostic complet de votre installation existante et vous recommander la solution la plus adapt\u00e9e \u00e0 votre situation particuli\u00e8re.<\/p>\n\n\n\n<div class=\"hs-cta-embed hs-cta-simple-placeholder hs-cta-embed-179808785843\"\n  style=\"max-width:100%; max-height:100%; width:650px;height:311.9921875px\" data-hubspot-wrapper-cta-id=\"179808785843\">\n  <a href=\"https:\/\/cta-service-cms2.hubspot.com\/web-interactives\/public\/v1\/track\/redirect?encryptedPayload=AVxigLIX3Die3e81RPstADARNRmYKlnYWitOHyLZItgc1ND8%2BkRRydwDot%2Bc%2F%2FzPog1DDLvshCtaMRuRs0OnXjm7TDT5tah46%2FJwEOdmDK4BwSzSpLjws86%2B%2B%2BOrX%2BGo8dHehlt0NDn2nlhuy9pi70D6RA0hZSo4vizvz9jXpC6jeBQ24Yfbk6LW2fF%2BZSplujE%2B9xThFGDGlo9j59s%3D&#038;webInteractiveContentId=179808785843&#038;portalId=2009592\" target=\"_blank\" rel=\"noopener\" crossorigin=\"anonymous\">\n    <img decoding=\"async\" alt=\"T&eacute;l&eacute;chargez vos plans&nbsp;de projet\" loading=\"lazy\" src=\"https:\/\/no-cache.hubspot.com\/cta\/default\/2009592\/interactive-179808785843.png\" style=\"height: 100%; width: 100%; object-fit: fill\"\n      onerror=\"this.style.display='none'\" \/>\n  <\/a>\n<\/div>\n","protected":false},"excerpt":{"rendered":"<p>Lorsqu\u2019un syst\u00e8me de ventilation commence \u00e0 montrer des signes de vieillissement, la question se pose&nbsp;: faut-il le r\u00e9habiliter ou opter pour un remplacement total ? Cette d\u00e9cision technique requiert une analyse m\u00e9thodique et une vision \u00e0 long terme, particuli\u00e8rement dans le contexte actuel o\u00f9 performance \u00e9nerg\u00e9tique et qualit\u00e9 d\u2019air int\u00e9rieur sont devenues des priorit\u00e9s.<\/p>\n","protected":false},"author":10,"featured_media":5529,"comment_status":"closed","ping_status":"closed","sticky":false,"template":"","format":"standard","meta":{"_acf_changed":false,"footnotes":""},"categories":[26],"tags":[],"class_list":["post-5528","post","type-post","status-publish","format-standard","has-post-thumbnail","hentry","category-ventilation-vmc"],"acf":[],"yoast_head":"<!-- This site is optimized with the Yoast SEO plugin v26.1 - https:\/\/yoast.com\/wordpress\/plugins\/seo\/ -->\n<title>R\u00e9habilitation vs remplacement d&#039;un syst\u00e8me de ventilation | S&amp;P<\/title>\n<meta name=\"description\" content=\"R\u00e9habilitation ou remplacement de votre syst\u00e8me de ventilation ? D\u00e9couvrez notre m\u00e9thodologie d&#039;audit et les crit\u00e8res techniques pour faire le bon choix.\" \/>\n<meta name=\"robots\" content=\"index, follow, max-snippet:-1, max-image-preview:large, max-video-preview:-1\" \/>\n<link rel=\"canonical\" href=\"https:\/\/www.solerpalau.com\/blog\/fr-fr\/choisir-rehabilitation-remplacement-systeme-de-ventilation\/\" \/>\n<meta property=\"og:locale\" content=\"fr_FR\" \/>\n<meta property=\"og:type\" content=\"article\" \/>\n<meta property=\"og:title\" content=\"R\u00e9habilitation vs remplacement d&#039;un syst\u00e8me de ventilation | S&amp;P\" \/>\n<meta property=\"og:description\" content=\"R\u00e9habilitation ou remplacement de votre syst\u00e8me de ventilation ? D\u00e9couvrez notre m\u00e9thodologie d&#039;audit et les crit\u00e8res techniques pour faire le bon choix.\" \/>\n<meta property=\"og:url\" content=\"https:\/\/www.solerpalau.com\/blog\/fr-fr\/choisir-rehabilitation-remplacement-systeme-de-ventilation\/\" \/>\n<meta property=\"og:site_name\" content=\"S&amp;P Syst\u00e8mes de Ventilation\" \/>\n<meta property=\"article:published_time\" content=\"2025-06-18T13:00:08+00:00\" \/>\n<meta property=\"article:modified_time\" content=\"2025-09-18T11:28:59+00:00\" \/>\n<meta property=\"og:image\" content=\"https:\/\/www.solerpalau.com\/blog\/fr-fr\/wp-content\/uploads\/sites\/2\/2025\/07\/systeme-de-ventilation-obsolete-min.png\" \/>\n\t<meta property=\"og:image:width\" content=\"1024\" \/>\n\t<meta property=\"og:image:height\" content=\"1024\" \/>\n\t<meta property=\"og:image:type\" content=\"image\/png\" \/>\n<meta name=\"author\" content=\"S&amp;P\" \/>\n<meta name=\"twitter:card\" content=\"summary_large_image\" \/>\n<meta name=\"twitter:label1\" content=\"\u00c9crit par\" \/>\n\t<meta name=\"twitter:data1\" content=\"S&amp;P\" \/>\n\t<meta name=\"twitter:label2\" content=\"Dur\u00e9e de lecture estim\u00e9e\" \/>\n\t<meta name=\"twitter:data2\" content=\"8 minutes\" \/>\n<!-- \/ Yoast SEO plugin. -->","yoast_head_json":{"title":"R\u00e9habilitation vs remplacement d'un syst\u00e8me de ventilation | S&P","description":"R\u00e9habilitation ou remplacement de votre syst\u00e8me de ventilation ? D\u00e9couvrez notre m\u00e9thodologie d'audit et les crit\u00e8res techniques pour faire le bon choix.","robots":{"index":"index","follow":"follow","max-snippet":"max-snippet:-1","max-image-preview":"max-image-preview:large","max-video-preview":"max-video-preview:-1"},"canonical":"https:\/\/www.solerpalau.com\/blog\/fr-fr\/choisir-rehabilitation-remplacement-systeme-de-ventilation\/","og_locale":"fr_FR","og_type":"article","og_title":"R\u00e9habilitation vs remplacement d'un syst\u00e8me de ventilation | S&P","og_description":"R\u00e9habilitation ou remplacement de votre syst\u00e8me de ventilation ? D\u00e9couvrez notre m\u00e9thodologie d'audit et les crit\u00e8res techniques pour faire le bon choix.","og_url":"https:\/\/www.solerpalau.com\/blog\/fr-fr\/choisir-rehabilitation-remplacement-systeme-de-ventilation\/","og_site_name":"S&amp;P Syst\u00e8mes de Ventilation","article_published_time":"2025-06-18T13:00:08+00:00","article_modified_time":"2025-09-18T11:28:59+00:00","og_image":[{"width":1024,"height":1024,"url":"https:\/\/www.solerpalau.com\/blog\/fr-fr\/wp-content\/uploads\/sites\/2\/2025\/07\/systeme-de-ventilation-obsolete-min.png","type":"image\/png"}],"author":"S&amp;P","twitter_card":"summary_large_image","twitter_misc":{"\u00c9crit par":"S&amp;P","Dur\u00e9e de lecture estim\u00e9e":"8 minutes"},"schema":{"@context":"https:\/\/schema.org","@graph":[{"@type":"WebPage","@id":"https:\/\/www.solerpalau.com\/blog\/fr-fr\/choisir-rehabilitation-remplacement-systeme-de-ventilation\/","url":"https:\/\/www.solerpalau.com\/blog\/fr-fr\/choisir-rehabilitation-remplacement-systeme-de-ventilation\/","name":"R\u00e9habilitation vs remplacement d'un syst\u00e8me de ventilation | S&P","isPartOf":{"@id":"https:\/\/www.solerpalau.com\/blog\/fr-fr\/#website"},"primaryImageOfPage":{"@id":"https:\/\/www.solerpalau.com\/blog\/fr-fr\/choisir-rehabilitation-remplacement-systeme-de-ventilation\/#primaryimage"},"image":{"@id":"https:\/\/www.solerpalau.com\/blog\/fr-fr\/choisir-rehabilitation-remplacement-systeme-de-ventilation\/#primaryimage"},"thumbnailUrl":"https:\/\/www.solerpalau.com\/blog\/fr-fr\/wp-content\/uploads\/sites\/2\/2025\/07\/systeme-de-ventilation-obsolete-min.png","datePublished":"2025-06-18T13:00:08+00:00","dateModified":"2025-09-18T11:28:59+00:00","author":{"@id":"https:\/\/www.solerpalau.com\/blog\/fr-fr\/#\/schema\/person\/a649fcc0fccdca5446ea2bc371ad5cb9"},"description":"R\u00e9habilitation ou remplacement de votre syst\u00e8me de ventilation ? D\u00e9couvrez notre m\u00e9thodologie d'audit et les crit\u00e8res techniques pour faire le bon choix.","breadcrumb":{"@id":"https:\/\/www.solerpalau.com\/blog\/fr-fr\/choisir-rehabilitation-remplacement-systeme-de-ventilation\/#breadcrumb"},"inLanguage":"fr-FR","potentialAction":[{"@type":"ReadAction","target":["https:\/\/www.solerpalau.com\/blog\/fr-fr\/choisir-rehabilitation-remplacement-systeme-de-ventilation\/"]}]},{"@type":"ImageObject","inLanguage":"fr-FR","@id":"https:\/\/www.solerpalau.com\/blog\/fr-fr\/choisir-rehabilitation-remplacement-systeme-de-ventilation\/#primaryimage","url":"https:\/\/www.solerpalau.com\/blog\/fr-fr\/wp-content\/uploads\/sites\/2\/2025\/07\/systeme-de-ventilation-obsolete-min.png","contentUrl":"https:\/\/www.solerpalau.com\/blog\/fr-fr\/wp-content\/uploads\/sites\/2\/2025\/07\/systeme-de-ventilation-obsolete-min.png","width":1024,"height":1024},{"@type":"BreadcrumbList","@id":"https:\/\/www.solerpalau.com\/blog\/fr-fr\/choisir-rehabilitation-remplacement-systeme-de-ventilation\/#breadcrumb","itemListElement":[{"@type":"ListItem","position":1,"name":"Accueil","item":"https:\/\/www.solerpalau.com\/blog\/fr-fr\/"},{"@type":"ListItem","position":2,"name":"Comment choisir entre r\u00e9habilitation et remplacement complet d\u2019un syst\u00e8me de ventilation obsol\u00e8te"}]},{"@type":"WebSite","@id":"https:\/\/www.solerpalau.com\/blog\/fr-fr\/#website","url":"https:\/\/www.solerpalau.com\/blog\/fr-fr\/","name":"S&amp;P Syst\u00e8mes de Ventilation","description":"Le Blog de la Ventilation Efficace","potentialAction":[{"@type":"SearchAction","target":{"@type":"EntryPoint","urlTemplate":"https:\/\/www.solerpalau.com\/blog\/fr-fr\/?s={search_term_string}"},"query-input":{"@type":"PropertyValueSpecification","valueRequired":true,"valueName":"search_term_string"}}],"inLanguage":"fr-FR"},{"@type":"Person","@id":"https:\/\/www.solerpalau.com\/blog\/fr-fr\/#\/schema\/person\/a649fcc0fccdca5446ea2bc371ad5cb9","name":"S&amp;P","image":{"@type":"ImageObject","inLanguage":"fr-FR","@id":"https:\/\/www.solerpalau.com\/blog\/fr-fr\/#\/schema\/person\/image\/","url":"https:\/\/secure.gravatar.com\/avatar\/994644236667321375ba4d21a34a002e2bcfd7b33a114caa4c9dc488ece6c970?s=96&d=mm&r=g","contentUrl":"https:\/\/secure.gravatar.com\/avatar\/994644236667321375ba4d21a34a002e2bcfd7b33a114caa4c9dc488ece6c970?s=96&d=mm&r=g","caption":"S&amp;P"},"url":"https:\/\/www.solerpalau.com\/blog\/fr-fr\/author\/binaria\/"}]}},"reading_time":"<span class=\"span-reading-time rt-reading-time\"><span class=\"rt-label rt-prefix\"><\/span> <span class=\"rt-time\"> 5<\/span> <span class=\"rt-label rt-postfix\"> min. de lecture<\/span><\/span>","_links":{"self":[{"href":"https:\/\/www.solerpalau.com\/blog\/fr-fr\/wp-json\/wp\/v2\/posts\/5528","targetHints":{"allow":["GET"]}}],"collection":[{"href":"https:\/\/www.solerpalau.com\/blog\/fr-fr\/wp-json\/wp\/v2\/posts"}],"about":[{"href":"https:\/\/www.solerpalau.com\/blog\/fr-fr\/wp-json\/wp\/v2\/types\/post"}],"author":[{"embeddable":true,"href":"https:\/\/www.solerpalau.com\/blog\/fr-fr\/wp-json\/wp\/v2\/users\/10"}],"replies":[{"embeddable":true,"href":"https:\/\/www.solerpalau.com\/blog\/fr-fr\/wp-json\/wp\/v2\/comments?post=5528"}],"version-history":[{"count":1,"href":"https:\/\/www.solerpalau.com\/blog\/fr-fr\/wp-json\/wp\/v2\/posts\/5528\/revisions"}],"predecessor-version":[{"id":5650,"href":"https:\/\/www.solerpalau.com\/blog\/fr-fr\/wp-json\/wp\/v2\/posts\/5528\/revisions\/5650"}],"wp:featuredmedia":[{"embeddable":true,"href":"https:\/\/www.solerpalau.com\/blog\/fr-fr\/wp-json\/wp\/v2\/media\/5529"}],"wp:attachment":[{"href":"https:\/\/www.solerpalau.com\/blog\/fr-fr\/wp-json\/wp\/v2\/media?parent=5528"}],"wp:term":[{"taxonomy":"category","embeddable":true,"href":"https:\/\/www.solerpalau.com\/blog\/fr-fr\/wp-json\/wp\/v2\/categories?post=5528"},{"taxonomy":"post_tag","embeddable":true,"href":"https:\/\/www.solerpalau.com\/blog\/fr-fr\/wp-json\/wp\/v2\/tags?post=5528"}],"curies":[{"name":"wp","href":"https:\/\/api.w.org\/{rel}","templated":true}]}}