{"id":5535,"date":"2025-06-27T13:10:02","date_gmt":"2025-06-27T11:10:02","guid":{"rendered":"https:\/\/www.solerpalau.com\/blog\/fr-fr\/ventilation-centralisee-ou-decentralisee-tertiaire\/"},"modified":"2025-09-18T13:31:03","modified_gmt":"2025-09-18T11:31:03","slug":"ventilation-centralisee-ou-decentralisee-tertiaire","status":"publish","type":"post","link":"https:\/\/www.solerpalau.com\/blog\/fr-fr\/ventilation-centralisee-ou-decentralisee-tertiaire\/","title":{"rendered":"Comment choisir entre ventilation centralis\u00e9e et d\u00e9centralis\u00e9e pour les projets tertiaires"},"content":{"rendered":"\n<p>La <strong>ventilation des b\u00e2timents tertiaires <\/strong>repr\u00e9sente un enjeu majeur pour garantir le confort des occupants, respecter les <strong>r\u00e9glementations en vigueur et optimiser l\u2019efficacit\u00e9 \u00e9nerg\u00e9tique<\/strong>. Face \u00e0 la diversit\u00e9 des configurations et des besoins sp\u00e9cifiques de ces espaces, deux approches principales s\u2019offrent aux concepteurs et ma\u00eetres d\u2019ouvrage&nbsp;: les <strong>syst\u00e8mes centralis\u00e9s et d\u00e9centralis\u00e9<\/strong>s. Chacune pr\u00e9sente des avantages et limites qui doivent \u00eatre \u00e9valu\u00e9s avec pr\u00e9cision pour faire le choix le plus adapt\u00e9 au projet. Dans cet article, nous analysons les <strong>caract\u00e9ristiques techniques, les crit\u00e8res de s\u00e9lection et les performances<\/strong> de ces deux approches pour vous aider \u00e0 prendre la meilleure d\u00e9cision pour vos projets tertiaires.<\/p><div id=\"ez-toc-container\" class=\"ez-toc-v2_0_76 counter-hierarchy ez-toc-counter ez-toc-custom ez-toc-container-direction\">\n<div class=\"ez-toc-title-container\">\n<p class=\"ez-toc-title\" style=\"cursor:inherit\">Table des mati\u00e8res<\/p>\n<span class=\"ez-toc-title-toggle\"><\/span><\/div>\n<nav><ul class='ez-toc-list ez-toc-list-level-1 ' ><li class='ez-toc-page-1 ez-toc-heading-level-2'><a class=\"ez-toc-link ez-toc-heading-1\" href=\"https:\/\/www.solerpalau.com\/blog\/fr-fr\/ventilation-centralisee-ou-decentralisee-tertiaire\/#Caracteristiques_techniques_des_systemes_centralises_et_decentralises\" >Caract\u00e9ristiques techniques des syst\u00e8mes centralis\u00e9s et d\u00e9centralis\u00e9s<\/a><\/li><li class='ez-toc-page-1 ez-toc-heading-level-2'><a class=\"ez-toc-link ez-toc-heading-2\" href=\"https:\/\/www.solerpalau.com\/blog\/fr-fr\/ventilation-centralisee-ou-decentralisee-tertiaire\/#Criteres_de_selection_adaptes_aux_batiments_tertiaires\" >Crit\u00e8res de s\u00e9lection adapt\u00e9s aux b\u00e2timents tertiaires<\/a><\/li><li class='ez-toc-page-1 ez-toc-heading-level-2'><a class=\"ez-toc-link ez-toc-heading-3\" href=\"https:\/\/www.solerpalau.com\/blog\/fr-fr\/ventilation-centralisee-ou-decentralisee-tertiaire\/#Analyse_comparative_des_performances\" >Analyse comparative des performances<\/a><\/li><li class='ez-toc-page-1 ez-toc-heading-level-2'><a class=\"ez-toc-link ez-toc-heading-4\" href=\"https:\/\/www.solerpalau.com\/blog\/fr-fr\/ventilation-centralisee-ou-decentralisee-tertiaire\/#Solutions_hybrides_quand_combiner_les_deux_approches\" >Solutions hybrides&nbsp;: quand combiner les deux approches<\/a><\/li><li class='ez-toc-page-1 ez-toc-heading-level-2'><a class=\"ez-toc-link ez-toc-heading-5\" href=\"https:\/\/www.solerpalau.com\/blog\/fr-fr\/ventilation-centralisee-ou-decentralisee-tertiaire\/#Tableau_daide_a_la_decision_selon_le_type_de_batiment_tertiaire\" >Tableau d\u2019aide \u00e0 la d\u00e9cision selon le type de b\u00e2timent tertiaire<\/a><\/li><li class='ez-toc-page-1 ez-toc-heading-level-2'><a class=\"ez-toc-link ez-toc-heading-6\" href=\"https:\/\/www.solerpalau.com\/blog\/fr-fr\/ventilation-centralisee-ou-decentralisee-tertiaire\/#Recommandations_pour_optimiser_votre_choix_de_ventilation\" >Recommandations pour optimiser votre choix de ventilation<\/a><\/li><\/ul><\/nav><\/div>\n\n\n\n\n<!--more-->\n\n\n\n<h2 class=\"wp-block-heading\"><span class=\"ez-toc-section\" id=\"Caracteristiques_techniques_des_systemes_centralises_et_decentralises\"><\/span>Caract\u00e9ristiques techniques des syst\u00e8mes centralis\u00e9s et d\u00e9centralis\u00e9s<span class=\"ez-toc-section-end\"><\/span><\/h2>\n\n\n\n<p><strong>Syst\u00e8mes centralis\u00e9s<\/strong><\/p>\n\n\n\n<p>Les <strong><a href=\"https:\/\/www.solerpalau.com\/blog\/fr-fr\/vmc-qualite-de-lair-et-efficacite-energetique-des-batiments\/\" target=\"_blank\" rel=\"noreferrer noopener\">syst\u00e8mes de ventilation centralis\u00e9s<\/a><\/strong> reposent sur un principe simple mais efficace&nbsp;: une unit\u00e9 centrale assure l\u2019ensemble des fonctions de <strong>traitement d\u2019air pour tout ou partie du b\u00e2timent<\/strong>. L\u2019air neuf est pr\u00e9lev\u00e9 en un point unique, trait\u00e9 (filtr\u00e9, chauff\u00e9 ou refroidi), puis distribu\u00e9 dans les diff\u00e9rentes zones via un r\u00e9seau de gaines. L\u2019air vici\u00e9 est \u00e9galement extrait par un r\u00e9seau de gaines et rejet\u00e9 \u00e0 l\u2019ext\u00e9rieur.<\/p>\n\n\n\n<p><strong>Ces syst\u00e8mes se caract\u00e9risent par&nbsp;:<\/strong><\/p>\n\n\n\n<ul class=\"wp-block-list\">\n<li>Une centralisation des \u00e9quipements techniques dans des locaux d\u00e9di\u00e9s<\/li>\n\n\n\n<li>Un r\u00e9seau de distribution d\u2019air \u00e9tendu \u00e0 travers le b\u00e2timent<\/li>\n\n\n\n<li>Une puissance concentr\u00e9e permettant d\u2019importantes capacit\u00e9s de traitement d\u2019air<\/li>\n\n\n\n<li>Une gestion globale des param\u00e8tres de ventilation<\/li>\n<\/ul>\n\n\n\n<p><strong>Syst\u00e8mes d\u00e9centralis\u00e9s<\/strong><\/p>\n\n\n\n<p>\u00c0 l\u2019inverse, les syst\u00e8mes d\u00e9centralis\u00e9s fonctionnent sur le principe d\u2019unit\u00e9s multiples et autonomes, install\u00e9es directement dans ou \u00e0 proximit\u00e9 des espaces \u00e0 ventiler. Chaque unit\u00e9 pr\u00e9l\u00e8ve l\u2019air ext\u00e9rieur, le traite, puis l\u2019insuffle dans la zone desservie, avant d\u2019extraire l\u2019air vici\u00e9.<\/p>\n\n\n\n<p>Les principales caract\u00e9ristiques des syst\u00e8mes d\u00e9centralis\u00e9s sont&nbsp;:<\/p>\n\n\n\n<ul class=\"wp-block-list\">\n<li>Des unit\u00e9s multiples r\u00e9parties strat\u00e9giquement dans le b\u00e2timent<\/li>\n\n\n\n<li>L\u2019absence ou la limitation significative du r\u00e9seau de gaines<\/li>\n\n\n\n<li>Une gestion individualis\u00e9e par zone ou par local<\/li>\n\n\n\n<li>Des \u00e9quipements plus compacts mais multipli\u00e9s<\/li>\n<\/ul>\n\n\n\n<h3 class=\"wp-block-heading\">Avantages et limites inh\u00e9rents \u00e0 chaque syst\u00e8me<\/h3>\n\n\n\n<p><strong>Avantages des syst\u00e8mes centralis\u00e9s&nbsp;:<\/strong><\/p>\n\n\n\n<ul class=\"wp-block-list\">\n<li>Centralisation de la maintenance sur un point unique<\/li>\n\n\n\n<li>\u00c9conomies d\u2019\u00e9chelle possibles sur les \u00e9quipements<\/li>\n\n\n\n<li>Meilleure capacit\u00e9 \u00e0 g\u00e9rer des d\u00e9bits d\u2019air importants<\/li>\n\n\n\n<li>Facilit\u00e9 d\u2019int\u00e9gration de syst\u00e8mes de r\u00e9cup\u00e9ration d\u2019\u00e9nergie performants<\/li>\n\n\n\n<li>R\u00e9duction des nuisances sonores dans les espaces occup\u00e9s<\/li>\n<\/ul>\n\n\n\n<p><strong>Limites des syst\u00e8mes centralis\u00e9s&nbsp;:<\/strong><\/p>\n\n\n\n<ul class=\"wp-block-list\">\n<li>Emprise importante des gaines techniques<\/li>\n\n\n\n<li>Pertes de charge significatives dans les r\u00e9seaux \u00e9tendus<\/li>\n\n\n\n<li>Difficult\u00e9 d\u2019adaptation aux modifications d\u2019usage des locaux<\/li>\n\n\n\n<li>Risque de propagation de polluants entre diff\u00e9rentes zones<\/li>\n\n\n\n<li>Co\u00fbts d\u2019installation g\u00e9n\u00e9ralement plus \u00e9lev\u00e9s<\/li>\n<\/ul>\n\n\n\n<p><strong>Avantages des syst\u00e8mes d\u00e9centralis\u00e9s&nbsp;:<\/strong><\/p>\n\n\n\n<ul class=\"wp-block-list\">\n<li>Modularit\u00e9 et flexibilit\u00e9 d\u2019installation<\/li>\n\n\n\n<li>Zonage pr\u00e9cis avec gestion ind\u00e9pendante par espace<\/li>\n\n\n\n<li>R\u00e9duction significative des r\u00e9seaux de gaines<\/li>\n\n\n\n<li>Facilit\u00e9 d\u2019extension ou de modification du syst\u00e8me<\/li>\n\n\n\n<li>Possibilit\u00e9 de mise en \u0153uvre progressive ou par phases<\/li>\n<\/ul>\n\n\n\n<p><strong>Limites des syst\u00e8mes d\u00e9centralis\u00e9s&nbsp;:<\/strong><\/p>\n\n\n\n<ul class=\"wp-block-list\">\n<li>Multiplication des points de maintenance<\/li>\n\n\n\n<li>Puissance unitaire limit\u00e9e des \u00e9quipements<\/li>\n\n\n\n<li>Contraintes d\u2019int\u00e9gration architecturale des unit\u00e9s<\/li>\n\n\n\n<li>Gestion plus complexe pour une harmonisation globale<\/li>\n\n\n\n<li>Impact acoustique potentiellement plus important dans les espaces occup\u00e9s<\/li>\n<\/ul>\n\n\n\n<h2 class=\"wp-block-heading\"><span class=\"ez-toc-section\" id=\"Criteres_de_selection_adaptes_aux_batiments_tertiaires\"><\/span>Crit\u00e8res de s\u00e9lection adapt\u00e9s aux b\u00e2timents tertiaires<span class=\"ez-toc-section-end\"><\/span><\/h2>\n\n\n\n<h3 class=\"wp-block-heading\">Configuration et contraintes architecturales<\/h3>\n\n\n\n<p><a href=\"https:\/\/www.solerpalau.com\/blog\/fr-fr\/la-ventilation-dans-la-construction-moderne\/\" target=\"_blank\" rel=\"noreferrer noopener\">La configuration du b\u00e2timent constitue souvent le premier crit\u00e8re d\u00e9terminant dans le choix du syst\u00e8me de ventilation<\/a>. Les b\u00e2timents tertiaires pr\u00e9sentent une grande diversit\u00e9 de situations qui orientent naturellement la d\u00e9cision&nbsp;:<\/p>\n\n\n\n<ul class=\"wp-block-list\">\n<li><strong>Hauteur sous plafond&nbsp;: <\/strong>les syst\u00e8mes centralis\u00e9s n\u00e9cessitent des pl\u00e9nums suffisants pour le passage des gaines, tandis que les solutions d\u00e9centralis\u00e9es peuvent s\u2019adapter \u00e0 des hauteurs plus limit\u00e9es.<\/li>\n<\/ul>\n\n\n\n<ul class=\"wp-block-list\">\n<li><strong>Structure existante vs construction neuve&nbsp;: <\/strong>en r\u00e9novation, les contraintes structurelles peuvent rendre difficile l\u2019installation de r\u00e9seaux \u00e9tendus, favorisant les solutions d\u00e9centralis\u00e9es qui n\u00e9cessitent moins d\u2019interventions lourdes.<\/li>\n<\/ul>\n\n\n\n<ul class=\"wp-block-list\">\n<li><strong>Configuration spatiale&nbsp;: <\/strong>un b\u00e2timent compact se pr\u00eate mieux \u00e0 une approche centralis\u00e9e, tandis qu\u2019un ensemble de b\u00e2timents distincts ou un plateau \u00e0 g\u00e9om\u00e9trie complexe peut b\u00e9n\u00e9ficier d\u2019une approche d\u00e9centralis\u00e9e.<\/li>\n<\/ul>\n\n\n\n<ul class=\"wp-block-list\">\n<li><strong>Possibilit\u00e9s d\u2019int\u00e9gration des \u00e9quipements&nbsp;:<\/strong> la disponibilit\u00e9 d\u2019espaces techniques (locaux d\u00e9di\u00e9s, terrasses accessibles) facilite l\u2019installation de syst\u00e8mes centralis\u00e9s, tandis que l\u2019absence de tels espaces peut orienter vers des solutions d\u00e9centralis\u00e9es plus faciles \u00e0 int\u00e9grer au niveau des fa\u00e7ades ou des plafonds.<\/li>\n<\/ul>\n\n\n\n<div style=\"height:30px\" aria-hidden=\"true\" class=\"wp-block-spacer\"><\/div>\n\n\n\n<div class=\"hs-web-interactive-inline\" style=\"\" data-hubspot-wrapper-cta-id=\"188200358221\"> \n <style data-hubspot-cta-style=\"hs-inline-web-interactive-188200358221\">\n\n  a.hs-inline-web-interactive-188200358221link {\n    text-decoration:none;\n  }\n\n  a.hs-inline-web-interactive-188200358221hover {\n    text-decoration:none;\n  }\n\n<\/style> \n <a href=\"https:\/\/cta-service-cms2.hubspot.com\/web-interactives\/public\/v1\/track\/click?encryptedPayload=AVxigLJ8h39HHIuPPgue4F8PGjddfY0XvUX79%2FQR5Rt%2F%2BaXNYn60Ep7MNvSPOEI%2F0kBbLEsslNXL64OXyOqrb2e718I6p9mMTzuxmjfCNXdjBVJuzaCA3sq2IYPM66wl7n3Cr0sR9HxJP8Uai2YPx66J4yhtpvwVXEkSg1xGlEYcoWtE5v6AtHAqWYUrDZqIi5JN93vp0flGwEz3%2BHEZgkBo%2FSja7KO%2FGu0%3D&amp;portalId=2009592\" target=\"_blank\" rel=\"noopener\" class=\"hs-inline-web-interactive-188200358221   \" data-hubspot-cta-id=\"188200358221\"> \n  <div style=\"font-size: 18px; text-align: center;\">\n   <span style=\"color: #ce1a1a; font-family: Arial, Helvetica, sans-serif;\"><strong>NOUVEL EBOOK | <\/strong>Rapport technique sur la ventilation dans les \u00e9coles et les centres \u00e9ducatifs<strong> [TELECHARGEMENT GRATUIT]<\/strong><\/span>\n  <\/div> <\/a> \n<\/div>\n\n\n\n<div style=\"height:30px\" aria-hidden=\"true\" class=\"wp-block-spacer\"><\/div>\n\n\n\n<h3 class=\"wp-block-heading\"><strong>Flexibilit\u00e9 d\u2019usage et \u00e9volutivit\u00e9 des espaces<\/strong><\/h3>\n\n\n\n<p>Les <a href=\"https:\/\/www.solerpalau.com\/blog\/fr-fr\/optimisation-thermique-et-reduction-energetique\/\" target=\"_blank\" rel=\"noreferrer noopener\">b\u00e2timents tertiaires modernes<\/a> doivent souvent faire face \u00e0 des modifications fr\u00e9quentes d\u2019am\u00e9nagement et d\u2019usage des espaces. Cette r\u00e9alit\u00e9 impacte directement le choix du syst\u00e8me de ventilation&nbsp;:<\/p>\n\n\n\n<ul class=\"wp-block-list\">\n<li><strong>Taux de r\u00e9am\u00e9nagement&nbsp;:<\/strong> pour les espaces \u00e0 fort taux de reconfiguration (bureaux en open space, espaces modulables), les syst\u00e8mes d\u00e9centralis\u00e9s offrent une adaptabilit\u00e9 sup\u00e9rieure.<\/li>\n<\/ul>\n\n\n\n<ul class=\"wp-block-list\">\n<li><strong>\u00c9volutions pr\u00e9visibles&nbsp;<\/strong>: si des extensions futures sont envisag\u00e9es, les syst\u00e8mes d\u00e9centralis\u00e9s permettent une mise \u00e0 l\u2019\u00e9chelle plus progressive et moins perturbante.<\/li>\n<\/ul>\n\n\n\n<ul class=\"wp-block-list\">\n<li><strong>Diversit\u00e9 des usages&nbsp;:<\/strong> un b\u00e2timent abritant des fonctions tr\u00e8s diff\u00e9rentes (bureaux, salles de r\u00e9union, espaces de restauration) peut b\u00e9n\u00e9ficier de la gestion individualis\u00e9e qu\u2019offrent les syst\u00e8mes d\u00e9centralis\u00e9s.<\/li>\n<\/ul>\n\n\n\n<ul class=\"wp-block-list\">\n<li><strong>Taux d\u2019occupation variable&nbsp;:<\/strong> les espaces \u00e0 occupation intermittente tirent avantage des syst\u00e8mes d\u00e9centralis\u00e9s qui permettent une gestion plus fine de la ventilation en fonction de l\u2019occupation r\u00e9elle.<\/li>\n<\/ul>\n\n\n\n<h3 class=\"wp-block-heading\">Zonage et contr\u00f4le des d\u00e9bits par zone<\/h3>\n\n\n\n<p>Le niveau de pr\u00e9cision requis dans le contr\u00f4le des d\u00e9bits constitue un crit\u00e8re d\u00e9cisif&nbsp;:<\/p>\n\n\n\n<ul class=\"wp-block-list\">\n<li><strong>Besoins diff\u00e9renci\u00e9s selon les espaces&nbsp;<\/strong>: lorsque les exigences varient fortement d\u2019une zone \u00e0 l\u2019autre (salles de r\u00e9union vs bureaux individuels), les syst\u00e8mes d\u00e9centralis\u00e9s permettent une adaptation plus pr\u00e9cise.<\/li>\n\n\n\n<li><strong>Gestion horaire&nbsp;:<\/strong> pour des b\u00e2timents \u00e0 usage mixte avec des horaires d\u2019occupation diff\u00e9rents selon les zones, les syst\u00e8mes d\u00e9centralis\u00e9s offrent une meilleure granularit\u00e9 de contr\u00f4le.<\/li>\n\n\n\n<li><strong>Exigences sp\u00e9cifiques&nbsp;:<\/strong> certains espaces (salles serveurs, laboratoires, etc.) peuvent n\u00e9cessiter des conditions pr\u00e9cises et constantes, mieux assur\u00e9es par des unit\u00e9s d\u00e9di\u00e9es d\u00e9centralis\u00e9es.<\/li>\n\n\n\n<li><strong>Gestion individualis\u00e9e&nbsp;<\/strong>: lorsque les occupants doivent pouvoir ajuster eux-m\u00eames les param\u00e8tres de ventilation dans leur espace, les syst\u00e8mes d\u00e9centralis\u00e9s offrent cette possibilit\u00e9 sans impacter les autres zones.<\/li>\n<\/ul>\n\n\n\n<h2 class=\"wp-block-heading\"><span class=\"ez-toc-section\" id=\"Analyse_comparative_des_performances\"><\/span>Analyse comparative des performances<span class=\"ez-toc-section-end\"><\/span><\/h2>\n\n\n\n<h3 class=\"wp-block-heading\">Efficacit\u00e9 \u00e9nerg\u00e9tique et r\u00e9cup\u00e9ration de chaleur<\/h3>\n\n\n\n<p>L\u2019efficacit\u00e9 \u00e9nerg\u00e9tique est aujourd\u2019hui un enjeu majeur, notamment dans le contexte de la <a href=\"https:\/\/www.ecologie.gouv.fr\/sites\/default\/files\/documents\/guide_re2020_version_janvier_2024.pdf\" target=\"_blank\" rel=\"noreferrer noopener\">RE2020&nbsp;<\/a>:<\/p>\n\n\n\n<ul class=\"wp-block-list\">\n<li><strong>R\u00e9cup\u00e9ration d\u2019\u00e9nergie&nbsp;<\/strong>: les syst\u00e8mes centralis\u00e9s permettent g\u00e9n\u00e9ralement d\u2019installer des r\u00e9cup\u00e9rateurs de chaleur plus performants avec des rendements pouvant d\u00e9passer 90&nbsp;%, contre 70-85&nbsp;% typiquement pour les unit\u00e9s d\u00e9centralis\u00e9es de taille plus modeste.<\/li>\n\n\n\n<li>Ces syst\u00e8mes peuvent atteindre des rendements sup\u00e9rieurs \u00e0 90&nbsp;% pour les centrales double-flux avec \u00e9changeurs, comme pr\u00e9cis\u00e9 dans les solutions CAD HE EC V BASIC ou RHE list\u00e9es dans le catalogue.<\/li>\n\n\n\n<li><strong>Consommation des ventilateurs&nbsp;: <\/strong>les syst\u00e8mes centralis\u00e9s peuvent souffrir de pertes de charge importantes dans les r\u00e9seaux de gaines, augmentant la consommation \u00e9lectrique des ventilateurs. \u00c0 l\u2019inverse, les syst\u00e8mes d\u00e9centralis\u00e9s limitent ces pertes mais multiplient les moteurs.<\/li>\n\n\n\n<li><strong>Ajustement aux besoins r\u00e9els&nbsp;:<\/strong> les syst\u00e8mes d\u00e9centralis\u00e9s permettent une modulation plus fine en fonction de l\u2019occupation r\u00e9elle, limitant les surconsommations li\u00e9es \u00e0 la ventilation d\u2019espaces inoccup\u00e9s.<\/li>\n\n\n\n<li>Cela rejoint les solutions comme AJUSTAIR CO2 et OPTIC qui permettent une modulation dynamique selon la concentration de CO2.<\/li>\n\n\n\n<li><strong>Bilan \u00e9nerg\u00e9tique global&nbsp;<\/strong>: selon <a href=\"https:\/\/www.france-air.com\/guides-et-documents\/regles-de-lart-vmc\/la-ventilation-des-batiments-tertiaires\/\" target=\"_blank\" rel=\"noreferrer noopener\">l\u2019ADEME<\/a>, la consommation \u00e9nerg\u00e9tique li\u00e9e \u00e0 la ventilation peut repr\u00e9senter jusqu\u2019\u00e0 30&nbsp;% des besoins \u00e9nerg\u00e9tiques d\u2019un b\u00e2timent tertiaire. Les analyses montrent qu\u2019aucune solution n\u2019est intrins\u00e8quement sup\u00e9rieure sur ce crit\u00e8re, le bilan d\u00e9pendant fortement de la configuration sp\u00e9cifique du b\u00e2timent et de son usage.<\/li>\n<\/ul>\n\n\n\n<h3 class=\"wp-block-heading\">Maintenance et dur\u00e9e de vie<\/h3>\n\n\n\n<p>Les <a href=\"https:\/\/www.solerpalau.com\/blog\/fr-fr\/installation-et-entretien-de-vos-systemes-de-ventilation\/\" target=\"_blank\" rel=\"noreferrer noopener\">consid\u00e9rations de maintenance<\/a> influencent significativement le co\u00fbt global sur le cycle de vie&nbsp;:<\/p>\n\n\n\n<ul class=\"wp-block-list\">\n<li><strong>Accessibilit\u00e9&nbsp;:<\/strong> les syst\u00e8mes centralis\u00e9s concentrent la maintenance sur un nombre limit\u00e9 d\u2019\u00e9quipements facilement accessibles dans des locaux techniques, tandis que les syst\u00e8mes d\u00e9centralis\u00e9s n\u00e9cessitent des interventions multiples, parfois dans des espaces occup\u00e9s.<\/li>\n\n\n\n<li><strong>Fr\u00e9quence&nbsp;: <\/strong>les syst\u00e8mes d\u00e9centralis\u00e9s impliquent g\u00e9n\u00e9ralement des op\u00e9rations de maintenance plus fr\u00e9quentes du fait de la multiplication des unit\u00e9s et des filtres.<\/li>\n\n\n\n<li>&nbsp;Les filtres doivent respecter les exigences des normes ISO 16890 et NF EN 1822, notamment ePM1 \u2265 50&nbsp;% pour les unit\u00e9s double-flux et ISO grossier pour les simples flux.<\/li>\n\n\n\n<li><strong>Dur\u00e9e de vie&nbsp;: <\/strong>les centrales de traitement d\u2019air des syst\u00e8mes centralis\u00e9s ont typiquement une dur\u00e9e de vie de 15-20 ans, tandis que les unit\u00e9s d\u00e9centralis\u00e9es affichent plut\u00f4t 10-15 ans en moyenne.<\/li>\n\n\n\n<li><strong>Impact sur l\u2019activit\u00e9&nbsp;<\/strong>: la maintenance des syst\u00e8mes d\u00e9centralis\u00e9s peut s\u2019effectuer par rotation sans interrompre l\u2019ensemble de la ventilation, alors qu\u2019une intervention sur un syst\u00e8me centralis\u00e9 peut affecter tout un b\u00e2timent.<\/li>\n<\/ul>\n\n\n\n<h3 class=\"wp-block-heading\">Co\u00fbts d\u2019installation et d\u2019exploitation<\/h3>\n\n\n\n<p>L\u2019analyse \u00e9conomique doit int\u00e9grer l\u2019ensemble des co\u00fbts sur la dur\u00e9e de vie du syst\u00e8me&nbsp;:<\/p>\n\n\n\n<ul class=\"wp-block-list\">\n<li><strong>Investissement initial&nbsp;:<\/strong> les syst\u00e8mes centralis\u00e9s pr\u00e9sentent g\u00e9n\u00e9ralement un co\u00fbt d\u2019investissement sup\u00e9rieur, notamment en raison des r\u00e9seaux de gaines et des travaux d\u2019infrastructure associ\u00e9s.<\/li>\n\n\n\n<li><strong>Co\u00fbts d\u2019exploitation&nbsp;: <\/strong>la consommation \u00e9nerg\u00e9tique constitue le principal poste d\u2019exploitation, avec un avantage souvent pour les syst\u00e8mes d\u00e9centralis\u00e9s dans les b\u00e2timents \u00e0 occupation variable.<\/li>\n\n\n\n<li><strong>Co\u00fbts de maintenance&nbsp;:<\/strong> les syst\u00e8mes d\u00e9centralis\u00e9s impliquent des co\u00fbts de maintenance plus \u00e9lev\u00e9s en raison de la multiplication des interventions et des pi\u00e8ces de rechange.<\/li>\n\n\n\n<li><strong>\u00c9volutivit\u00e9&nbsp;:<\/strong> les syst\u00e8mes d\u00e9centralis\u00e9s permettent un investissement progressif, adapt\u00e9 \u00e0 l\u2019\u00e9volution des besoins et des contraintes budg\u00e9taires.<\/li>\n<\/ul>\n\n\n\n<h2 class=\"wp-block-heading\"><span class=\"ez-toc-section\" id=\"Solutions_hybrides_quand_combiner_les_deux_approches\"><\/span>Solutions hybrides&nbsp;: quand combiner les deux approches<span class=\"ez-toc-section-end\"><\/span><\/h2>\n\n\n\n<p>Dans certains cas, la combinaison des deux approches peut repr\u00e9senter la solution optimale&nbsp;:<\/p>\n\n\n\n<ul class=\"wp-block-list\">\n<li><strong>Zonage par fonction<\/strong>&nbsp;: utilisation d\u2019un syst\u00e8me centralis\u00e9 pour les espaces \u00e0 usage homog\u00e8ne et constant (open space, circulations), compl\u00e9t\u00e9 par des unit\u00e9s d\u00e9centralis\u00e9es pour les espaces sp\u00e9cifiques (salles de r\u00e9union, amphith\u00e9\u00e2tres).<\/li>\n\n\n\n<li><strong>Stratification par \u00e9tage&nbsp;:<\/strong> syst\u00e8me centralis\u00e9 pour le renouvellement d\u2019air global, compl\u00e9t\u00e9 par des unit\u00e9s d\u00e9centralis\u00e9es pour l\u2019ajustement pr\u00e9cis des conditions dans chaque espace.<\/li>\n\n\n\n<li><strong>Compl\u00e9mentarit\u00e9 \u00e9nerg\u00e9tique&nbsp;:<\/strong> syst\u00e8me centralis\u00e9 assurant un traitement de base, avec des unit\u00e9s d\u00e9centralis\u00e9es intervenant en appoint pour les besoins sp\u00e9cifiques ou temporaires.<\/li>\n\n\n\n<li><strong>Phasage du projet&nbsp;:<\/strong> d\u00e9ploiement initial d\u2019unit\u00e9s d\u00e9centralis\u00e9es, avec possibilit\u00e9 d\u2019\u00e9voluer vers un syst\u00e8me plus centralis\u00e9 lors des phases ult\u00e9rieures d\u2019am\u00e9nagement.<\/li>\n<\/ul>\n\n\n\n<h2 class=\"wp-block-heading\"><span class=\"ez-toc-section\" id=\"Tableau_daide_a_la_decision_selon_le_type_de_batiment_tertiaire\"><\/span>Tableau d\u2019aide \u00e0 la d\u00e9cision selon le type de b\u00e2timent tertiaire<span class=\"ez-toc-section-end\"><\/span><\/h2>\n\n\n\n<p>Pour faciliter la prise de d\u00e9cision, nous proposons ci-dessous un tableau synth\u00e9tique d\u2019aide au choix du syst\u00e8me de ventilation selon les caract\u00e9ristiques principales du b\u00e2timent tertiaire&nbsp;:<\/p>\n\n\n\n<figure class=\"wp-block-table\"><table class=\"has-fixed-layout\"><tbody><tr><td><strong>Type de b\u00e2timent<\/strong><\/td><td><strong>Configuration<\/strong><\/td><td><strong>Syst\u00e8me recommand\u00e9<\/strong><\/td><td><strong>Justification<\/strong><\/td><\/tr><tr><td>Immeuble de bureaux multi-\u00e9tages<\/td><td>Usage homog\u00e8ne, grande surface par niveau<\/td><td>Centralis\u00e9<\/td><td>\u00c9conomies d\u2019\u00e9chelle, gestion simplifi\u00e9e<\/td><\/tr><tr><td>Campus de bureaux<\/td><td>B\u00e2timents distincts, usages vari\u00e9s<\/td><td>D\u00e9centralis\u00e9<\/td><td>Adaptation \u00e0 chaque b\u00e2timent, flexibilit\u00e9<\/td><\/tr><tr><td>Espace de coworking<\/td><td>Occupation variable, espaces modulables<\/td><td>D\u00e9centralis\u00e9<\/td><td>Ajustement selon l\u2019occupation, zonage pr\u00e9cis<\/td><\/tr><tr><td>B\u00e2timent administratif<\/td><td>Usage stable, horaires fixes<\/td><td>Centralis\u00e9<\/td><td>Simplicit\u00e9 de gestion, efficacit\u00e9 pour usage constant<\/td><\/tr><tr><td>Centre commercial<\/td><td>Zones distinctes, besoins h\u00e9t\u00e9rog\u00e8nes<\/td><td>Hybride<\/td><td>Centralis\u00e9 pour circulations, d\u00e9centralis\u00e9 pour boutiques<\/td><\/tr><tr><td>H\u00f4tel<\/td><td>Occupation variable des chambres<\/td><td>D\u00e9centralis\u00e9<\/td><td>Contr\u00f4le individuel par chambre, efficacit\u00e9 \u00e9nerg\u00e9tique<\/td><\/tr><tr><td>\u00c9tablissement d\u2019enseignement<\/td><td>Usages vari\u00e9s (salles de classe, amphith\u00e9\u00e2tres)<\/td><td>Hybride<\/td><td>Adaptation aux besoins sp\u00e9cifiques de chaque espace<\/td><\/tr><tr><td>Complexe sportif<\/td><td>Grandes hauteurs, espaces volumineux<\/td><td>Centralis\u00e9<\/td><td>Capacit\u00e9 \u00e0 g\u00e9rer des grands volumes d\u2019air<\/td><\/tr><\/tbody><\/table><\/figure>\n\n\n\n<h2 class=\"wp-block-heading\"><span class=\"ez-toc-section\" id=\"Recommandations_pour_optimiser_votre_choix_de_ventilation\"><\/span>Recommandations pour optimiser votre choix de ventilation<span class=\"ez-toc-section-end\"><\/span><\/h2>\n\n\n\n<p>Le choix entre ventilation centralis\u00e9e et d\u00e9centralis\u00e9e pour un projet tertiaire doit r\u00e9sulter d\u2019une <strong>analyse multicrit\u00e8re prenant en compte les sp\u00e9cificit\u00e9s du b\u00e2timent, les exigences d\u2019usage et les contraintes techniques et \u00e9conomiques<\/strong>. Aucune solution n\u2019est universellement sup\u00e9rieure, chacune pr\u00e9sentant des avantages dans certains contextes.<\/p>\n\n\n\n<p>Pour les <strong>b\u00e2timents \u00e0 usage homog\u00e8ne, stable et aux contraintes spatiales limit\u00e9es<\/strong>, les syst\u00e8mes centralis\u00e9s offrent g\u00e9n\u00e9ralement une solution plus coh\u00e9rente et \u00e9conomiquement avantageuse sur le long terme. \u00c0 l\u2019inverse, les <strong>projets n\u00e9cessitant flexibilit\u00e9, \u00e9volutivit\u00e9 et gestion individualis\u00e9e<\/strong> b\u00e9n\u00e9ficieront davantage des syst\u00e8mes d\u00e9centralis\u00e9s, malgr\u00e9 un co\u00fbt de maintenance potentiellement plus \u00e9lev\u00e9.<\/p>\n\n\n\n<p>Dans de nombreux cas, <strong>l\u2019approche hybride combinant judicieusement les deux technologies repr\u00e9sente la solution optimale<\/strong>, permettant de tirer parti des avantages de chaque syst\u00e8me tout en minimisant leurs inconv\u00e9nients respectifs.Nos experts techniques sont \u00e0 votre disposition pour vous accompagner dans le choix du syst\u00e8me le plus adapt\u00e9 \u00e0 votre configuration et \u00e0 vos objectifs de performance. N\u2019h\u00e9sitez pas \u00e0 <a href=\"https:\/\/info.solerpalau.com\/fr-fr\/conseils-techniques-ventilation\" target=\"_blank\" rel=\"noreferrer noopener\">nous contacter pour b\u00e9n\u00e9ficier d\u2019une \u00e9tude personnalis\u00e9e de votre projet<\/a> tertiaire.<\/p>\n\n\n\n<div class=\"hs-cta-embed hs-cta-simple-placeholder hs-cta-embed-188200358039\"\n  style=\"max-width:100%; max-height:100%; width:650px;height:356.515625px\" data-hubspot-wrapper-cta-id=\"188200358039\">\n  <a href=\"https:\/\/cta-service-cms2.hubspot.com\/web-interactives\/public\/v1\/track\/redirect?encryptedPayload=AVxigLJMmCZk9mMDgQZ7TSou1bXK%2B%2BhNMptIDJB1Ae9d3%2BVMzHIapw%2BzJQAK%2BAFmYJ7ZUHdThY3wr2TNpfmhAjczAHWfj7aMAIz9JMFqH7qbEigqI7I5HW03Xnw4fAn7RjRs1xvxQMUEf03OkvEnMrJaCEsezYkd0mrSk7P31Rcle5sYduN7qn809zRe4IF7dVh0mjq3ieITYWYz5243OEV8FyKMAOZ4B7k%3D&#038;webInteractiveContentId=188200358039&#038;portalId=2009592\" target=\"_blank\" rel=\"noopener\" crossorigin=\"anonymous\">\n    <img decoding=\"async\" alt=\"NOUVEL EBOOK\" loading=\"lazy\" src=\"https:\/\/no-cache.hubspot.com\/cta\/default\/2009592\/interactive-188200358039.png\" style=\"height: 100%; width: 100%; object-fit: fill\"\n      onerror=\"this.style.display='none'\" \/>\n  <\/a>\n<\/div>\n","protected":false},"excerpt":{"rendered":"<p>Comparatif ventilation tertiaire : d\u00e9couvrez les avantages, limites et crit\u00e8res pour choisir entre syst\u00e8me centralis\u00e9 et d\u00e9centralis\u00e9 &#8211; Soler &#038; Palau<\/p>\n","protected":false},"author":10,"featured_media":5536,"comment_status":"closed","ping_status":"closed","sticky":false,"template":"","format":"standard","meta":{"_acf_changed":false,"footnotes":""},"categories":[26],"tags":[],"class_list":["post-5535","post","type-post","status-publish","format-standard","has-post-thumbnail","hentry","category-ventilation-vmc"],"acf":[],"yoast_head":"<!-- This site is optimized with the Yoast SEO plugin v26.1 - https:\/\/yoast.com\/wordpress\/plugins\/seo\/ -->\n<title>Ventilation tertiaire : centralis\u00e9e ou d\u00e9centralis\u00e9e ? - S&amp;P<\/title>\n<meta name=\"description\" content=\"Comparatif ventilation tertiaire : d\u00e9couvrez les avantages, limites et crit\u00e8res pour choisir entre syst\u00e8me centralis\u00e9 et d\u00e9centralis\u00e9 - Soler &amp; Palau\" \/>\n<meta name=\"robots\" content=\"index, follow, max-snippet:-1, max-image-preview:large, max-video-preview:-1\" \/>\n<link rel=\"canonical\" href=\"https:\/\/www.solerpalau.com\/blog\/fr-fr\/ventilation-centralisee-ou-decentralisee-tertiaire\/\" \/>\n<meta property=\"og:locale\" content=\"fr_FR\" \/>\n<meta property=\"og:type\" content=\"article\" \/>\n<meta property=\"og:title\" content=\"Ventilation tertiaire : centralis\u00e9e ou d\u00e9centralis\u00e9e ? - S&amp;P\" \/>\n<meta property=\"og:description\" content=\"Comparatif ventilation tertiaire : d\u00e9couvrez les avantages, limites et crit\u00e8res pour choisir entre syst\u00e8me centralis\u00e9 et d\u00e9centralis\u00e9 - Soler &amp; Palau\" \/>\n<meta property=\"og:url\" content=\"https:\/\/www.solerpalau.com\/blog\/fr-fr\/ventilation-centralisee-ou-decentralisee-tertiaire\/\" \/>\n<meta property=\"og:site_name\" content=\"S&amp;P Syst\u00e8mes de Ventilation\" \/>\n<meta property=\"article:published_time\" content=\"2025-06-27T11:10:02+00:00\" \/>\n<meta property=\"article:modified_time\" content=\"2025-09-18T11:31:03+00:00\" \/>\n<meta property=\"og:image\" content=\"https:\/\/www.solerpalau.com\/blog\/fr-fr\/wp-content\/uploads\/sites\/2\/2025\/07\/Comment-choisir-entre-ventilation-centralisee-et-decentralisee-pour-les-projets-tertiaires.jpg\" \/>\n\t<meta property=\"og:image:width\" content=\"1200\" \/>\n\t<meta property=\"og:image:height\" content=\"627\" \/>\n\t<meta property=\"og:image:type\" content=\"image\/jpeg\" \/>\n<meta name=\"author\" content=\"S&amp;P\" \/>\n<meta name=\"twitter:card\" content=\"summary_large_image\" \/>\n<meta name=\"twitter:label1\" content=\"\u00c9crit par\" \/>\n\t<meta name=\"twitter:data1\" content=\"S&amp;P\" \/>\n\t<meta name=\"twitter:label2\" content=\"Dur\u00e9e de lecture estim\u00e9e\" \/>\n\t<meta name=\"twitter:data2\" content=\"10 minutes\" \/>\n<!-- \/ Yoast SEO plugin. -->","yoast_head_json":{"title":"Ventilation tertiaire : centralis\u00e9e ou d\u00e9centralis\u00e9e ? - S&P","description":"Comparatif ventilation tertiaire : d\u00e9couvrez les avantages, limites et crit\u00e8res pour choisir entre syst\u00e8me centralis\u00e9 et d\u00e9centralis\u00e9 - Soler & Palau","robots":{"index":"index","follow":"follow","max-snippet":"max-snippet:-1","max-image-preview":"max-image-preview:large","max-video-preview":"max-video-preview:-1"},"canonical":"https:\/\/www.solerpalau.com\/blog\/fr-fr\/ventilation-centralisee-ou-decentralisee-tertiaire\/","og_locale":"fr_FR","og_type":"article","og_title":"Ventilation tertiaire : centralis\u00e9e ou d\u00e9centralis\u00e9e ? - S&P","og_description":"Comparatif ventilation tertiaire : d\u00e9couvrez les avantages, limites et crit\u00e8res pour choisir entre syst\u00e8me centralis\u00e9 et d\u00e9centralis\u00e9 - Soler & Palau","og_url":"https:\/\/www.solerpalau.com\/blog\/fr-fr\/ventilation-centralisee-ou-decentralisee-tertiaire\/","og_site_name":"S&amp;P Syst\u00e8mes de Ventilation","article_published_time":"2025-06-27T11:10:02+00:00","article_modified_time":"2025-09-18T11:31:03+00:00","og_image":[{"width":1200,"height":627,"url":"https:\/\/www.solerpalau.com\/blog\/fr-fr\/wp-content\/uploads\/sites\/2\/2025\/07\/Comment-choisir-entre-ventilation-centralisee-et-decentralisee-pour-les-projets-tertiaires.jpg","type":"image\/jpeg"}],"author":"S&amp;P","twitter_card":"summary_large_image","twitter_misc":{"\u00c9crit par":"S&amp;P","Dur\u00e9e de lecture estim\u00e9e":"10 minutes"},"schema":{"@context":"https:\/\/schema.org","@graph":[{"@type":"WebPage","@id":"https:\/\/www.solerpalau.com\/blog\/fr-fr\/ventilation-centralisee-ou-decentralisee-tertiaire\/","url":"https:\/\/www.solerpalau.com\/blog\/fr-fr\/ventilation-centralisee-ou-decentralisee-tertiaire\/","name":"Ventilation tertiaire : centralis\u00e9e ou d\u00e9centralis\u00e9e ? - S&P","isPartOf":{"@id":"https:\/\/www.solerpalau.com\/blog\/fr-fr\/#website"},"primaryImageOfPage":{"@id":"https:\/\/www.solerpalau.com\/blog\/fr-fr\/ventilation-centralisee-ou-decentralisee-tertiaire\/#primaryimage"},"image":{"@id":"https:\/\/www.solerpalau.com\/blog\/fr-fr\/ventilation-centralisee-ou-decentralisee-tertiaire\/#primaryimage"},"thumbnailUrl":"https:\/\/www.solerpalau.com\/blog\/fr-fr\/wp-content\/uploads\/sites\/2\/2025\/07\/Comment-choisir-entre-ventilation-centralisee-et-decentralisee-pour-les-projets-tertiaires.jpg","datePublished":"2025-06-27T11:10:02+00:00","dateModified":"2025-09-18T11:31:03+00:00","author":{"@id":"https:\/\/www.solerpalau.com\/blog\/fr-fr\/#\/schema\/person\/a649fcc0fccdca5446ea2bc371ad5cb9"},"description":"Comparatif ventilation tertiaire : d\u00e9couvrez les avantages, limites et crit\u00e8res pour choisir entre syst\u00e8me centralis\u00e9 et d\u00e9centralis\u00e9 - Soler & Palau","breadcrumb":{"@id":"https:\/\/www.solerpalau.com\/blog\/fr-fr\/ventilation-centralisee-ou-decentralisee-tertiaire\/#breadcrumb"},"inLanguage":"fr-FR","potentialAction":[{"@type":"ReadAction","target":["https:\/\/www.solerpalau.com\/blog\/fr-fr\/ventilation-centralisee-ou-decentralisee-tertiaire\/"]}]},{"@type":"ImageObject","inLanguage":"fr-FR","@id":"https:\/\/www.solerpalau.com\/blog\/fr-fr\/ventilation-centralisee-ou-decentralisee-tertiaire\/#primaryimage","url":"https:\/\/www.solerpalau.com\/blog\/fr-fr\/wp-content\/uploads\/sites\/2\/2025\/07\/Comment-choisir-entre-ventilation-centralisee-et-decentralisee-pour-les-projets-tertiaires.jpg","contentUrl":"https:\/\/www.solerpalau.com\/blog\/fr-fr\/wp-content\/uploads\/sites\/2\/2025\/07\/Comment-choisir-entre-ventilation-centralisee-et-decentralisee-pour-les-projets-tertiaires.jpg","width":1200,"height":627,"caption":"Comment choisir entre ventilation centralis\u00e9e et d\u00e9centralis\u00e9e pour les projets tertiaires - Soler & Palau"},{"@type":"BreadcrumbList","@id":"https:\/\/www.solerpalau.com\/blog\/fr-fr\/ventilation-centralisee-ou-decentralisee-tertiaire\/#breadcrumb","itemListElement":[{"@type":"ListItem","position":1,"name":"Accueil","item":"https:\/\/www.solerpalau.com\/blog\/fr-fr\/"},{"@type":"ListItem","position":2,"name":"Comment choisir entre ventilation centralis\u00e9e et d\u00e9centralis\u00e9e pour les projets tertiaires"}]},{"@type":"WebSite","@id":"https:\/\/www.solerpalau.com\/blog\/fr-fr\/#website","url":"https:\/\/www.solerpalau.com\/blog\/fr-fr\/","name":"S&amp;P Syst\u00e8mes de Ventilation","description":"Le Blog de la Ventilation Efficace","potentialAction":[{"@type":"SearchAction","target":{"@type":"EntryPoint","urlTemplate":"https:\/\/www.solerpalau.com\/blog\/fr-fr\/?s={search_term_string}"},"query-input":{"@type":"PropertyValueSpecification","valueRequired":true,"valueName":"search_term_string"}}],"inLanguage":"fr-FR"},{"@type":"Person","@id":"https:\/\/www.solerpalau.com\/blog\/fr-fr\/#\/schema\/person\/a649fcc0fccdca5446ea2bc371ad5cb9","name":"S&amp;P","image":{"@type":"ImageObject","inLanguage":"fr-FR","@id":"https:\/\/www.solerpalau.com\/blog\/fr-fr\/#\/schema\/person\/image\/","url":"https:\/\/secure.gravatar.com\/avatar\/994644236667321375ba4d21a34a002e2bcfd7b33a114caa4c9dc488ece6c970?s=96&d=mm&r=g","contentUrl":"https:\/\/secure.gravatar.com\/avatar\/994644236667321375ba4d21a34a002e2bcfd7b33a114caa4c9dc488ece6c970?s=96&d=mm&r=g","caption":"S&amp;P"},"url":"https:\/\/www.solerpalau.com\/blog\/fr-fr\/author\/binaria\/"}]}},"reading_time":"<span class=\"span-reading-time rt-reading-time\"><span class=\"rt-label rt-prefix\"><\/span> <span class=\"rt-time\"> 7<\/span> <span class=\"rt-label rt-postfix\"> min. de lecture<\/span><\/span>","_links":{"self":[{"href":"https:\/\/www.solerpalau.com\/blog\/fr-fr\/wp-json\/wp\/v2\/posts\/5535","targetHints":{"allow":["GET"]}}],"collection":[{"href":"https:\/\/www.solerpalau.com\/blog\/fr-fr\/wp-json\/wp\/v2\/posts"}],"about":[{"href":"https:\/\/www.solerpalau.com\/blog\/fr-fr\/wp-json\/wp\/v2\/types\/post"}],"author":[{"embeddable":true,"href":"https:\/\/www.solerpalau.com\/blog\/fr-fr\/wp-json\/wp\/v2\/users\/10"}],"replies":[{"embeddable":true,"href":"https:\/\/www.solerpalau.com\/blog\/fr-fr\/wp-json\/wp\/v2\/comments?post=5535"}],"version-history":[{"count":2,"href":"https:\/\/www.solerpalau.com\/blog\/fr-fr\/wp-json\/wp\/v2\/posts\/5535\/revisions"}],"predecessor-version":[{"id":5652,"href":"https:\/\/www.solerpalau.com\/blog\/fr-fr\/wp-json\/wp\/v2\/posts\/5535\/revisions\/5652"}],"wp:featuredmedia":[{"embeddable":true,"href":"https:\/\/www.solerpalau.com\/blog\/fr-fr\/wp-json\/wp\/v2\/media\/5536"}],"wp:attachment":[{"href":"https:\/\/www.solerpalau.com\/blog\/fr-fr\/wp-json\/wp\/v2\/media?parent=5535"}],"wp:term":[{"taxonomy":"category","embeddable":true,"href":"https:\/\/www.solerpalau.com\/blog\/fr-fr\/wp-json\/wp\/v2\/categories?post=5535"},{"taxonomy":"post_tag","embeddable":true,"href":"https:\/\/www.solerpalau.com\/blog\/fr-fr\/wp-json\/wp\/v2\/tags?post=5535"}],"curies":[{"name":"wp","href":"https:\/\/api.w.org\/{rel}","templated":true}]}}