{"id":6003,"date":"2026-03-12T11:55:10","date_gmt":"2026-03-12T10:55:10","guid":{"rendered":"https:\/\/www.solerpalau.com\/blog\/fr-fr\/?p=6003"},"modified":"2026-03-13T10:52:25","modified_gmt":"2026-03-13T09:52:25","slug":"guide-installation-vmc-double-flux","status":"publish","type":"post","link":"https:\/\/www.solerpalau.com\/blog\/fr-fr\/guide-installation-vmc-double-flux\/","title":{"rendered":"Guide d\u2019installation VMC double flux\u00a0: protocoles techniques pour une mise en \u0153uvre optimale"},"content":{"rendered":"\n<p class=\"p1\">Ma\u00eetriser les protocoles d\u2019installation <strong>VMC double flux<\/strong> fait la diff\u00e9rence entre un chantier qui donne lieu \u00e0 des r\u00e9clamations et un chantier qui consolide la r\u00e9putation du professionnel. Cet article d\u00e9taille la m\u00e9thodologie compl\u00e8te, de la pr\u00e9paration aux tests de r\u00e9ception, avec une attention particuli\u00e8re aux innovations qui optimisent le temps de pose.<\/p><div id=\"ez-toc-container\" class=\"ez-toc-v2_0_76 counter-hierarchy ez-toc-counter ez-toc-custom ez-toc-container-direction\">\n<div class=\"ez-toc-title-container\">\n<p class=\"ez-toc-title\" style=\"cursor:inherit\">Table des mati\u00e8res<\/p>\n<span class=\"ez-toc-title-toggle\"><\/span><\/div>\n<nav><ul class='ez-toc-list ez-toc-list-level-1 ' ><li class='ez-toc-page-1 ez-toc-heading-level-2'><a class=\"ez-toc-link ez-toc-heading-1\" href=\"https:\/\/www.solerpalau.com\/blog\/fr-fr\/guide-installation-vmc-double-flux\/#Preparation_du_chantier_et_emplacement_de_lequipement\" >Pr\u00e9paration du chantier et emplacement de l\u2019\u00e9quipement&nbsp;<\/a><\/li><li class='ez-toc-page-1 ez-toc-heading-level-2'><a class=\"ez-toc-link ez-toc-heading-2\" href=\"https:\/\/www.solerpalau.com\/blog\/fr-fr\/guide-installation-vmc-double-flux\/#Reseaux_aerauliques_passage_isolation_et_etancheite\" >R\u00e9seaux a\u00e9rauliques&nbsp;: passage, isolation et \u00e9tanch\u00e9it\u00e9<\/a><\/li><li class='ez-toc-page-1 ez-toc-heading-level-2'><a class=\"ez-toc-link ez-toc-heading-3\" href=\"https:\/\/www.solerpalau.com\/blog\/fr-fr\/guide-installation-vmc-double-flux\/#Raccordements_electriques_et_integration_des_modules\" >Raccordements \u00e9lectriques et int\u00e9gration des modules<\/a><\/li><li class='ez-toc-page-1 ez-toc-heading-level-2'><a class=\"ez-toc-link ez-toc-heading-4\" href=\"https:\/\/www.solerpalau.com\/blog\/fr-fr\/guide-installation-vmc-double-flux\/#Tests_de_reception_mise_en_service_VMC_et_reglages_pour_un_rendement_optimal\" >Tests de r\u00e9ception, mise en service VMC et r\u00e9glages pour un rendement optimal<\/a><\/li><li class='ez-toc-page-1 ez-toc-heading-level-2'><a class=\"ez-toc-link ez-toc-heading-5\" href=\"https:\/\/www.solerpalau.com\/blog\/fr-fr\/guide-installation-vmc-double-flux\/#FAQ\" >FAQ<\/a><\/li><\/ul><\/nav><\/div>\n\n\n\n\n<h2 class=\"wp-block-heading\"><span class=\"ez-toc-section\" id=\"Preparation_du_chantier_et_emplacement_de_lequipement\"><\/span>Pr\u00e9paration du chantier et emplacement de l\u2019\u00e9quipement&nbsp;<span class=\"ez-toc-section-end\"><\/span><\/h2>\n\n\n\n<p>Une installation <strong>VMC double flux<\/strong> r\u00e9ussie commence par un emplacement bien choisi, qui facilite la pose initiale et les futures interventions de maintenance.<\/p>\n\n\n\n<p>Les dimensions de l\u2019\u00e9quipement conditionnent l\u2019espace n\u00e9cessaire&nbsp;:<\/p>\n\n\n\n<ul class=\"wp-block-list\">\n<li><strong>DOMEO EVO 225<\/strong>&nbsp;: 600&nbsp;\u00d7&nbsp;955&nbsp;\u00d7&nbsp;460&nbsp;mm | 35,5&nbsp;kg<\/li>\n\n\n\n<li><strong>DOMEO EVO 315<\/strong>&nbsp;: 700&nbsp;\u00d7&nbsp;1&nbsp;046&nbsp;\u00d7&nbsp;603&nbsp;mm | 46,5&nbsp;kg<\/li>\n\n\n\n<li><strong>DOMEO EVO 450<\/strong>&nbsp;: 700&nbsp;\u00d7&nbsp;1&nbsp;046&nbsp;\u00d7&nbsp;753&nbsp;mm | 57&nbsp;kg<\/li>\n<\/ul>\n\n\n\n<p>Ces poids justifient l\u2019utilisation syst\u00e9matique du <strong>support mural <\/strong>inclus de s\u00e9rie.<\/p>\n\n\n\n<p>L\u2019accessibilit\u00e9 est prioritaire&nbsp;: pr\u00e9voir un espace de d\u00e9gagement devant l\u2019appareil pour le changement des filtres. La proximit\u00e9 du centre de distribution limite les longueurs de conduits et am\u00e9liore l\u2019\u00e9quilibre des d\u00e9bits. <strong>L\u2019\u00e9vacuation des condensats<\/strong> doit avoir une pente correcte vers le point d\u2019\u00e9vacuation.<\/p>\n\n\n\n<p>Certaines centrales occupent un volume non chauff\u00e9 (combles, garage, vide sanitaire). Dans ce cas, l\u2019isolation des conduits \u00e9vite la condensation et les pertes thermiques.<\/p>\n\n\n\n<h2 class=\"wp-block-heading\"><span class=\"ez-toc-section\" id=\"Reseaux_aerauliques_passage_isolation_et_etancheite\"><\/span>R\u00e9seaux a\u00e9rauliques&nbsp;: passage, isolation et \u00e9tanch\u00e9it\u00e9<span class=\"ez-toc-section-end\"><\/span><\/h2>\n\n\n\n<p>La bonne ex\u00e9cution des r\u00e9seaux a\u00e9rauliques conditionne directement le <strong>rendement thermique<\/strong> du syst\u00e8me. L\u2019\u00e9tanch\u00e9it\u00e9 et l\u2019isolation des conduits d\u00e9terminent le niveau d\u2019efficacit\u00e9 r\u00e9el de l\u2019installation. Des d\u00e9fauts entra\u00eenent des pertes thermiques et des condensations qui compromettent la r\u00e9cup\u00e9ration d\u2019\u00e9nergie.<\/p>\n\n\n\n<p>Le diam\u00e8tre des connexions varie selon le mod\u00e8le&nbsp;: 125&nbsp;mm pour le <strong>DOMEO EVO 225<\/strong>, 160&nbsp;mm pour le 315 et 200&nbsp;mm pour le 450. Ce dimensionnement correspond aux d\u00e9bits de chaque appareil et conditionne le choix des accessoires de distribution.<\/p>\n\n\n\n<p>Les conduits semi-rigides avec joints <strong>d\u2019\u00e9tanch\u00e9it\u00e9 <\/strong>offrent flexibilit\u00e9, sections optimis\u00e9es et herm\u00e9ticit\u00e9 garantie. Ils permettent de minimiser les fuites d\u2019air par rapport aux syst\u00e8mes sans joints, une diff\u00e9rence qui peut d\u00e9terminer le r\u00e9sultat du contr\u00f4le RE2020. Le <strong>protocole Promevent RE2020<\/strong> impose des seuils de fuites maximales que ces r\u00e9seaux permettent de respecter plus facilement.<\/p>\n\n\n\n<p>L\u2019isolation thermique des conduits est indispensable lorsqu\u2019ils traversent des zones non chauff\u00e9es (combles, garages, vides sanitaires). Un conduit non isol\u00e9 en contact avec l\u2019air froid provoque une condensation int\u00e9rieure. Ces pertes thermiques r\u00e9duisent \u00e9galement l\u2019efficacit\u00e9 de l\u2019\u00e9changeur. La bonne pratique consiste \u00e0 utiliser des gaines isol\u00e9es d\u2019origine ou \u00e0 appliquer une isolation compl\u00e9mentaire avec barri\u00e8re de vapeur continue.<\/p>\n\n\n\n<p>La m\u00e9thodologie suit une s\u00e9quence logique. D\u2019abord, r\u00e9aliser le trac\u00e9 complet avant de commencer les travaux. Ensuite, installer les caissons de distribution en position strat\u00e9gique. Puis, poser les conduits en respectant les rayons de courbure minimaux, avec une l\u00e9g\u00e8re pente vers l\u2019unit\u00e9. Enfin, sceller les joints avec du <strong>ruban adh\u00e9sif aluminium.<\/strong><\/p>\n\n\n\n<h3 class=\"wp-block-heading\">Syst\u00e8me PLUGGIT&nbsp;: distribution simplifi\u00e9e<\/h3>\n\n\n\n<p>Le <strong>syst\u00e8me PLUGGIT<\/strong> offre une solution de distribution sp\u00e9cifiquement con\u00e7ue pour le DOMEO EVO. Les <strong>kits d\u2019accessoires PLUGGIT<\/strong> (PLI&nbsp;50 pour les pl\u00e9nums, NOD&nbsp;50 pour les nourrices) incluent tous les composants n\u00e9cessaires pour les configurations T4\/2S ou T5\/4S&nbsp;: pl\u00e9nums, adaptateurs, bouches d\u2019insufflation\/extraction et raccords.<\/p>\n\n\n\n<p>Cette solution pr\u00e9configur\u00e9e simplifie la gestion du mat\u00e9riel sur chantier et garantit la compatibilit\u00e9 de tous les composants. Elle optimise ainsi la pose du DOMEO EVO, que ce soit en gaine souple isol\u00e9e ou en r\u00e9seau PLUGGIT oblong. Elle permet de r\u00e9duire significativement le temps de pose par rapport aux installations traditionnelles gr\u00e2ce \u00e0&nbsp;:<\/p>\n\n\n\n<ul class=\"wp-block-list\">\n<li>L\u2019\u00e9limination des mesures et d\u00e9coupes sur chantier<\/li>\n\n\n\n<li>La garantie de compatibilit\u00e9 entre tous les composants<\/li>\n\n\n\n<li>La r\u00e9duction des d\u00e9placements pour chercher des pi\u00e8ces manquantes<\/li>\n\n\n\n<li>Des connexions rapides entre pl\u00e9nums et conduits<\/li>\n<\/ul>\n\n\n\n<h2 class=\"wp-block-heading\"><span class=\"ez-toc-section\" id=\"Raccordements_electriques_et_integration_des_modules\"><\/span>Raccordements \u00e9lectriques et int\u00e9gration des modules<span class=\"ez-toc-section-end\"><\/span><\/h2>\n\n\n\n<p><a href=\"https:\/\/www.solerpalau.com\/blog\/fr-fr\/vmc-double-flux-domeo-evo\/\" target=\"_blank\" rel=\"noreferrer noopener\">Le DOMEO EVO<\/a> simplifie les <strong>raccordements \u00e9lectriques<\/strong> gr\u00e2ce \u00e0 des composants pr\u00e9par\u00e9s en usine. Le <strong>c\u00e2ble d\u2019alimentation \u00e9lectrique pr\u00e9-c\u00e2bl\u00e9<\/strong> (1,50&nbsp;m) permet une connexion directe sans pr\u00e9paration de c\u00e2blage suppl\u00e9mentaire. La <strong>commande de pilotage d\u00e9port\u00e9e<\/strong> inclut \u00e9galement son c\u00e2ble de connexion pr\u00e9par\u00e9 en version filaire (jusqu\u2019\u00e0 30&nbsp;m), ou s\u2019installe sans c\u00e2ble en version radio (jusqu\u2019\u00e0 50&nbsp;m).<\/p>\n\n\n\n<p>La <strong>batterie de pr\u00e9chauffage<\/strong> (accessoire optionnel) optimise l\u2019efficacit\u00e9 de l\u2019\u00e9changeur thermique lorsque les temp\u00e9ratures ext\u00e9rieures sont tr\u00e8s basses. Elle s\u2019int\u00e8gre facilement dans le r\u00e9cup\u00e9rateur d\u2019\u00e9nergie et sa gestion est enti\u00e8rement automatique, \u00e9vitant le montage de batteries externes.<\/p>\n\n\n\n<p>Les options de r\u00e9gulation permettent d\u2019adapter le syst\u00e8me aux exigences du projet&nbsp;:<\/p>\n\n\n\n<ul class=\"wp-block-list\">\n<li><strong>Commande filaire<\/strong>&nbsp;: installations standard<\/li>\n\n\n\n<li><strong>Commande radio<\/strong>&nbsp;: flexibilit\u00e9 maximale<\/li>\n\n\n\n<li><strong>Sondes DHU<\/strong>&nbsp;: gestion automatis\u00e9e de l\u2019humidit\u00e9<\/li>\n\n\n\n<li><strong>Sondes AIRSENS<\/strong>&nbsp;: gestion automatique de la QAI (versions SERENITE)<\/li>\n<\/ul>\n\n\n\n<p>Le <strong>module ConnectAir<\/strong> (accessoire optionnel) permet un diagnostic \u00e0 distance, le suivi de l\u2019encrassement des filtres, la r\u00e9ception d\u2019alertes en cas de dysfonctionnement et l&rsquo;analyse de l&rsquo;utilisation du recuperateur d&rsquo;energie. Il est compatible avec l\u2019ensemble de la gamme DOMEO EVO.<\/p>\n\n\n<div class=\"wp-block-image\">\n<figure class=\"aligncenter size-full is-resized\"><img loading=\"lazy\" decoding=\"async\" width=\"640\" height=\"640\" src=\"https:\/\/www.solerpalau.com\/blog\/fr-fr\/wp-content\/uploads\/sites\/2\/2026\/03\/DOMEO-EVO-ISOMETRIQUE.jpg\" alt=\"\" class=\"wp-image-6011\" style=\"width:372px;height:auto\" srcset=\"https:\/\/www.solerpalau.com\/blog\/fr-fr\/wp-content\/uploads\/sites\/2\/2026\/03\/DOMEO-EVO-ISOMETRIQUE.jpg 640w, https:\/\/www.solerpalau.com\/blog\/fr-fr\/wp-content\/uploads\/sites\/2\/2026\/03\/DOMEO-EVO-ISOMETRIQUE-600x600.jpg 600w, https:\/\/www.solerpalau.com\/blog\/fr-fr\/wp-content\/uploads\/sites\/2\/2026\/03\/DOMEO-EVO-ISOMETRIQUE-150x150.jpg 150w\" sizes=\"auto, (max-width: 640px) 100vw, 640px\" \/><\/figure><\/div>\n\n\n<!--HubSpot Call-to-Action Code --><span class=\"hs-cta-wrapper\" id=\"hs-cta-wrapper-ac73e051-3bd1-4d87-9bc3-8cd6645a02b1\"><span class=\"hs-cta-node hs-cta-ac73e051-3bd1-4d87-9bc3-8cd6645a02b1\" id=\"hs-cta-ac73e051-3bd1-4d87-9bc3-8cd6645a02b1\"><!--[if lte IE 8]><div id=\"hs-cta-ie-element\"><\/div><![endif]--><a href=\"https:\/\/cta-redirect.hubspot.com\/cta\/redirect\/2009592\/ac73e051-3bd1-4d87-9bc3-8cd6645a02b1\" ><img decoding=\"async\" class=\"hs-cta-img\" id=\"hs-cta-img-ac73e051-3bd1-4d87-9bc3-8cd6645a02b1\" style=\"border-width:0px;\" src=\"https:\/\/no-cache.hubspot.com\/cta\/default\/2009592\/ac73e051-3bd1-4d87-9bc3-8cd6645a02b1.png\"  alt=\"EBOOK: Quelle VMC et solutions de ventilation pour votre maison ? [T\u00e9l\u00e9chargez  gratuitement]\"\/><\/a><\/span><script charset=\"utf-8\" src=\"https:\/\/js.hscta.net\/cta\/current.js\"><\/script><script type=\"text\/javascript\"> hbspt.cta.load(2009592, 'ac73e051-3bd1-4d87-9bc3-8cd6645a02b1', {\"useNewLoader\":\"true\",\"region\":\"na1\"}); <\/script><\/span><!-- end HubSpot Call-to-Action Code -->\n\n\n\n<h2 class=\"wp-block-heading\"><span class=\"ez-toc-section\" id=\"Tests_de_reception_mise_en_service_VMC_et_reglages_pour_un_rendement_optimal\"><\/span>Tests de r\u00e9ception, mise en service VMC et r\u00e9glages pour un rendement optimal<span class=\"ez-toc-section-end\"><\/span><\/h2>\n\n\n\n<p>La mise en service valide l\u2019installation et prot\u00e8ge le professionnel contre les r\u00e9clamations.<\/p>\n\n\n\n<p>Avant le d\u00e9marrage, v\u00e9rifier que les raccords des conduits sont scell\u00e9s, les filtres positionn\u00e9s, l\u2019\u00e9vacuation des condensats avec une pente correcte et toutes les bouches install\u00e9es. Apr\u00e8s avoir aliment\u00e9 le syst\u00e8me, v\u00e9rifier le <strong>fonctionnement des ventilateurs, l\u2019absence de vibrations et le sens correct du flux \u00e0 chaque bouche<\/strong>.<\/p>\n\n\n\n<h3 class=\"wp-block-heading\">Configuration et r\u00e9glages pour optimiser la r\u00e9cup\u00e9ration d\u2019\u00e9nergie<\/h3>\n\n\n\n<p>La configuration correcte des modes de fonctionnement d\u00e9termine l\u2019efficacit\u00e9 de la r\u00e9cup\u00e9ration d\u2019\u00e9nergie.<\/p>\n\n\n\n<p>La <strong>petite vitesse (PV)<\/strong> doit \u00eatre r\u00e9gl\u00e9e pour maintenir les d\u00e9bits minimaux r\u00e9glementaires sans surventilation inutile&nbsp;: un d\u00e9bit excessif augmente la consommation \u00e9lectrique sans am\u00e9liorer la qualit\u00e9 de l\u2019air. Le <strong>mode BOOST<\/strong> s\u2019active automatiquement ou manuellement lors de forte production d\u2019humidit\u00e9 (cuisine, douche). Il revient en PV une fois l\u2019ambiance stabilis\u00e9e, \u00e9vitant ainsi de gaspiller les calories r\u00e9cup\u00e9r\u00e9es.<\/p>\n\n\n\n<p>Le <strong>mode absence<\/strong> r\u00e9duit significativement le d\u00e9bit, limitant les pertes thermiques dans les logements inoccup\u00e9s ou \u00e0 occupation irr\u00e9guli\u00e8re.<\/p>\n\n\n\n<p>Le <strong>by-pass<\/strong> doit \u00eatre configur\u00e9 pour s\u2019activer automatiquement lorsque la temp\u00e9rature ext\u00e9rieure est inf\u00e9rieure \u00e0 la temp\u00e9rature int\u00e9rieure, permettant le rafra\u00eechissement nocturne en \u00e9t\u00e9. Un by-pass mal configur\u00e9 peut annuler la r\u00e9cup\u00e9ration de chaleur en hiver.<\/p>\n\n\n\n<h3 class=\"wp-block-heading\">Tests de conformit\u00e9 et livraison<\/h3>\n\n\n\n<p><a href=\"https:\/\/www.solerpalau.com\/blog\/fr-fr\/systemes-de-ventilation-relever-le-defi-de-la-re2020\/\" target=\"_blank\" rel=\"noreferrer noopener\">Les contr\u00f4leurs RE2020<\/a> v\u00e9rifient des points sp\u00e9cifiques que l\u2019installateur doit anticiper. La mesure des d\u00e9bits au<strong> balom\u00e8tre <\/strong>permet de comparer les valeurs r\u00e9elles avec les valeurs nominales du dimensionnement. Les valeurs mesur\u00e9es doivent respecter les seuils r\u00e9glementaires du <strong>protocole Promevent RE2020<\/strong>&nbsp;; les d\u00e9s\u00e9quilibres significatifs doivent \u00eatre corrig\u00e9s. Le contr\u00f4leur v\u00e9rifie l\u2019\u00e9tanch\u00e9it\u00e9 avec le syst\u00e8me en fonctionnement et d\u00e9tecte les fuites \u00e0 sceller. La position du rejet en toiture doit respecter la norme <strong>DTU&nbsp;68.3.<\/strong><\/p>\n\n\n\n<p>Pour la livraison, pr\u00e9parer la documentation compl\u00e8te&nbsp;: manuel d\u2019utilisation, <strong>fiche de maintenance<\/strong> et certificats de conformit\u00e9. Consacrer quelques minutes \u00e0 expliquer au client le fonctionnement de base r\u00e9duit significativement les appels de service ult\u00e9rieurs.<\/p>\n\n\n\n<p>Besoin d\u2019un support technique pour vos projets de VMC double flux\u00a0? <a href=\"https:\/\/info.solerpalau.com\/fr\/conseils-techniques-ventilation\">L\u2019\u00e9quipe S&amp;P est disponible pour accompagner les professionnels \u00e0 toutes les \u00e9tapes du projet.<\/a><\/p>\n\n\n\n<h2 class=\"wp-block-heading\"><span class=\"ez-toc-section\" id=\"FAQ\"><\/span>FAQ<span class=\"ez-toc-section-end\"><\/span><\/h2>\n\n\n\n<h3 class=\"wp-block-heading\">Pourquoi faut-il isoler les gaines d&rsquo;une VMC double flux ?<\/h3>\n\n\n\n<p>L&rsquo;isolation des gaines est indispensable lorsqu&rsquo;elles traversent des zones non chauff\u00e9es (combles, garages, vides sanitaires). Sans isolation, la condensation se forme \u00e0 l&rsquo;int\u00e9rieur des conduits et r\u00e9duit l&rsquo;efficacit\u00e9 de l&rsquo;\u00e9changeur thermique. Les <strong>gaines isol\u00e9es avec barri\u00e8re de vapeur continue<\/strong> pr\u00e9viennent les pertes thermiques et garantissent l&rsquo;\u00e9tanch\u00e9it\u00e9 du r\u00e9seau, optimisant ainsi la r\u00e9cup\u00e9ration d&rsquo;\u00e9nergie.<\/p>\n\n\n\n<h3 class=\"wp-block-heading\">Quels points v\u00e9rifier avant la mise en service d&rsquo;une VMC double flux ?<\/h3>\n\n\n\n<p>Avant le d\u00e9marrage, v\u00e9rifiez que les raccords des conduits sont scell\u00e9s, les filtres correctement positionn\u00e9s, et l&rsquo;\u00e9vacuation des condensats avec une pente correcte. Toutes les bouches d&rsquo;extraction et d&rsquo;insufflation doivent \u00eatre install\u00e9es. Apr\u00e8s alimentation, contr\u00f4lez le fonctionnement des ventilateurs, l&rsquo;absence de vibrations, et le sens du flux \u00e0 chaque bouche pour valider l&rsquo;installation.<\/p>\n\n\n\n<h3 class=\"wp-block-heading\">Comment optimiser la r\u00e9cup\u00e9ration d&rsquo;\u00e9nergie ?<\/h3>\n\n\n\n<p>R\u00e9glez la petite vitesse (PV) pour maintenir les d\u00e9bits r\u00e9glementaires sans surventilation. Le mode BOOST s&rsquo;active lors de forte humidit\u00e9 puis revient en PV pour \u00e9viter de gaspiller les calories r\u00e9cup\u00e9r\u00e9es. Le mode absence r\u00e9duit le d\u00e9bit dans les logements inoccup\u00e9s. Configurez le by-pass pour qu&rsquo;il s&rsquo;active automatiquement en \u00e9t\u00e9, permettant le rafra\u00eechissement nocturne sans annuler la r\u00e9cup\u00e9ration de chaleur en hiver.<\/p>\n\n\n\n<div class=\"hs-cta-embed hs-cta-simple-placeholder hs-cta-embed-174390810385\"\n  style=\"max-width:100%; max-height:100%; width:651px;height:311.19793701171875px\" data-hubspot-wrapper-cta-id=\"174390810385\">\n  <a href=\"https:\/\/cta-service-cms2.hubspot.com\/web-interactives\/public\/v1\/track\/redirect?encryptedPayload=AVxigLLZPMQopWXmFoQkqea5outQpO4MM0Tm0f%2FNVrE5i%2FMrj8iXHmWzRv1V4mL9bakzfICbKtqx3oA1J79NROb9M2kwlgTD9ZECebvpuvk2usqCHLXwYfwK9VMJiMQuoqUzg1B%2BaxCwaXCR3jBgytEq1omYf6rfGPRv5tcQcUBohugo1wG4om48HL0fhQwhlksFLmDHvDWodrB0qiS6rQA%3D&#038;webInteractiveContentId=174390810385&#038;portalId=2009592\" target=\"_blank\" rel=\"noopener\" crossorigin=\"anonymous\">\n    <img decoding=\"async\" alt=\"&Eacute;QUIPE COMMERCIALE\" loading=\"lazy\" src=\"https:\/\/no-cache.hubspot.com\/cta\/default\/2009592\/interactive-174390810385.png\" style=\"height: 100%; width: 100%; object-fit: fill\"\n      onerror=\"this.style.display='none'\" \/>\n  <\/a>\n<\/div>\n","protected":false},"excerpt":{"rendered":"<p>Ma\u00eetriser les protocoles d\u2019installation VMC double flux fait la diff\u00e9rence entre un chantier qui donne lieu \u00e0 des r\u00e9clamations et un chantier qui consolide la r\u00e9putation du professionnel. Cet article d\u00e9taille la m\u00e9thodologie compl\u00e8te, de la pr\u00e9paration aux tests de r\u00e9ception, avec une attention particuli\u00e8re aux innovations qui optimisent le temps de pose. Pr\u00e9paration du<\/p>\n","protected":false},"author":10,"featured_media":6010,"comment_status":"closed","ping_status":"closed","sticky":false,"template":"","format":"standard","meta":{"_acf_changed":false,"footnotes":""},"categories":[21,26],"tags":[],"class_list":["post-6003","post","type-post","status-publish","format-standard","has-post-thumbnail","hentry","category-assistance-technique","category-ventilation-vmc"],"acf":[],"yoast_head":"<!-- This site is optimized with the Yoast SEO plugin v26.1 - https:\/\/yoast.com\/wordpress\/plugins\/seo\/ -->\n<title>Guide d&#039;installation VMC double flux - S&amp;P<\/title>\n<meta name=\"description\" content=\"Installation VMC double flux : protocoles techniques pour positionnement, r\u00e9seaux, raccordements et mise en service DOMEO EVO.\" \/>\n<meta name=\"robots\" content=\"index, follow, max-snippet:-1, max-image-preview:large, max-video-preview:-1\" \/>\n<link rel=\"canonical\" href=\"https:\/\/www.solerpalau.com\/blog\/fr-fr\/guide-installation-vmc-double-flux\/\" \/>\n<meta property=\"og:locale\" content=\"fr_FR\" \/>\n<meta property=\"og:type\" content=\"article\" \/>\n<meta property=\"og:title\" content=\"Guide d&#039;installation VMC double flux - S&amp;P\" \/>\n<meta property=\"og:description\" content=\"Installation VMC double flux : protocoles techniques pour positionnement, r\u00e9seaux, raccordements et mise en service DOMEO EVO.\" \/>\n<meta property=\"og:url\" content=\"https:\/\/www.solerpalau.com\/blog\/fr-fr\/guide-installation-vmc-double-flux\/\" \/>\n<meta property=\"og:site_name\" content=\"S&amp;P Syst\u00e8mes de Ventilation\" \/>\n<meta property=\"article:published_time\" content=\"2026-03-12T10:55:10+00:00\" \/>\n<meta property=\"article:modified_time\" content=\"2026-03-13T09:52:25+00:00\" \/>\n<meta property=\"og:image\" content=\"https:\/\/www.solerpalau.com\/blog\/fr-fr\/wp-content\/uploads\/sites\/2\/2026\/03\/guide-dinstallation-vmc-double-flux-protocoles-techniques-pour-une-mise-en-oeuvre-optimale-3.jpg\" \/>\n\t<meta property=\"og:image:width\" content=\"1994\" \/>\n\t<meta property=\"og:image:height\" content=\"902\" \/>\n\t<meta property=\"og:image:type\" content=\"image\/jpeg\" \/>\n<meta name=\"author\" content=\"S&amp;P\" \/>\n<meta name=\"twitter:card\" content=\"summary_large_image\" \/>\n<meta name=\"twitter:label1\" content=\"\u00c9crit par\" \/>\n\t<meta name=\"twitter:data1\" content=\"S&amp;P\" \/>\n\t<meta name=\"twitter:label2\" content=\"Dur\u00e9e de lecture estim\u00e9e\" \/>\n\t<meta name=\"twitter:data2\" content=\"8 minutes\" \/>\n<!-- \/ Yoast SEO plugin. -->","yoast_head_json":{"title":"Guide d'installation VMC double flux - S&P","description":"Installation VMC double flux : protocoles techniques pour positionnement, r\u00e9seaux, raccordements et mise en service DOMEO EVO.","robots":{"index":"index","follow":"follow","max-snippet":"max-snippet:-1","max-image-preview":"max-image-preview:large","max-video-preview":"max-video-preview:-1"},"canonical":"https:\/\/www.solerpalau.com\/blog\/fr-fr\/guide-installation-vmc-double-flux\/","og_locale":"fr_FR","og_type":"article","og_title":"Guide d'installation VMC double flux - S&P","og_description":"Installation VMC double flux : protocoles techniques pour positionnement, r\u00e9seaux, raccordements et mise en service DOMEO EVO.","og_url":"https:\/\/www.solerpalau.com\/blog\/fr-fr\/guide-installation-vmc-double-flux\/","og_site_name":"S&amp;P Syst\u00e8mes de Ventilation","article_published_time":"2026-03-12T10:55:10+00:00","article_modified_time":"2026-03-13T09:52:25+00:00","og_image":[{"width":1994,"height":902,"url":"https:\/\/www.solerpalau.com\/blog\/fr-fr\/wp-content\/uploads\/sites\/2\/2026\/03\/guide-dinstallation-vmc-double-flux-protocoles-techniques-pour-une-mise-en-oeuvre-optimale-3.jpg","type":"image\/jpeg"}],"author":"S&amp;P","twitter_card":"summary_large_image","twitter_misc":{"\u00c9crit par":"S&amp;P","Dur\u00e9e de lecture estim\u00e9e":"8 minutes"},"schema":{"@context":"https:\/\/schema.org","@graph":[{"@type":"WebPage","@id":"https:\/\/www.solerpalau.com\/blog\/fr-fr\/guide-installation-vmc-double-flux\/","url":"https:\/\/www.solerpalau.com\/blog\/fr-fr\/guide-installation-vmc-double-flux\/","name":"Guide d'installation VMC double flux - S&P","isPartOf":{"@id":"https:\/\/www.solerpalau.com\/blog\/fr-fr\/#website"},"primaryImageOfPage":{"@id":"https:\/\/www.solerpalau.com\/blog\/fr-fr\/guide-installation-vmc-double-flux\/#primaryimage"},"image":{"@id":"https:\/\/www.solerpalau.com\/blog\/fr-fr\/guide-installation-vmc-double-flux\/#primaryimage"},"thumbnailUrl":"https:\/\/www.solerpalau.com\/blog\/fr-fr\/wp-content\/uploads\/sites\/2\/2026\/03\/guide-dinstallation-vmc-double-flux-protocoles-techniques-pour-une-mise-en-oeuvre-optimale-3.jpg","datePublished":"2026-03-12T10:55:10+00:00","dateModified":"2026-03-13T09:52:25+00:00","author":{"@id":"https:\/\/www.solerpalau.com\/blog\/fr-fr\/#\/schema\/person\/a649fcc0fccdca5446ea2bc371ad5cb9"},"description":"Installation VMC double flux : protocoles techniques pour positionnement, r\u00e9seaux, raccordements et mise en service DOMEO EVO.","breadcrumb":{"@id":"https:\/\/www.solerpalau.com\/blog\/fr-fr\/guide-installation-vmc-double-flux\/#breadcrumb"},"inLanguage":"fr-FR","potentialAction":[{"@type":"ReadAction","target":["https:\/\/www.solerpalau.com\/blog\/fr-fr\/guide-installation-vmc-double-flux\/"]}]},{"@type":"ImageObject","inLanguage":"fr-FR","@id":"https:\/\/www.solerpalau.com\/blog\/fr-fr\/guide-installation-vmc-double-flux\/#primaryimage","url":"https:\/\/www.solerpalau.com\/blog\/fr-fr\/wp-content\/uploads\/sites\/2\/2026\/03\/guide-dinstallation-vmc-double-flux-protocoles-techniques-pour-une-mise-en-oeuvre-optimale-3.jpg","contentUrl":"https:\/\/www.solerpalau.com\/blog\/fr-fr\/wp-content\/uploads\/sites\/2\/2026\/03\/guide-dinstallation-vmc-double-flux-protocoles-techniques-pour-une-mise-en-oeuvre-optimale-3.jpg","width":1994,"height":902,"caption":"Guide d'installation VMC double flux"},{"@type":"BreadcrumbList","@id":"https:\/\/www.solerpalau.com\/blog\/fr-fr\/guide-installation-vmc-double-flux\/#breadcrumb","itemListElement":[{"@type":"ListItem","position":1,"name":"Accueil","item":"https:\/\/www.solerpalau.com\/blog\/fr-fr\/"},{"@type":"ListItem","position":2,"name":"Guide d\u2019installation VMC double flux\u00a0: protocoles techniques pour une mise en \u0153uvre optimale"}]},{"@type":"WebSite","@id":"https:\/\/www.solerpalau.com\/blog\/fr-fr\/#website","url":"https:\/\/www.solerpalau.com\/blog\/fr-fr\/","name":"S&amp;P Syst\u00e8mes de Ventilation","description":"Le Blog de la Ventilation Efficace","potentialAction":[{"@type":"SearchAction","target":{"@type":"EntryPoint","urlTemplate":"https:\/\/www.solerpalau.com\/blog\/fr-fr\/?s={search_term_string}"},"query-input":{"@type":"PropertyValueSpecification","valueRequired":true,"valueName":"search_term_string"}}],"inLanguage":"fr-FR"},{"@type":"Person","@id":"https:\/\/www.solerpalau.com\/blog\/fr-fr\/#\/schema\/person\/a649fcc0fccdca5446ea2bc371ad5cb9","name":"S&amp;P","image":{"@type":"ImageObject","inLanguage":"fr-FR","@id":"https:\/\/www.solerpalau.com\/blog\/fr-fr\/#\/schema\/person\/image\/","url":"https:\/\/secure.gravatar.com\/avatar\/994644236667321375ba4d21a34a002e2bcfd7b33a114caa4c9dc488ece6c970?s=96&d=mm&r=g","contentUrl":"https:\/\/secure.gravatar.com\/avatar\/994644236667321375ba4d21a34a002e2bcfd7b33a114caa4c9dc488ece6c970?s=96&d=mm&r=g","caption":"S&amp;P"},"url":"https:\/\/www.solerpalau.com\/blog\/fr-fr\/author\/binaria\/"}]}},"reading_time":"<span class=\"span-reading-time rt-reading-time\"><span class=\"rt-label rt-prefix\"><\/span> <span class=\"rt-time\"> 5<\/span> <span class=\"rt-label rt-postfix\"> min. de lecture<\/span><\/span>","_links":{"self":[{"href":"https:\/\/www.solerpalau.com\/blog\/fr-fr\/wp-json\/wp\/v2\/posts\/6003","targetHints":{"allow":["GET"]}}],"collection":[{"href":"https:\/\/www.solerpalau.com\/blog\/fr-fr\/wp-json\/wp\/v2\/posts"}],"about":[{"href":"https:\/\/www.solerpalau.com\/blog\/fr-fr\/wp-json\/wp\/v2\/types\/post"}],"author":[{"embeddable":true,"href":"https:\/\/www.solerpalau.com\/blog\/fr-fr\/wp-json\/wp\/v2\/users\/10"}],"replies":[{"embeddable":true,"href":"https:\/\/www.solerpalau.com\/blog\/fr-fr\/wp-json\/wp\/v2\/comments?post=6003"}],"version-history":[{"count":6,"href":"https:\/\/www.solerpalau.com\/blog\/fr-fr\/wp-json\/wp\/v2\/posts\/6003\/revisions"}],"predecessor-version":[{"id":6032,"href":"https:\/\/www.solerpalau.com\/blog\/fr-fr\/wp-json\/wp\/v2\/posts\/6003\/revisions\/6032"}],"wp:featuredmedia":[{"embeddable":true,"href":"https:\/\/www.solerpalau.com\/blog\/fr-fr\/wp-json\/wp\/v2\/media\/6010"}],"wp:attachment":[{"href":"https:\/\/www.solerpalau.com\/blog\/fr-fr\/wp-json\/wp\/v2\/media?parent=6003"}],"wp:term":[{"taxonomy":"category","embeddable":true,"href":"https:\/\/www.solerpalau.com\/blog\/fr-fr\/wp-json\/wp\/v2\/categories?post=6003"},{"taxonomy":"post_tag","embeddable":true,"href":"https:\/\/www.solerpalau.com\/blog\/fr-fr\/wp-json\/wp\/v2\/tags?post=6003"}],"curies":[{"name":"wp","href":"https:\/\/api.w.org\/{rel}","templated":true}]}}