{"id":3890,"date":"2021-11-15T16:15:39","date_gmt":"2021-11-15T15:15:39","guid":{"rendered":"https:\/\/www.solerpalau.com\/blog\/it-it\/?p=3890"},"modified":"2023-06-13T14:12:31","modified_gmt":"2023-06-13T12:12:31","slug":"calcolo-ventilazione-capannone-industriale","status":"publish","type":"post","link":"https:\/\/www.solerpalau.com\/blog\/it-it\/calcolo-ventilazione-capannone-industriale\/","title":{"rendered":"Come calcolare la ventilazione di un capannone industriale?"},"content":{"rendered":"<div id=\"ez-toc-container\" class=\"ez-toc-v2_0_76 counter-hierarchy ez-toc-counter ez-toc-custom ez-toc-container-direction\">\n<div class=\"ez-toc-title-container\">\n<p class=\"ez-toc-title\" style=\"cursor:inherit\">Sommario<\/p>\n<span class=\"ez-toc-title-toggle\"><\/span><\/div>\n<nav><ul class='ez-toc-list ez-toc-list-level-1 ' ><li class='ez-toc-page-1 ez-toc-heading-level-2'><a class=\"ez-toc-link ez-toc-heading-1\" href=\"https:\/\/www.solerpalau.com\/blog\/it-it\/calcolo-ventilazione-capannone-industriale\/#Perche_realizzare_un_calcolo_della_ventilazione_e_dellestrazione_dellaria_in_un_capannone_industriale\" >Perch\u00e9 realizzare un calcolo della ventilazione e dell\u2019estrazione dell\u2019aria in un capannone industriale?<\/a><\/li><li class='ez-toc-page-1 ez-toc-heading-level-2'><a class=\"ez-toc-link ez-toc-heading-2\" href=\"https:\/\/www.solerpalau.com\/blog\/it-it\/calcolo-ventilazione-capannone-industriale\/#Raccomandazioni_per_realizzare_un_calcolo_corretto_della_ventilazione_e_dellestrazione_dellaria_in_un_capannone_industriale\" >Raccomandazioni per realizzare un calcolo corretto della ventilazione e dell\u2019estrazione dell\u2019aria in un capannone industriale<\/a><\/li><li class='ez-toc-page-1 ez-toc-heading-level-2'><a class=\"ez-toc-link ez-toc-heading-3\" href=\"https:\/\/www.solerpalau.com\/blog\/it-it\/calcolo-ventilazione-capannone-industriale\/#I_fattori_determinanti_per_la_progettazione_di_un_sistema_di_ventilazione_industriale_efficiente\" >I fattori determinanti per la progettazione di un sistema di ventilazione industriale efficiente<\/a><\/li><\/ul><\/nav><\/div>\n<p><span style=\"font-weight: 400;\">L&#8217;implementazione di un efficiente sistema di ventilazione meccanica negli ambienti di lavoro \u00e8 una realt\u00e0 indiscutibile, ma altrettanto importante \u00e8 progettare correttamente l&#8217;impianto affinch\u00e9 possa soddisfare le reali esigenze dell\u2019azienda. Per ottenere ci\u00f2, \u00e8 essenziale eseguire un <b>calcolo preventivo della ventilazione e dell&#8217;estrazione dell&#8217;aria<\/b>. Questo studio deve rispondere a determinati requisiti, analizzare diversi fattori e considerare alcuni dati essenziali se vogliamo che sia veramente adeguato per garantire il benessere ambientale e il rispetto delle normative vigenti. Descriviamo in dettaglio di seguito questo insieme di calcoli e di tecniche.<\/span><\/p>\n<p><!--more--><\/p>\n<p><\/p>\n<h2><span class=\"ez-toc-section\" id=\"Perche_realizzare_un_calcolo_della_ventilazione_e_dellestrazione_dellaria_in_un_capannone_industriale\"><\/span><b>Perch\u00e9 realizzare un calcolo della ventilazione e dell\u2019estrazione dell\u2019aria in un capannone industriale?<\/b><span class=\"ez-toc-section-end\"><\/span><\/h2>\n<p><span style=\"font-weight: 400;\">Grazie alle loro grandi dimensioni, i capannoni industriali sono spazi che vengono destinati alle attivit\u00e0 produttive. In genere le aziende affittano queste strutture o addirittura le acquistano senza tener conto che la maggior parte di esse sono state costruite decenni fa, in un momento in cui i requisiti di salute, sicurezza o efficienza energetica erano inesistenti. Solitamente non soddisfano nemmeno i requisiti minimi relativi all&#8217;illuminazione, alle condizioni termiche o alla qualit\u00e0 dell&#8217;aria.<\/span><\/p>\n<p><span style=\"font-weight: 400;\">Questa realt\u00e0 \u00e8 sufficiente a giustificare la necessit\u00e0 di realizzare un calcolo preventivo della ventilazione e dell\u2019estrazione dell\u2019aria in un capannone industriale, al fine di identificare queste carenze e poter progettare un sistema che garantisca la sicurezza dei lavoratori e che, ovviamente, soddisfi i requisiti normativi vigenti sull\u2019edilizia e la qualit\u00e0 dei processi industriali (Norme ISO).<\/span><\/p>\n<p><span style=\"font-weight: 400;\">Oltre a questo, non bisogna ignorare l&#8217;importanza che la qualit\u00e0 dell&#8217;aria e il benessere termico negli ambienti industriali hanno sulla produttivit\u00e0. Dipendenti che lavorano pi\u00f9 serenamente perch\u00e8 sanno che la loro sicurezza non \u00e8 in pericolo, e pi\u00f9 a loro agio, perch\u00e9 l&#8217;ambiente \u00e8 oggettivamente pi\u00f9 confortevole, hanno un rendimento pi\u00f9 elevato, riducendo al contempo l&#8217;incidenza delle assenze per malattia, il livello di assenteismo e le agitazioni sindacali.<\/span><\/p>\n<p><\/p>\n<h2><span class=\"ez-toc-section\" id=\"Raccomandazioni_per_realizzare_un_calcolo_corretto_della_ventilazione_e_dellestrazione_dellaria_in_un_capannone_industriale\"><\/span><b>Raccomandazioni per realizzare un calcolo corretto della ventilazione e dell\u2019estrazione dell\u2019aria in un capannone industriale<\/b><span class=\"ez-toc-section-end\"><\/span><\/h2>\n<p><span style=\"font-weight: 400;\">Data l\u2019importanza di calcolare correttamente la ventilazione e l\u2019estrazione dell\u2019aria in un capannone industriale, \u00e8 evidente che questo lavoro deve essere svolto da veri specialisti. Preso atto di questo principio, uno studio preliminare per determinare le caratteristiche principali che deve soddisfare un sistema di ventilazione industriale, deve basarsi su due pilastri: analizzare le condizioni del contesto lavorativo e decidere i ricambi d\u2019aria orari minimi che garantiscano la sufficiente qualit\u00e0 dell\u2019aria nell&#8217;ambiente interno.<\/span><\/p>\n<p><\/p>\n<h3><b>Le condizioni del contesto<\/b><\/h3>\n<p><span style=\"font-weight: 400;\">Qualsiasi sistema di ventilazione ha come principale obiettivo garantire che l\u2019ambiente lavorativo risponda alle esigenze di salubrit\u00e0 e benessere necessari affinch\u00e9 i lavoratori svolgano senza problemi la loro attivit\u00e0. Uno dei fattori chiave per raggiungerlo \u00e8 quello di agire sul ricambio dell\u2019aria, estraendo l\u2019aria inquinata e sostituendola con una sufficiente portata d\u2019aria pulita per ottenere il livello di salubrit\u00e0 raccomandato per i lavoratori.<\/span><\/p>\n<p><span style=\"font-weight: 400;\">Questa \u00e8 ci\u00f2 che si chiama portata d\u2019aria di rinnovo che deve corrispondere ad un calcolo preciso, nel quale intervengono tutti i fattori del contesto precedentemente menzionati. Esistono settori industriali, come quello farmaceutico o agroalimentare, nei quali i livelli di qualit\u00e0 dell\u2019aria possono essere pi\u00f9 alti. Altri, come quello delle miniere sotterranee, hanno necessit\u00e0 specifiche date dal fatto che comprendono attivit\u00e0 molto inquinanti. Tuttavia, in maniera generica, si pu\u00f2 stabilire che il numero minimo di ricambi orari in un capannone industriale debba essere compreso fra i quattro e i dieci volumi\/ora per essere efficace.<\/span><\/p>\n<p><\/p>\n<h2><span class=\"ez-toc-section\" id=\"I_fattori_determinanti_per_la_progettazione_di_un_sistema_di_ventilazione_industriale_efficiente\"><\/span><b>I fattori determinanti per la progettazione di un sistema di ventilazione industriale efficiente<\/b><span class=\"ez-toc-section-end\"><\/span><\/h2>\n<p><span style=\"font-weight: 400;\">La fase di calcolo della ventilazione e dell&#8217;estrazione dell&#8217;aria in un capannone industriale \u00e8 un fattore preliminare essenziale, come abbiamo visto, necessario per progettare il sistema pi\u00f9 adatto per ogni azienda. Certamente, la portata d&#8217;aria di rinnovo \u00e8 fondamentale, ma bisogna prestare attenzione anche ad altri fattori pi\u00f9 specifici, tra cui:<\/span><\/p>\n<ul>\n<li style=\"font-weight: 400;\" aria-level=\"1\"><b>I ventilatori<span style=\"font-weight: 400;\">, analizzando il tipo di ventilatori industriali integrati nel sistema di ventilazione, il loro numero e la loro posizione.<\/span><\/b><\/li>\n<li style=\"font-weight: 400;\" aria-level=\"1\"><span style=\"font-weight: 400;\">Il numero e la posizione dei punti in cui si trovano gli <a href=\"https:\/\/www.solerpalau.com\/blog\/it-it\/estrattori-daria-professionali-cosa-sono-e-quando-utilizzarli\/\">estrattori<\/a>, nonch\u00e9 l&#8217;opportunit\u00e0 di scegliere tra quelli a soffitto o a parete.<\/span><\/li>\n<li style=\"font-weight: 400;\" aria-level=\"1\"><span style=\"font-weight: 400;\">Le dimensioni, la quantit\u00e0 e i punti di installazione delle griglie.<\/span><\/li>\n<li style=\"font-weight: 400;\" aria-level=\"1\"><span style=\"font-weight: 400;\">L&#8217;incidenza dei <b>materiali<\/b> utilizzati sull\u2019aumento del rumore.<\/span><\/li>\n<\/ul>\n<p><span style=\"font-weight: 400;\">Il calcolo della ventilazione e dell&#8217;estrazione dell&#8217;aria in un capannone industriale \u00e8 una delle prime azioni che qualsiasi progetto aziendale deve affrontare, non solo perch\u00e9 esiste una normativa internazionale che lo regola, ma anche per le ripercussioni dirette che ha sul benessere della forza lavoro e sulla produttivit\u00e0. Indubbiamente, una questione cos\u00ec importante deve essere affrontata con le massime garanzie.<\/span><\/p>\n\n\n<!--HubSpot Call-to-Action Code --><span class=\"hs-cta-wrapper\" id=\"hs-cta-wrapper-cf1136a1-339b-4702-a4b4-88f40ff6023b\"><span class=\"hs-cta-node hs-cta-cf1136a1-339b-4702-a4b4-88f40ff6023b\" id=\"hs-cta-cf1136a1-339b-4702-a4b4-88f40ff6023b\"><!--[if lte IE 8]><div id=\"hs-cta-ie-element\"><\/div><![endif]--><a href=\"https:\/\/cta-redirect.hubspot.com\/cta\/redirect\/2009592\/cf1136a1-339b-4702-a4b4-88f40ff6023b\" ><img decoding=\"async\" class=\"hs-cta-img\" id=\"hs-cta-img-cf1136a1-339b-4702-a4b4-88f40ff6023b\" style=\"border-width:0px;\" src=\"https:\/\/no-cache.hubspot.com\/cta\/default\/2009592\/cf1136a1-339b-4702-a4b4-88f40ff6023b.png\"  alt=\"Nueva llamada a la acci\u00f3n\"\/><\/a><\/span><script charset=\"utf-8\" src=\"https:\/\/js.hscta.net\/cta\/current.js\"><\/script><script type=\"text\/javascript\"> hbspt.cta.load(2009592, 'cf1136a1-339b-4702-a4b4-88f40ff6023b', {\"useNewLoader\":\"true\",\"region\":\"na1\"}); <\/script><\/span><!-- end HubSpot Call-to-Action Code -->\n","protected":false},"excerpt":{"rendered":"<p>L&#8217;implementazione di un efficiente sistema di ventilazione meccanica negli ambienti di lavoro \u00e8 una realt\u00e0 indiscutibile, ma altrettanto importante \u00e8 progettare correttamente l&#8217;impianto affinch\u00e9 possa soddisfare le reali esigenze dell\u2019azienda. Per ottenere ci\u00f2, \u00e8 essenziale eseguire un calcolo preventivo della ventilazione e dell&#8217;estrazione dell&#8217;aria. Questo studio deve rispondere a determinati requisiti, analizzare diversi fattori e<\/p>\n","protected":false},"author":10,"featured_media":3891,"comment_status":"open","ping_status":"open","sticky":false,"template":"","format":"standard","meta":{"_acf_changed":false,"footnotes":""},"categories":[3],"tags":[],"class_list":["post-3890","post","type-post","status-publish","format-standard","has-post-thumbnail","hentry","category-sostenibilita-ed-efficienza-energetica"],"acf":[],"yoast_head":"<!-- This site is optimized with the Yoast SEO plugin v26.1 - https:\/\/yoast.com\/wordpress\/plugins\/seo\/ -->\n<title>Come calcolare la ventilazione di un capannone industriale? | S&amp;P<\/title>\n<meta name=\"description\" content=\"\u00c8 essenziale eseguire un calcolo preventivo della ventilazione e dell&#039;estrazione dell\u2019aria per progettare l&#039;impianto affinch\u00e9 possa soddisfare dell\u2019azienda.\" \/>\n<meta name=\"robots\" content=\"index, follow, max-snippet:-1, max-image-preview:large, max-video-preview:-1\" \/>\n<link rel=\"canonical\" href=\"https:\/\/www.solerpalau.com\/blog\/it-it\/calcolo-ventilazione-capannone-industriale\/\" \/>\n<meta property=\"og:locale\" content=\"it_IT\" \/>\n<meta property=\"og:type\" content=\"article\" \/>\n<meta property=\"og:title\" content=\"Come calcolare la ventilazione di un capannone industriale? | S&amp;P\" \/>\n<meta property=\"og:description\" content=\"\u00c8 essenziale eseguire un calcolo preventivo della ventilazione e dell&#039;estrazione dell\u2019aria per progettare l&#039;impianto affinch\u00e9 possa soddisfare dell\u2019azienda.\" \/>\n<meta property=\"og:url\" content=\"https:\/\/www.solerpalau.com\/blog\/it-it\/calcolo-ventilazione-capannone-industriale\/\" \/>\n<meta property=\"og:site_name\" content=\"S&amp;P Sistemi di ventilazione\" \/>\n<meta property=\"article:published_time\" content=\"2021-11-15T15:15:39+00:00\" \/>\n<meta property=\"article:modified_time\" content=\"2023-06-13T12:12:31+00:00\" \/>\n<meta property=\"og:image\" content=\"https:\/\/www.solerpalau.com\/blog\/it-it\/wp-content\/uploads\/sites\/4\/2021\/11\/calcolo-ventilazione-capannone-industriale.jpeg\" \/>\n\t<meta property=\"og:image:width\" content=\"1200\" \/>\n\t<meta property=\"og:image:height\" content=\"627\" \/>\n\t<meta property=\"og:image:type\" content=\"image\/jpeg\" \/>\n<meta name=\"author\" content=\"S&amp;P\" \/>\n<meta name=\"twitter:card\" content=\"summary_large_image\" \/>\n<meta name=\"twitter:label1\" content=\"Scritto da\" \/>\n\t<meta name=\"twitter:data1\" content=\"S&amp;P\" \/>\n\t<meta name=\"twitter:label2\" content=\"Tempo di lettura stimato\" \/>\n\t<meta name=\"twitter:data2\" content=\"4 minuti\" \/>\n<!-- \/ Yoast SEO plugin. -->","yoast_head_json":{"title":"Come calcolare la ventilazione di un capannone industriale? | S&P","description":"\u00c8 essenziale eseguire un calcolo preventivo della ventilazione e dell'estrazione dell\u2019aria per progettare l'impianto affinch\u00e9 possa soddisfare dell\u2019azienda.","robots":{"index":"index","follow":"follow","max-snippet":"max-snippet:-1","max-image-preview":"max-image-preview:large","max-video-preview":"max-video-preview:-1"},"canonical":"https:\/\/www.solerpalau.com\/blog\/it-it\/calcolo-ventilazione-capannone-industriale\/","og_locale":"it_IT","og_type":"article","og_title":"Come calcolare la ventilazione di un capannone industriale? | S&P","og_description":"\u00c8 essenziale eseguire un calcolo preventivo della ventilazione e dell'estrazione dell\u2019aria per progettare l'impianto affinch\u00e9 possa soddisfare dell\u2019azienda.","og_url":"https:\/\/www.solerpalau.com\/blog\/it-it\/calcolo-ventilazione-capannone-industriale\/","og_site_name":"S&amp;P Sistemi di ventilazione","article_published_time":"2021-11-15T15:15:39+00:00","article_modified_time":"2023-06-13T12:12:31+00:00","og_image":[{"width":1200,"height":627,"url":"https:\/\/www.solerpalau.com\/blog\/it-it\/wp-content\/uploads\/sites\/4\/2021\/11\/calcolo-ventilazione-capannone-industriale.jpeg","type":"image\/jpeg"}],"author":"S&amp;P","twitter_card":"summary_large_image","twitter_misc":{"Scritto da":"S&amp;P","Tempo di lettura stimato":"4 minuti"},"schema":{"@context":"https:\/\/schema.org","@graph":[{"@type":"WebPage","@id":"https:\/\/www.solerpalau.com\/blog\/it-it\/calcolo-ventilazione-capannone-industriale\/","url":"https:\/\/www.solerpalau.com\/blog\/it-it\/calcolo-ventilazione-capannone-industriale\/","name":"Come calcolare la ventilazione di un capannone industriale? | S&P","isPartOf":{"@id":"https:\/\/www.solerpalau.com\/blog\/it-it\/#website"},"primaryImageOfPage":{"@id":"https:\/\/www.solerpalau.com\/blog\/it-it\/calcolo-ventilazione-capannone-industriale\/#primaryimage"},"image":{"@id":"https:\/\/www.solerpalau.com\/blog\/it-it\/calcolo-ventilazione-capannone-industriale\/#primaryimage"},"thumbnailUrl":"https:\/\/www.solerpalau.com\/blog\/it-it\/wp-content\/uploads\/sites\/4\/2021\/11\/calcolo-ventilazione-capannone-industriale.jpeg","datePublished":"2021-11-15T15:15:39+00:00","dateModified":"2023-06-13T12:12:31+00:00","author":{"@id":"https:\/\/www.solerpalau.com\/blog\/it-it\/#\/schema\/person\/a649fcc0fccdca5446ea2bc371ad5cb9"},"description":"\u00c8 essenziale eseguire un calcolo preventivo della ventilazione e dell'estrazione dell\u2019aria per progettare l'impianto affinch\u00e9 possa soddisfare dell\u2019azienda.","breadcrumb":{"@id":"https:\/\/www.solerpalau.com\/blog\/it-it\/calcolo-ventilazione-capannone-industriale\/#breadcrumb"},"inLanguage":"it-IT","potentialAction":[{"@type":"ReadAction","target":["https:\/\/www.solerpalau.com\/blog\/it-it\/calcolo-ventilazione-capannone-industriale\/"]}]},{"@type":"ImageObject","inLanguage":"it-IT","@id":"https:\/\/www.solerpalau.com\/blog\/it-it\/calcolo-ventilazione-capannone-industriale\/#primaryimage","url":"https:\/\/www.solerpalau.com\/blog\/it-it\/wp-content\/uploads\/sites\/4\/2021\/11\/calcolo-ventilazione-capannone-industriale.jpeg","contentUrl":"https:\/\/www.solerpalau.com\/blog\/it-it\/wp-content\/uploads\/sites\/4\/2021\/11\/calcolo-ventilazione-capannone-industriale.jpeg","width":1200,"height":627,"caption":"calcolo ventilazione capannone industriale"},{"@type":"BreadcrumbList","@id":"https:\/\/www.solerpalau.com\/blog\/it-it\/calcolo-ventilazione-capannone-industriale\/#breadcrumb","itemListElement":[{"@type":"ListItem","position":1,"name":"Home","item":"https:\/\/www.solerpalau.com\/blog\/it-it\/"},{"@type":"ListItem","position":2,"name":"Come calcolare la ventilazione di un capannone industriale?"}]},{"@type":"WebSite","@id":"https:\/\/www.solerpalau.com\/blog\/it-it\/#website","url":"https:\/\/www.solerpalau.com\/blog\/it-it\/","name":"S&amp;P Sistemi di ventilazione","description":"Il blog della ventilazione efficiente","potentialAction":[{"@type":"SearchAction","target":{"@type":"EntryPoint","urlTemplate":"https:\/\/www.solerpalau.com\/blog\/it-it\/?s={search_term_string}"},"query-input":{"@type":"PropertyValueSpecification","valueRequired":true,"valueName":"search_term_string"}}],"inLanguage":"it-IT"},{"@type":"Person","@id":"https:\/\/www.solerpalau.com\/blog\/it-it\/#\/schema\/person\/a649fcc0fccdca5446ea2bc371ad5cb9","name":"S&amp;P","image":{"@type":"ImageObject","inLanguage":"it-IT","@id":"https:\/\/www.solerpalau.com\/blog\/it-it\/#\/schema\/person\/image\/","url":"https:\/\/secure.gravatar.com\/avatar\/994644236667321375ba4d21a34a002e2bcfd7b33a114caa4c9dc488ece6c970?s=96&d=mm&r=g","contentUrl":"https:\/\/secure.gravatar.com\/avatar\/994644236667321375ba4d21a34a002e2bcfd7b33a114caa4c9dc488ece6c970?s=96&d=mm&r=g","caption":"S&amp;P"},"url":"https:\/\/www.solerpalau.com\/blog\/it-it\/author\/binaria\/"}]}},"reading_time":"<span class=\"span-reading-time rt-reading-time\"><span class=\"rt-label rt-prefix\"><\/span> <span class=\"rt-time\"> 3<\/span> <span class=\"rt-label rt-postfix\"> min. di lettura<\/span><\/span>","_links":{"self":[{"href":"https:\/\/www.solerpalau.com\/blog\/it-it\/wp-json\/wp\/v2\/posts\/3890","targetHints":{"allow":["GET"]}}],"collection":[{"href":"https:\/\/www.solerpalau.com\/blog\/it-it\/wp-json\/wp\/v2\/posts"}],"about":[{"href":"https:\/\/www.solerpalau.com\/blog\/it-it\/wp-json\/wp\/v2\/types\/post"}],"author":[{"embeddable":true,"href":"https:\/\/www.solerpalau.com\/blog\/it-it\/wp-json\/wp\/v2\/users\/10"}],"replies":[{"embeddable":true,"href":"https:\/\/www.solerpalau.com\/blog\/it-it\/wp-json\/wp\/v2\/comments?post=3890"}],"version-history":[{"count":3,"href":"https:\/\/www.solerpalau.com\/blog\/it-it\/wp-json\/wp\/v2\/posts\/3890\/revisions"}],"predecessor-version":[{"id":4302,"href":"https:\/\/www.solerpalau.com\/blog\/it-it\/wp-json\/wp\/v2\/posts\/3890\/revisions\/4302"}],"wp:featuredmedia":[{"embeddable":true,"href":"https:\/\/www.solerpalau.com\/blog\/it-it\/wp-json\/wp\/v2\/media\/3891"}],"wp:attachment":[{"href":"https:\/\/www.solerpalau.com\/blog\/it-it\/wp-json\/wp\/v2\/media?parent=3890"}],"wp:term":[{"taxonomy":"category","embeddable":true,"href":"https:\/\/www.solerpalau.com\/blog\/it-it\/wp-json\/wp\/v2\/categories?post=3890"},{"taxonomy":"post_tag","embeddable":true,"href":"https:\/\/www.solerpalau.com\/blog\/it-it\/wp-json\/wp\/v2\/tags?post=3890"}],"curies":[{"name":"wp","href":"https:\/\/api.w.org\/{rel}","templated":true}]}}