{"id":3935,"date":"2022-02-21T15:18:20","date_gmt":"2022-02-21T14:18:20","guid":{"rendered":"https:\/\/www.solerpalau.com\/blog\/it-it\/?p=3935"},"modified":"2023-06-13T14:40:07","modified_gmt":"2023-06-13T12:40:07","slug":"le-false-soluzioni-contro-l-umidita-da-condensa","status":"publish","type":"post","link":"https:\/\/www.solerpalau.com\/blog\/it-it\/le-false-soluzioni-contro-l-umidita-da-condensa\/","title":{"rendered":"Le false soluzioni contro l\u2019umidit\u00e0 da condensa"},"content":{"rendered":"<div id=\"ez-toc-container\" class=\"ez-toc-v2_0_76 counter-hierarchy ez-toc-counter ez-toc-custom ez-toc-container-direction\">\n<div class=\"ez-toc-title-container\">\n<p class=\"ez-toc-title\" style=\"cursor:inherit\">Sommario<\/p>\n<span class=\"ez-toc-title-toggle\"><\/span><\/div>\n<nav><ul class='ez-toc-list ez-toc-list-level-1 ' ><li class='ez-toc-page-1 ez-toc-heading-level-2'><a class=\"ez-toc-link ez-toc-heading-1\" href=\"https:\/\/www.solerpalau.com\/blog\/it-it\/le-false-soluzioni-contro-l-umidita-da-condensa\/#Cause_della_comparsa_di_umidita\" >Cause della comparsa di umidit\u00e0<\/a><\/li><li class='ez-toc-page-1 ez-toc-heading-level-2'><a class=\"ez-toc-link ez-toc-heading-2\" href=\"https:\/\/www.solerpalau.com\/blog\/it-it\/le-false-soluzioni-contro-l-umidita-da-condensa\/#Soluzioni_ricorrenti\" >Soluzioni ricorrenti<\/a><\/li><li class='ez-toc-page-1 ez-toc-heading-level-2'><a class=\"ez-toc-link ez-toc-heading-3\" href=\"https:\/\/www.solerpalau.com\/blog\/it-it\/le-false-soluzioni-contro-l-umidita-da-condensa\/#Qual_e_la_vera_soluzione\" >Qual \u00e8 la vera soluzione?<\/a><\/li><\/ul><\/nav><\/div>\n<p>L&#8217;<strong>umidit\u00e0 da condensa<\/strong> \u00e8 uno dei problemi pi\u00f9 comuni nelle abitazioni, soprattutto nei vecchi edifici che non sono stati costruiti secondo requisiti tecnici recenti, e quindi senza l\u2019obiettivo di ridurre, limitare ed eliminare l&#8217;umidit\u00e0 dovuta alla condensa.<!--more--><\/p>\n<p><span style=\"font-weight: 400;\">Per comprendere il fenomeno dell&#8217;umidit\u00e0 da condensa e le soluzioni che esistono, dobbiamo prima analizzare il motivo per cui si verifica. L&#8217;umidit\u00e0 da condensa si verifica quando il vapore acqueo presente nell&#8217;aria all&#8217;interno della stanza viene a contatto con una superficie sufficientemente fredda da raggiungere il <b>punto di rugiada<\/b> e si trasforma in un liquido, bagnando la superficie. Il punto di rugiada dipende da:<\/span><\/p>\n<ul>\n<li style=\"font-weight: 400;\" aria-level=\"1\"><b>temperatura<\/b><span style=\"font-weight: 400;\"> dell&#8217;aria<\/span><\/li>\n<li style=\"font-weight: 400;\" aria-level=\"1\"><b>umidit\u00e0<\/b><span style=\"font-weight: 400;\"> assoluta o relativa dell&#8217;aria<\/span><\/li>\n<\/ul>\n<p><span style=\"font-weight: 400;\">A diverse condizioni termoigrometriche, il punto di rugiada viene raggiunto a una determinata temperatura. Come regola generale, per l&#8217;aria ad una certa temperatura, il punto di rugiada aumenta all&#8217;aumentare del livello di umidit\u00e0 dell&#8217;aria, provocando la formazione di <b>condensa<\/b> su superfici meno fredde. Le zone tipiche in cui si verifica questo fenomeno sono le zone poco ventilate o non riscaldate, i vetri delle finestre, le zone dietro gli armadi, le superfici coperte da tende, ecc. La formazione di condensa provoca la comparsa di macchie umide. Queste zone umide sono di solito un punto dove proliferano i funghi, per via delle alte temperature e dell\u2019umidit\u00e0,&nbsp; dando origine a macchie scure e al deterioramento della superficie.<\/span><\/p>\n<p><span style=\"font-weight: 400;\">Nell&#8217;immagine l&#8217;asse orizzontale mostra la temperatura in \u00b0C e l&#8217;asse verticale il punto di rugiada, sempre in \u00b0C. Le diverse linee rappresentano il livello di umidit\u00e0 relativa, e confermano graficamente la relazione sopra menzionata.<\/span><\/p>\n<h2><span class=\"ez-toc-section\" id=\"Cause_della_comparsa_di_umidita\"><\/span>Cause della comparsa di umidit\u00e0<span class=\"ez-toc-section-end\"><\/span><\/h2>\n<p><span style=\"font-weight: 400;\">Tutte le cause della comparsa dell&#8217;umidit\u00e0 dovuta alla condensa sono in realt\u00e0 correlate tra loro, il che ci consente di verificare le false soluzioni che talvolta riteniamo valide. L&#8217;origine della condensazione \u00e8 dovuta principalmente a un eccesso di vapore acqueo unitamente alla mancanza di un&#8217;adeguata ventilazione:<\/span><\/p>\n<ul>\n<li style=\"font-weight: 400;\" aria-level=\"1\"><span style=\"font-weight: 400;\">ricambio occasionale ma non continuo dell&#8217;aria nella stanza<\/span><\/li>\n<li style=\"font-weight: 400;\" aria-level=\"1\"><span style=\"font-weight: 400;\">ricambio con aria eccessivamente fredda<\/span><\/li>\n<li style=\"font-weight: 400;\" aria-level=\"1\"><span style=\"font-weight: 400;\">eccessiva produzione di vapore acqueo in alcune zone: respirazione, doccia, cucina, stendibiancheria&#8230;<\/span><\/li>\n<\/ul>\n<p><span style=\"font-weight: 400;\">Vale la pena sottolineare che una famiglia di 4 persone produce una quantit\u00e0 di vapore pari a 63 litri\/settimana. Pertanto tutte queste cause sono dovute ad una ventilazione inadeguata.<\/span><\/p>\n<h2><span class=\"ez-toc-section\" id=\"Soluzioni_ricorrenti\"><\/span>Soluzioni ricorrenti<span class=\"ez-toc-section-end\"><\/span><\/h2>\n<p><span style=\"font-weight: 400;\">Individuata l\u2019origine l\u2019origine di questo fenomeno le soluzioni comunemente utilizzate come:<br><\/span><\/p>\n<ul>\n<li style=\"font-weight: 400;\" aria-level=\"1\"><span style=\"font-weight: 400;\">vernici antiumidit\u00e0,<\/span><\/li>\n<li style=\"font-weight: 400;\" aria-level=\"1\"><span style=\"font-weight: 400;\">rivestimenti con malta antiumidit\u00e0,<\/span><\/li>\n<li style=\"font-weight: 400;\" aria-level=\"1\"><span style=\"font-weight: 400;\">pannelli isolanti interni,<\/span><\/li>\n<li style=\"font-weight: 400;\" aria-level=\"1\"><span style=\"font-weight: 400;\">primer antimuffa,<\/span><\/li>\n<\/ul>\n<p><span style=\"font-weight: 400;\">porteranno a una <\/span><b>falsa soluzione,<\/b><span style=\"font-weight: 400;\"> poich\u00e9 l&#8217;umidit\u00e0 continuer\u00e0 a comparire sopra la superficie trattata con il primer o la vernice, dato che all\u2019interno dell\u2019ambiente l\u2019umidit\u00e0 continua a generarsi.<\/span><\/p>\n<p><span style=\"font-weight: 400;\">Queste soluzioni possono essere valide per risolvere altri tipi di umidit\u00e0, come l&#8217;umidit\u00e0 di risalita, ma non sono adatte all&#8217;umidit\u00e0 da condensa.<\/span><\/p>\n<p><\/p>\n<h2><span class=\"ez-toc-section\" id=\"Qual_e_la_vera_soluzione\"><\/span><strong>Qual \u00e8 la vera soluzione?<br><\/strong><span class=\"ez-toc-section-end\"><\/span><\/h2>\n<p><span style=\"font-weight: 400;\">La <\/span><b>vera soluzione<\/b><span style=\"font-weight: 400;\"> contro l\u2019umidit\u00e0 da condensa \u00e8 prevenire il fenomeno fisico che la origina, ed \u00e8 possibile solo:<\/span><\/p>\n<ol>\n<li style=\"font-weight: 400;\" aria-level=\"1\"><span style=\"font-weight: 400;\">Installando un sistema di ventilazione che garantisca l&#8217;adeguato ricambio dell&#8217;aria, garantendo livelli di umidit\u00e0 dell&#8217;aria indoor che non diano origine alla comparsa di umidit\u00e0.<\/span><\/li>\n<li style=\"font-weight: 400;\" aria-level=\"1\"><span style=\"font-weight: 400;\">Disporre di un sistema di ventilazione specifico per ambienti ad alta produzione di vapore, come cucine e bagni.<\/span><\/li>\n<li style=\"font-weight: 400;\" aria-level=\"1\"><span style=\"font-weight: 400;\">Garantire un ricambio dell&#8217;aria costante e non occasionale, per evitare picchi di umidit\u00e0.<\/span><\/li>\n<\/ol>\n<p><span style=\"font-weight: 400;\">L&#8217;installazione di un adeguato sistema di ventilazione, sia nelle nuove costruzioni che in quelle esistenti, \u00e8 la soluzione definitiva contro l\u2019umidit\u00e0 causata dalla condensa, poich\u00e9 agisce direttamente sull&#8217;origine, piuttosto che optare per prodotti o soluzioni che possono solo compensare il problema, ma non risolverlo, per puro principio fisico.<\/span><\/p>\n<p><span style=\"font-weight: 400;\">Infine, \u00e8 importante notare che non tutti i sistemi di ventilazione forniranno la stessa soluzione, poich\u00e9 solo i sistemi di ventilazione meccanica possono garantire che ci sia un flusso di ventilazione adeguato al momento richiesto. Inoltre, i sistemi igroregolabili o con controllo dell\u2019umidit\u00e0, che forniscono in ogni momento il flusso d&#8217;aria richiesto per ottenere le condizioni di aria interna richieste, sono la soluzione migliore per garantire l&#8217;assenza di umidit\u00e0 con il massimo risparmio energetico e comfort.<\/span><\/p>\n\n\n<!--HubSpot Call-to-Action Code --><span class=\"hs-cta-wrapper\" id=\"hs-cta-wrapper-cf1136a1-339b-4702-a4b4-88f40ff6023b\"><span class=\"hs-cta-node hs-cta-cf1136a1-339b-4702-a4b4-88f40ff6023b\" id=\"hs-cta-cf1136a1-339b-4702-a4b4-88f40ff6023b\"><!--[if lte IE 8]><div id=\"hs-cta-ie-element\"><\/div><![endif]--><a href=\"https:\/\/cta-redirect.hubspot.com\/cta\/redirect\/2009592\/cf1136a1-339b-4702-a4b4-88f40ff6023b\" ><img decoding=\"async\" class=\"hs-cta-img\" id=\"hs-cta-img-cf1136a1-339b-4702-a4b4-88f40ff6023b\" style=\"border-width:0px;\" src=\"https:\/\/no-cache.hubspot.com\/cta\/default\/2009592\/cf1136a1-339b-4702-a4b4-88f40ff6023b.png\"  alt=\"Nueva llamada a la acci\u00f3n\"\/><\/a><\/span><script charset=\"utf-8\" src=\"https:\/\/js.hscta.net\/cta\/current.js\"><\/script><script type=\"text\/javascript\"> hbspt.cta.load(2009592, 'cf1136a1-339b-4702-a4b4-88f40ff6023b', {\"useNewLoader\":\"true\",\"region\":\"na1\"}); <\/script><\/span><!-- end HubSpot Call-to-Action Code -->\n","protected":false},"excerpt":{"rendered":"<p>L&#8217;umidit\u00e0 da condensa \u00e8 uno dei problemi pi\u00f9 comuni nelle abitazioni, soprattutto nei vecchi edifici che non sono stati costruiti secondo requisiti tecnici recenti, e quindi senza l\u2019obiettivo di ridurre, limitare ed eliminare l&#8217;umidit\u00e0 dovuta alla condensa.<\/p>\n","protected":false},"author":10,"featured_media":3936,"comment_status":"open","ping_status":"open","sticky":false,"template":"","format":"standard","meta":{"_acf_changed":false,"footnotes":""},"categories":[7],"tags":[],"class_list":["post-3935","post","type-post","status-publish","format-standard","has-post-thumbnail","hentry","category-effetti-della-cattiva-qualita-dell-aria"],"acf":[],"yoast_head":"<!-- This site is optimized with the Yoast SEO plugin v26.1 - https:\/\/yoast.com\/wordpress\/plugins\/seo\/ -->\n<title>Le false soluzioni contro l\u2019umidit\u00e0 da condensa | S&amp;P<\/title>\n<meta name=\"description\" content=\"L&#039;umidit\u00e0 di condensazione \u00e8 uno dei problemi pi\u00f9 comuni nelle abitazioni, soprattutto negli edifici pi\u00f9 vecchi, ai quali non si applica il CTE.\" \/>\n<meta name=\"robots\" content=\"index, follow, max-snippet:-1, max-image-preview:large, max-video-preview:-1\" \/>\n<link rel=\"canonical\" href=\"https:\/\/www.solerpalau.com\/blog\/it-it\/le-false-soluzioni-contro-l-umidita-da-condensa\/\" \/>\n<meta property=\"og:locale\" content=\"it_IT\" \/>\n<meta property=\"og:type\" content=\"article\" \/>\n<meta property=\"og:title\" content=\"Le false soluzioni contro l\u2019umidit\u00e0 da condensa | S&amp;P\" \/>\n<meta property=\"og:description\" content=\"L&#039;umidit\u00e0 di condensazione \u00e8 uno dei problemi pi\u00f9 comuni nelle abitazioni, soprattutto negli edifici pi\u00f9 vecchi, ai quali non si applica il CTE.\" \/>\n<meta property=\"og:url\" content=\"https:\/\/www.solerpalau.com\/blog\/it-it\/le-false-soluzioni-contro-l-umidita-da-condensa\/\" \/>\n<meta property=\"og:site_name\" content=\"S&amp;P Sistemi di ventilazione\" \/>\n<meta property=\"article:published_time\" content=\"2022-02-21T14:18:20+00:00\" \/>\n<meta property=\"article:modified_time\" content=\"2023-06-13T12:40:07+00:00\" \/>\n<meta property=\"og:image\" content=\"https:\/\/www.solerpalau.com\/blog\/it-it\/wp-content\/uploads\/sites\/4\/2022\/02\/iStock-518711634-1.jpeg\" \/>\n\t<meta property=\"og:image:width\" content=\"724\" \/>\n\t<meta property=\"og:image:height\" content=\"482\" \/>\n\t<meta property=\"og:image:type\" content=\"image\/jpeg\" \/>\n<meta name=\"author\" content=\"S&amp;P\" \/>\n<meta name=\"twitter:card\" content=\"summary_large_image\" \/>\n<meta name=\"twitter:label1\" content=\"Scritto da\" \/>\n\t<meta name=\"twitter:data1\" content=\"S&amp;P\" \/>\n\t<meta name=\"twitter:label2\" content=\"Tempo di lettura stimato\" \/>\n\t<meta name=\"twitter:data2\" content=\"3 minuti\" \/>\n<!-- \/ Yoast SEO plugin. -->","yoast_head_json":{"title":"Le false soluzioni contro l\u2019umidit\u00e0 da condensa | S&P","description":"L'umidit\u00e0 di condensazione \u00e8 uno dei problemi pi\u00f9 comuni nelle abitazioni, soprattutto negli edifici pi\u00f9 vecchi, ai quali non si applica il CTE.","robots":{"index":"index","follow":"follow","max-snippet":"max-snippet:-1","max-image-preview":"max-image-preview:large","max-video-preview":"max-video-preview:-1"},"canonical":"https:\/\/www.solerpalau.com\/blog\/it-it\/le-false-soluzioni-contro-l-umidita-da-condensa\/","og_locale":"it_IT","og_type":"article","og_title":"Le false soluzioni contro l\u2019umidit\u00e0 da condensa | S&P","og_description":"L'umidit\u00e0 di condensazione \u00e8 uno dei problemi pi\u00f9 comuni nelle abitazioni, soprattutto negli edifici pi\u00f9 vecchi, ai quali non si applica il CTE.","og_url":"https:\/\/www.solerpalau.com\/blog\/it-it\/le-false-soluzioni-contro-l-umidita-da-condensa\/","og_site_name":"S&amp;P Sistemi di ventilazione","article_published_time":"2022-02-21T14:18:20+00:00","article_modified_time":"2023-06-13T12:40:07+00:00","og_image":[{"width":724,"height":482,"url":"https:\/\/www.solerpalau.com\/blog\/it-it\/wp-content\/uploads\/sites\/4\/2022\/02\/iStock-518711634-1.jpeg","type":"image\/jpeg"}],"author":"S&amp;P","twitter_card":"summary_large_image","twitter_misc":{"Scritto da":"S&amp;P","Tempo di lettura stimato":"3 minuti"},"schema":{"@context":"https:\/\/schema.org","@graph":[{"@type":"WebPage","@id":"https:\/\/www.solerpalau.com\/blog\/it-it\/le-false-soluzioni-contro-l-umidita-da-condensa\/","url":"https:\/\/www.solerpalau.com\/blog\/it-it\/le-false-soluzioni-contro-l-umidita-da-condensa\/","name":"Le false soluzioni contro l\u2019umidit\u00e0 da condensa | S&P","isPartOf":{"@id":"https:\/\/www.solerpalau.com\/blog\/it-it\/#website"},"primaryImageOfPage":{"@id":"https:\/\/www.solerpalau.com\/blog\/it-it\/le-false-soluzioni-contro-l-umidita-da-condensa\/#primaryimage"},"image":{"@id":"https:\/\/www.solerpalau.com\/blog\/it-it\/le-false-soluzioni-contro-l-umidita-da-condensa\/#primaryimage"},"thumbnailUrl":"https:\/\/www.solerpalau.com\/blog\/it-it\/wp-content\/uploads\/sites\/4\/2022\/02\/iStock-518711634-1.jpeg","datePublished":"2022-02-21T14:18:20+00:00","dateModified":"2023-06-13T12:40:07+00:00","author":{"@id":"https:\/\/www.solerpalau.com\/blog\/it-it\/#\/schema\/person\/a649fcc0fccdca5446ea2bc371ad5cb9"},"description":"L'umidit\u00e0 di condensazione \u00e8 uno dei problemi pi\u00f9 comuni nelle abitazioni, soprattutto negli edifici pi\u00f9 vecchi, ai quali non si applica il CTE.","breadcrumb":{"@id":"https:\/\/www.solerpalau.com\/blog\/it-it\/le-false-soluzioni-contro-l-umidita-da-condensa\/#breadcrumb"},"inLanguage":"it-IT","potentialAction":[{"@type":"ReadAction","target":["https:\/\/www.solerpalau.com\/blog\/it-it\/le-false-soluzioni-contro-l-umidita-da-condensa\/"]}]},{"@type":"ImageObject","inLanguage":"it-IT","@id":"https:\/\/www.solerpalau.com\/blog\/it-it\/le-false-soluzioni-contro-l-umidita-da-condensa\/#primaryimage","url":"https:\/\/www.solerpalau.com\/blog\/it-it\/wp-content\/uploads\/sites\/4\/2022\/02\/iStock-518711634-1.jpeg","contentUrl":"https:\/\/www.solerpalau.com\/blog\/it-it\/wp-content\/uploads\/sites\/4\/2022\/02\/iStock-518711634-1.jpeg","width":724,"height":482,"caption":"umidit\u00e0 di condensazione"},{"@type":"BreadcrumbList","@id":"https:\/\/www.solerpalau.com\/blog\/it-it\/le-false-soluzioni-contro-l-umidita-da-condensa\/#breadcrumb","itemListElement":[{"@type":"ListItem","position":1,"name":"Home","item":"https:\/\/www.solerpalau.com\/blog\/it-it\/"},{"@type":"ListItem","position":2,"name":"Le false soluzioni contro l\u2019umidit\u00e0 da condensa"}]},{"@type":"WebSite","@id":"https:\/\/www.solerpalau.com\/blog\/it-it\/#website","url":"https:\/\/www.solerpalau.com\/blog\/it-it\/","name":"S&amp;P Sistemi di ventilazione","description":"Il blog della ventilazione efficiente","potentialAction":[{"@type":"SearchAction","target":{"@type":"EntryPoint","urlTemplate":"https:\/\/www.solerpalau.com\/blog\/it-it\/?s={search_term_string}"},"query-input":{"@type":"PropertyValueSpecification","valueRequired":true,"valueName":"search_term_string"}}],"inLanguage":"it-IT"},{"@type":"Person","@id":"https:\/\/www.solerpalau.com\/blog\/it-it\/#\/schema\/person\/a649fcc0fccdca5446ea2bc371ad5cb9","name":"S&amp;P","image":{"@type":"ImageObject","inLanguage":"it-IT","@id":"https:\/\/www.solerpalau.com\/blog\/it-it\/#\/schema\/person\/image\/","url":"https:\/\/secure.gravatar.com\/avatar\/994644236667321375ba4d21a34a002e2bcfd7b33a114caa4c9dc488ece6c970?s=96&d=mm&r=g","contentUrl":"https:\/\/secure.gravatar.com\/avatar\/994644236667321375ba4d21a34a002e2bcfd7b33a114caa4c9dc488ece6c970?s=96&d=mm&r=g","caption":"S&amp;P"},"url":"https:\/\/www.solerpalau.com\/blog\/it-it\/author\/binaria\/"}]}},"reading_time":"<span class=\"span-reading-time rt-reading-time\"><span class=\"rt-label rt-prefix\"><\/span> <span class=\"rt-time\"> 3<\/span> <span class=\"rt-label rt-postfix\"> min. di lettura<\/span><\/span>","_links":{"self":[{"href":"https:\/\/www.solerpalau.com\/blog\/it-it\/wp-json\/wp\/v2\/posts\/3935","targetHints":{"allow":["GET"]}}],"collection":[{"href":"https:\/\/www.solerpalau.com\/blog\/it-it\/wp-json\/wp\/v2\/posts"}],"about":[{"href":"https:\/\/www.solerpalau.com\/blog\/it-it\/wp-json\/wp\/v2\/types\/post"}],"author":[{"embeddable":true,"href":"https:\/\/www.solerpalau.com\/blog\/it-it\/wp-json\/wp\/v2\/users\/10"}],"replies":[{"embeddable":true,"href":"https:\/\/www.solerpalau.com\/blog\/it-it\/wp-json\/wp\/v2\/comments?post=3935"}],"version-history":[{"count":2,"href":"https:\/\/www.solerpalau.com\/blog\/it-it\/wp-json\/wp\/v2\/posts\/3935\/revisions"}],"predecessor-version":[{"id":4331,"href":"https:\/\/www.solerpalau.com\/blog\/it-it\/wp-json\/wp\/v2\/posts\/3935\/revisions\/4331"}],"wp:featuredmedia":[{"embeddable":true,"href":"https:\/\/www.solerpalau.com\/blog\/it-it\/wp-json\/wp\/v2\/media\/3936"}],"wp:attachment":[{"href":"https:\/\/www.solerpalau.com\/blog\/it-it\/wp-json\/wp\/v2\/media?parent=3935"}],"wp:term":[{"taxonomy":"category","embeddable":true,"href":"https:\/\/www.solerpalau.com\/blog\/it-it\/wp-json\/wp\/v2\/categories?post=3935"},{"taxonomy":"post_tag","embeddable":true,"href":"https:\/\/www.solerpalau.com\/blog\/it-it\/wp-json\/wp\/v2\/tags?post=3935"}],"curies":[{"name":"wp","href":"https:\/\/api.w.org\/{rel}","templated":true}]}}