{"id":5475,"date":"2025-04-09T12:53:31","date_gmt":"2025-04-09T10:53:31","guid":{"rendered":"https:\/\/www.solerpalau.com\/blog\/it-it\/?p=5475"},"modified":"2025-04-09T12:53:33","modified_gmt":"2025-04-09T10:53:33","slug":"il-biossido-di-carbonio-e-tossico-per-la-salute-umana","status":"publish","type":"post","link":"https:\/\/www.solerpalau.com\/blog\/it-it\/il-biossido-di-carbonio-e-tossico-per-la-salute-umana\/","title":{"rendered":"Il biossido di carbonio \u00e8 tossico per la salute umana?"},"content":{"rendered":"<div id=\"ez-toc-container\" class=\"ez-toc-v2_0_76 counter-hierarchy ez-toc-counter ez-toc-custom ez-toc-container-direction\">\n<div class=\"ez-toc-title-container\">\n<p class=\"ez-toc-title\" style=\"cursor:inherit\">Sommario<\/p>\n<span class=\"ez-toc-title-toggle\"><\/span><\/div>\n<nav><ul class='ez-toc-list ez-toc-list-level-1 ' ><li class='ez-toc-page-1 ez-toc-heading-level-2'><a class=\"ez-toc-link ez-toc-heading-1\" href=\"https:\/\/www.solerpalau.com\/blog\/it-it\/il-biossido-di-carbonio-e-tossico-per-la-salute-umana\/#Che_cose_lanidride_carbonica\" >Che cos&#8217;\u00e8 l&#8217;anidride carbonica?<\/a><\/li><li class='ez-toc-page-1 ez-toc-heading-level-2'><a class=\"ez-toc-link ez-toc-heading-2\" href=\"https:\/\/www.solerpalau.com\/blog\/it-it\/il-biossido-di-carbonio-e-tossico-per-la-salute-umana\/#Ventilazione_meccanica_nelle_abitazioni_per_ridurre_la_CO2\" >Ventilazione meccanica nelle abitazioni per ridurre la CO2<\/a><\/li><li class='ez-toc-page-1 ez-toc-heading-level-2'><a class=\"ez-toc-link ez-toc-heading-3\" href=\"https:\/\/www.solerpalau.com\/blog\/it-it\/il-biossido-di-carbonio-e-tossico-per-la-salute-umana\/#Conclusioni_cosa_facciamo_con_lanidride_carbonica\" >Conclusioni: cosa facciamo con l&#8217;anidride carbonica?<\/a><\/li><\/ul><\/nav><\/div>\n\n<p>L&#8217;<b>anidride carbonica<\/b> (CO2), detta anche biossido di carbonio, \u00e8 un gas incolore e inodore, presente nell&#8217;atmosfera a 380 parti per milione (ppms).<\/p>\n\n\n\n<!--more-->\n\n\n\n<p>\u00a0La CO2, sebbene non sia tossica a livelli normali, pu\u00f2 <a href=\"https:\/\/www.solerpalau.com\/blog\/it-it\/inquinamento-da-co2-ed-effetti-sulla-salute\/\" target=\"_blank\" rel=\"noreferrer noopener\">influire sulla qualit\u00e0 dell&#8217;aria e sul comfort degli occupanti<\/a> di uno spazio chiuso quando si accumula in concentrazioni elevate. Questo articolo approfondisce cos&#8217;\u00e8 l&#8217;anidride carbonica, le sue caratteristiche e applicazioni, e come la ventilazione meccanica, soprattutto nelle abitazioni, possa essere una soluzione efficace per tenerne sotto controllo i livelli.<\/p>\n\n\n\n<h2 class=\"wp-block-heading\"><span class=\"ez-toc-section\" id=\"Che_cose_lanidride_carbonica\"><\/span>Che cos&#8217;\u00e8 l&#8217;anidride carbonica?<span class=\"ez-toc-section-end\"><\/span><\/h2>\n\n\n\n<p>L&#8217;anidride carbonica (CO2), nota anche come biossido di carbonio, \u00e8 un gas incolore e inodore presente nell&#8217;atmosfera in ragione di circa 380 parti per milione (ppm). \u00c8 prodotto principalmente dalla combustione di materiali fossili come carbone, prodotti petroliferi e biomassa, nonch\u00e9 dalla respirazione aerobica degli organismi viventi. In misura minore, anche fenomeni naturali come le eruzioni vulcaniche contribuiscono alla sua presenza nell&#8217;aria. <a href=\"https:\/\/it.wikipedia.org\/wiki\/Anidride_carbonica\" target=\"_blank\" rel=\"noreferrer noopener\">Per saperne di pi\u00f9 <\/a>sull&#8217;anidride carbonica.<\/p>\n\n\n\n<h3 class=\"wp-block-heading\">La CO2 \u00e8 tossica per la salute?<\/h3>\n\n\n\n<p>L&#8217;anidride carbonica di per s\u00e9 non \u00e8 tossica per la salute umana. Tuttavia, <strong>alte concentrazioni di questo gas in spazi chiusi possono sostituire l&#8217;ossigeno nell&#8217;aria<\/strong>, provocando una sensazione di disagio e affaticamento. Sebbene la CO2 non sia direttamente dannosa, il suo accumulo pu\u00f2 influire negativamente sul benessere delle persone.<\/p>\n\n\n\n<p>Negli ambienti interni, \u00e8 comune che le <strong>concentrazioni di CO2<\/strong> siano significativamente pi\u00f9 alte rispetto all&#8217;aria esterna, soprattutto negli spazi scarsamente ventilati. Queste concentrazioni elevate possono causare disagio e compromettere la qualit\u00e0 dell&#8217;aria. Per questo motivo l&#8217;anidride carbonica viene utilizzata come parametro per valutare la qualit\u00e0 dell&#8217;aria interna (misurabile con un rilevatore di anidride carbonica). Qui \u00e8 possibile verificare la temperatura, l&#8217;umidit\u00e0 relativa e i livelli di CO2 raccomandati in un edificio.<\/p>\n\n\n\n<p><\/p>\n\n\n\n<div class=\"hs-web-interactive-inline\" style=\"\" data-hubspot-wrapper-cta-id=\"182539400343\"> \n <style data-hubspot-cta-style=\"hs-inline-web-interactive-182539400343\">\n\n  a.hs-inline-web-interactive-182539400343link {\n    text-decoration:none;\n  }\n\n  a.hs-inline-web-interactive-182539400343hover {\n    text-decoration:none;\n  }\n\n<\/style> \n <a href=\"https:\/\/cta-service-cms2.hubspot.com\/web-interactives\/public\/v1\/track\/click?encryptedPayload=AVxigLK4UDbtxSoNbuRZKo0SNH5ZGb59hvVw3A%2BU9Ymf1fK5TsIf4nE%2FJV2PXvIjZ3VP%2FFQ5ss2F4Hlw0JY5EGs94hbz%2BtdtasjZigljMFPPYaT61AdaBZbb%2BtCgujtpjWsuLBhxkQFKTBdFysMBExjGlhkj7a33JFgpg28msGtQaxZJYzsHC8mZhFtqyVJvQ31pzPeq5hmi39TKQdIGAbBOsFh0ge8T%2BU0%3D&amp;portalId=2009592\" target=\"_blank\" rel=\"noopener\" class=\"hs-inline-web-interactive-182539400343   \" data-hubspot-cta-id=\"182539400343\"> \n  <div style=\"font-size: 18px; text-align: center;\">\n   <span style=\"color: #ce1a1a; font-family: Arial, Helvetica, sans-serif;\"><strong>Nuovo Ebook | <\/strong>Relazione tecnica sulla ventilazione nelle scuole e nei centri educativi<strong> [SCARICA GRATUITA]<\/strong><\/span>\n  <\/div> <\/a> \n<\/div>\n\n\n\n<p><\/p>\n\n\n\n<h2 class=\"wp-block-heading\"><span class=\"ez-toc-section\" id=\"Ventilazione_meccanica_nelle_abitazioni_per_ridurre_la_CO2\"><\/span>Ventilazione meccanica nelle abitazioni per ridurre la CO2<span class=\"ez-toc-section-end\"><\/span><\/h2>\n\n\n\n<p>La qualit\u00e0 dell&#8217;aria interna \u00e8 essenziale per la salute e il comfort degli occupanti di un&#8217;abitazione. Uno dei metodi pi\u00f9 efficaci per ridurre le concentrazioni di CO2 negli ambienti interni \u00e8 la ventilazione meccanica. Questo tipo di ventilazione garantisce un adeguato ricambio d&#8217;aria rimuovendo l&#8217;aria viziata e sostituendola con aria fresca proveniente dall&#8217;esterno.<\/p>\n\n\n\n<p>La <a href=\"https:\/\/www.solerpalau.com\/blog\/it-it\/ventilazione-meccanica-controllata\/\" target=\"_blank\" rel=\"noreferrer noopener\"><strong>ventilazione meccanica controllata<\/strong><\/a> pu\u00f2 essere realizzata con diversi sistemi, tra cui i <strong>sistemi di ventilazione con recupero di calore e i sistemi di ventilazione meccanica semplice. <\/strong>I sistemi con recupero di calore sono particolarmente efficienti, in quanto utilizzano il calore dell&#8217;aria espulsa per riscaldare l&#8217;aria in entrata, migliorando cos\u00ec l&#8217;efficienza energetica dell&#8217;abitazione.<\/p>\n\n\n\n<figure class=\"wp-block-gallery has-nested-images columns-default is-cropped wp-block-gallery-1 is-layout-flex wp-block-gallery-is-layout-flex\">\n<figure class=\"wp-block-image size-large\"><img loading=\"lazy\" decoding=\"async\" width=\"1920\" height=\"1122\" data-id=\"5478\" src=\"https:\/\/www.solerpalau.com\/blog\/it-it\/wp-content\/uploads\/sites\/4\/2025\/04\/sistema-di-distribuzione-vmc.png\" alt=\"\" class=\"wp-image-5478\"\/><\/figure>\n<\/figure>\n\n\n\n<p>L&#8217;uso di<a href=\"https:\/\/www.solerpalau.com\/blog\/it-it\/sensore-co2\/\" target=\"_blank\" rel=\"noreferrer noopener\"> sensori e rilevatori di anidride carbonica<\/a> \u00e8 una pratica comune nella ventilazione meccanica controllata dalla domanda. Questi sensori monitorano la <strong>concentrazione di CO2 nell&#8217;aria interna<\/strong> e regolano automaticamente la velocit\u00e0 dei ventilatori di scarico per mantenere livelli ottimali di qualit\u00e0 dell&#8217;aria.<\/p>\n\n\n\n<h3 class=\"wp-block-heading\">Riduzione della CO2 anche negli uffici<\/h3>\n\n\n\n<p>Gli uffici sono un altro spazio in cui l&#8217;obiettivo \u00e8 quello di ottenere una qualit\u00e0 ottimale dell&#8217;aria interna. Per saperne di pi\u00f9, leggete Ufficio sano: strategie per mantenere una buona qualit\u00e0 dell&#8217;aria interna o il nostro caso di studio: Ventilazione dell&#8217;ufficio mediante controllo della CO2.<\/p>\n\n\n\n<h2 class=\"wp-block-heading\"><span class=\"ez-toc-section\" id=\"Conclusioni_cosa_facciamo_con_lanidride_carbonica\"><\/span>Conclusioni: cosa facciamo con l&#8217;anidride carbonica?<span class=\"ez-toc-section-end\"><\/span><\/h2>\n\n\n\n<p>In definitiva, sebbene l&#8217;anidride carbonica non sia direttamente tossica, il suo accumulo negli spazi chiusi pu\u00f2 causare disagio e compromettere la salute a lungo termine. L&#8217;implementazione di <a href=\"https:\/\/www.solerpalau.com\/blog\/it-it\/requisiti-installazione-di-un-sistema-vmc\/\" target=\"_blank\" rel=\"noreferrer noopener\">sistemi di ventilazione meccanica nelle abitazioni<\/a> \u00e8 essenziale per mantenere livelli adeguati di CO2 e garantire la qualit\u00e0 dell&#8217;aria interna.<\/p>\n\n\n\n<p>Soler &amp; Palau offre una v<a href=\"https:\/\/www.solerpalau.com\/blog\/it-it\/casa-famiglia-con-recupero-di-calore\/\" target=\"_blank\" rel=\"noreferrer noopener\">ariet\u00e0 di soluzioni e apparecchiature di ventilazione<\/a> che integrano questa tecnologia, garantendo un ambiente interno sano e confortevole.<\/p>\n\n\n\n<div class=\"hs-cta-embed hs-cta-simple-placeholder hs-cta-embed-164703009898\"\n  style=\"max-width:100%; max-height:100%; width:650px;height:312.7083435058594px\" data-hubspot-wrapper-cta-id=\"164703009898\">\n  <a href=\"https:\/\/cta-service-cms2.hubspot.com\/web-interactives\/public\/v1\/track\/redirect?encryptedPayload=AVxigLKTvg6TdvzJnuM2TgCbLWGLzMcO8rta3a33yWezznm5oogwgDqQH23h6HC14xAtVIPLyD6i2EStAt2VXC4uc0TpIzP0lcWSRUtBf3Jd8OoT2lwVc9IoJV7ZjrShZcy1fgTj%2BpCs2EizhnV3QMS15tkBUbVBpzOUsyWYYHIgemH%2B17ZhP7gvfe%2Bc4LdjPA3xbSIq2j8oQAFpn2fFXR45nrHOsLNDMIbZgWs83bK4&#038;webInteractiveContentId=164703009898&#038;portalId=2009592\" target=\"_blank\" rel=\"noopener\" crossorigin=\"anonymous\">\n    <img decoding=\"async\" alt=\"GUIDA GRATUITA\" loading=\"lazy\" src=\"https:\/\/no-cache.hubspot.com\/cta\/default\/2009592\/interactive-164703009898.png\" style=\"height: 100%; width: 100%; object-fit: fill\"\n      onerror=\"this.style.display='none'\" \/>\n  <\/a>\n<\/div>\n\n","protected":false},"excerpt":{"rendered":"<p>L&#8217;anidride carbonica o CO2 non \u00e8 tossica a livelli normali, ma pu\u00f2 influire sulla qualit\u00e0 dell&#8217;aria; vediamo come eliminarla.<\/p>\n","protected":false},"author":10,"featured_media":5477,"comment_status":"open","ping_status":"open","sticky":false,"template":"","format":"standard","meta":{"_acf_changed":false,"footnotes":""},"categories":[4],"tags":[],"class_list":["post-5475","post","type-post","status-publish","format-standard","has-post-thumbnail","hentry","category-salubrita-del-aria"],"acf":[],"yoast_head":"<!-- This site is optimized with the Yoast SEO plugin v26.1 - https:\/\/yoast.com\/wordpress\/plugins\/seo\/ -->\n<title>Il biossido di carbonio \u00e8 tossico per la salute umana? | S&amp;P<\/title>\n<meta name=\"description\" content=\"L&#039;anidride carbonica o CO2 non \u00e8 tossica a livelli normali, ma pu\u00f2 influire sulla qualit\u00e0 dell&#039;aria; vediamo come eliminarla.\" \/>\n<meta name=\"robots\" content=\"index, follow, max-snippet:-1, max-image-preview:large, max-video-preview:-1\" \/>\n<link rel=\"canonical\" href=\"https:\/\/www.solerpalau.com\/blog\/it-it\/il-biossido-di-carbonio-e-tossico-per-la-salute-umana\/\" \/>\n<meta property=\"og:locale\" content=\"it_IT\" \/>\n<meta property=\"og:type\" content=\"article\" \/>\n<meta property=\"og:title\" content=\"Il biossido di carbonio \u00e8 tossico per la salute umana? | S&amp;P\" \/>\n<meta property=\"og:description\" content=\"L&#039;anidride carbonica o CO2 non \u00e8 tossica a livelli normali, ma pu\u00f2 influire sulla qualit\u00e0 dell&#039;aria; vediamo come eliminarla.\" \/>\n<meta property=\"og:url\" content=\"https:\/\/www.solerpalau.com\/blog\/it-it\/il-biossido-di-carbonio-e-tossico-per-la-salute-umana\/\" \/>\n<meta property=\"og:site_name\" content=\"S&amp;P Sistemi di ventilazione\" \/>\n<meta property=\"article:published_time\" content=\"2025-04-09T10:53:31+00:00\" \/>\n<meta property=\"article:modified_time\" content=\"2025-04-09T10:53:33+00:00\" \/>\n<meta property=\"og:image\" content=\"https:\/\/www.solerpalau.com\/blog\/it-it\/wp-content\/uploads\/sites\/4\/2025\/04\/anidride-carbonica.jpg\" \/>\n\t<meta property=\"og:image:width\" content=\"1000\" \/>\n\t<meta property=\"og:image:height\" content=\"667\" \/>\n\t<meta property=\"og:image:type\" content=\"image\/jpeg\" \/>\n<meta name=\"author\" content=\"S&amp;P\" \/>\n<meta name=\"twitter:card\" content=\"summary_large_image\" \/>\n<meta name=\"twitter:label1\" content=\"Scritto da\" \/>\n\t<meta name=\"twitter:data1\" content=\"S&amp;P\" \/>\n\t<meta name=\"twitter:label2\" content=\"Tempo di lettura stimato\" \/>\n\t<meta name=\"twitter:data2\" content=\"4 minuti\" \/>\n<!-- \/ Yoast SEO plugin. -->","yoast_head_json":{"title":"Il biossido di carbonio \u00e8 tossico per la salute umana? | S&P","description":"L'anidride carbonica o CO2 non \u00e8 tossica a livelli normali, ma pu\u00f2 influire sulla qualit\u00e0 dell'aria; vediamo come eliminarla.","robots":{"index":"index","follow":"follow","max-snippet":"max-snippet:-1","max-image-preview":"max-image-preview:large","max-video-preview":"max-video-preview:-1"},"canonical":"https:\/\/www.solerpalau.com\/blog\/it-it\/il-biossido-di-carbonio-e-tossico-per-la-salute-umana\/","og_locale":"it_IT","og_type":"article","og_title":"Il biossido di carbonio \u00e8 tossico per la salute umana? | S&P","og_description":"L'anidride carbonica o CO2 non \u00e8 tossica a livelli normali, ma pu\u00f2 influire sulla qualit\u00e0 dell'aria; vediamo come eliminarla.","og_url":"https:\/\/www.solerpalau.com\/blog\/it-it\/il-biossido-di-carbonio-e-tossico-per-la-salute-umana\/","og_site_name":"S&amp;P Sistemi di ventilazione","article_published_time":"2025-04-09T10:53:31+00:00","article_modified_time":"2025-04-09T10:53:33+00:00","og_image":[{"width":1000,"height":667,"url":"https:\/\/www.solerpalau.com\/blog\/it-it\/wp-content\/uploads\/sites\/4\/2025\/04\/anidride-carbonica.jpg","type":"image\/jpeg"}],"author":"S&amp;P","twitter_card":"summary_large_image","twitter_misc":{"Scritto da":"S&amp;P","Tempo di lettura stimato":"4 minuti"},"schema":{"@context":"https:\/\/schema.org","@graph":[{"@type":"WebPage","@id":"https:\/\/www.solerpalau.com\/blog\/it-it\/il-biossido-di-carbonio-e-tossico-per-la-salute-umana\/","url":"https:\/\/www.solerpalau.com\/blog\/it-it\/il-biossido-di-carbonio-e-tossico-per-la-salute-umana\/","name":"Il biossido di carbonio \u00e8 tossico per la salute umana? | S&P","isPartOf":{"@id":"https:\/\/www.solerpalau.com\/blog\/it-it\/#website"},"primaryImageOfPage":{"@id":"https:\/\/www.solerpalau.com\/blog\/it-it\/il-biossido-di-carbonio-e-tossico-per-la-salute-umana\/#primaryimage"},"image":{"@id":"https:\/\/www.solerpalau.com\/blog\/it-it\/il-biossido-di-carbonio-e-tossico-per-la-salute-umana\/#primaryimage"},"thumbnailUrl":"https:\/\/www.solerpalau.com\/blog\/it-it\/wp-content\/uploads\/sites\/4\/2025\/04\/anidride-carbonica.jpg","datePublished":"2025-04-09T10:53:31+00:00","dateModified":"2025-04-09T10:53:33+00:00","author":{"@id":"https:\/\/www.solerpalau.com\/blog\/it-it\/#\/schema\/person\/a649fcc0fccdca5446ea2bc371ad5cb9"},"description":"L'anidride carbonica o CO2 non \u00e8 tossica a livelli normali, ma pu\u00f2 influire sulla qualit\u00e0 dell'aria; vediamo come eliminarla.","breadcrumb":{"@id":"https:\/\/www.solerpalau.com\/blog\/it-it\/il-biossido-di-carbonio-e-tossico-per-la-salute-umana\/#breadcrumb"},"inLanguage":"it-IT","potentialAction":[{"@type":"ReadAction","target":["https:\/\/www.solerpalau.com\/blog\/it-it\/il-biossido-di-carbonio-e-tossico-per-la-salute-umana\/"]}]},{"@type":"ImageObject","inLanguage":"it-IT","@id":"https:\/\/www.solerpalau.com\/blog\/it-it\/il-biossido-di-carbonio-e-tossico-per-la-salute-umana\/#primaryimage","url":"https:\/\/www.solerpalau.com\/blog\/it-it\/wp-content\/uploads\/sites\/4\/2025\/04\/anidride-carbonica.jpg","contentUrl":"https:\/\/www.solerpalau.com\/blog\/it-it\/wp-content\/uploads\/sites\/4\/2025\/04\/anidride-carbonica.jpg","width":1000,"height":667,"caption":"anidride-carbonica"},{"@type":"BreadcrumbList","@id":"https:\/\/www.solerpalau.com\/blog\/it-it\/il-biossido-di-carbonio-e-tossico-per-la-salute-umana\/#breadcrumb","itemListElement":[{"@type":"ListItem","position":1,"name":"Home","item":"https:\/\/www.solerpalau.com\/blog\/it-it\/"},{"@type":"ListItem","position":2,"name":"Il biossido di carbonio \u00e8 tossico per la salute umana?"}]},{"@type":"WebSite","@id":"https:\/\/www.solerpalau.com\/blog\/it-it\/#website","url":"https:\/\/www.solerpalau.com\/blog\/it-it\/","name":"S&amp;P Sistemi di ventilazione","description":"Il blog della ventilazione efficiente","potentialAction":[{"@type":"SearchAction","target":{"@type":"EntryPoint","urlTemplate":"https:\/\/www.solerpalau.com\/blog\/it-it\/?s={search_term_string}"},"query-input":{"@type":"PropertyValueSpecification","valueRequired":true,"valueName":"search_term_string"}}],"inLanguage":"it-IT"},{"@type":"Person","@id":"https:\/\/www.solerpalau.com\/blog\/it-it\/#\/schema\/person\/a649fcc0fccdca5446ea2bc371ad5cb9","name":"S&amp;P","image":{"@type":"ImageObject","inLanguage":"it-IT","@id":"https:\/\/www.solerpalau.com\/blog\/it-it\/#\/schema\/person\/image\/","url":"https:\/\/secure.gravatar.com\/avatar\/994644236667321375ba4d21a34a002e2bcfd7b33a114caa4c9dc488ece6c970?s=96&d=mm&r=g","contentUrl":"https:\/\/secure.gravatar.com\/avatar\/994644236667321375ba4d21a34a002e2bcfd7b33a114caa4c9dc488ece6c970?s=96&d=mm&r=g","caption":"S&amp;P"},"url":"https:\/\/www.solerpalau.com\/blog\/it-it\/author\/binaria\/"}]}},"reading_time":"<span class=\"span-reading-time rt-reading-time\"><span class=\"rt-label rt-prefix\"><\/span> <span class=\"rt-time\"> 3<\/span> <span class=\"rt-label rt-postfix\"> min. di lettura<\/span><\/span>","_links":{"self":[{"href":"https:\/\/www.solerpalau.com\/blog\/it-it\/wp-json\/wp\/v2\/posts\/5475","targetHints":{"allow":["GET"]}}],"collection":[{"href":"https:\/\/www.solerpalau.com\/blog\/it-it\/wp-json\/wp\/v2\/posts"}],"about":[{"href":"https:\/\/www.solerpalau.com\/blog\/it-it\/wp-json\/wp\/v2\/types\/post"}],"author":[{"embeddable":true,"href":"https:\/\/www.solerpalau.com\/blog\/it-it\/wp-json\/wp\/v2\/users\/10"}],"replies":[{"embeddable":true,"href":"https:\/\/www.solerpalau.com\/blog\/it-it\/wp-json\/wp\/v2\/comments?post=5475"}],"version-history":[{"count":3,"href":"https:\/\/www.solerpalau.com\/blog\/it-it\/wp-json\/wp\/v2\/posts\/5475\/revisions"}],"predecessor-version":[{"id":5480,"href":"https:\/\/www.solerpalau.com\/blog\/it-it\/wp-json\/wp\/v2\/posts\/5475\/revisions\/5480"}],"wp:featuredmedia":[{"embeddable":true,"href":"https:\/\/www.solerpalau.com\/blog\/it-it\/wp-json\/wp\/v2\/media\/5477"}],"wp:attachment":[{"href":"https:\/\/www.solerpalau.com\/blog\/it-it\/wp-json\/wp\/v2\/media?parent=5475"}],"wp:term":[{"taxonomy":"category","embeddable":true,"href":"https:\/\/www.solerpalau.com\/blog\/it-it\/wp-json\/wp\/v2\/categories?post=5475"},{"taxonomy":"post_tag","embeddable":true,"href":"https:\/\/www.solerpalau.com\/blog\/it-it\/wp-json\/wp\/v2\/tags?post=5475"}],"curies":[{"name":"wp","href":"https:\/\/api.w.org\/{rel}","templated":true}]}}