{"id":5755,"date":"2026-03-12T16:25:05","date_gmt":"2026-03-12T15:25:05","guid":{"rendered":"https:\/\/www.solerpalau.com\/blog\/it-it\/?p=5755"},"modified":"2026-03-12T16:25:07","modified_gmt":"2026-03-12T15:25:07","slug":"umidita-relativa-ideale-in-casa","status":"publish","type":"post","link":"https:\/\/www.solerpalau.com\/blog\/it-it\/umidita-relativa-ideale-in-casa\/","title":{"rendered":"5 chiavi per ottenere un&#8217;umidit\u00e0 relativa ideale in casa"},"content":{"rendered":"<div id=\"ez-toc-container\" class=\"ez-toc-v2_0_76 counter-hierarchy ez-toc-counter ez-toc-custom ez-toc-container-direction\">\n<div class=\"ez-toc-title-container\">\n<p class=\"ez-toc-title\" style=\"cursor:inherit\">Sommario<\/p>\n<span class=\"ez-toc-title-toggle\"><\/span><\/div>\n<nav><ul class='ez-toc-list ez-toc-list-level-1 ' ><li class='ez-toc-page-1 ez-toc-heading-level-2'><a class=\"ez-toc-link ez-toc-heading-1\" href=\"https:\/\/www.solerpalau.com\/blog\/it-it\/umidita-relativa-ideale-in-casa\/#Che_cose_lumidita_ambientale\" >Che cos&#8217;\u00e8 l&#8217;umidit\u00e0 ambientale?<\/a><\/li><li class='ez-toc-page-1 ez-toc-heading-level-2'><a class=\"ez-toc-link ez-toc-heading-2\" href=\"https:\/\/www.solerpalau.com\/blog\/it-it\/umidita-relativa-ideale-in-casa\/#Qual_e_il_livello_di_umidita_ideale_in_casa\" >Qual \u00e8 il livello di umidit\u00e0 ideale in casa?<\/a><\/li><li class='ez-toc-page-1 ez-toc-heading-level-2'><a class=\"ez-toc-link ez-toc-heading-3\" href=\"https:\/\/www.solerpalau.com\/blog\/it-it\/umidita-relativa-ideale-in-casa\/#Come_identificare_i_problemi_di_umidita_in_casa\" >Come identificare i problemi di umidit\u00e0 in casa<\/a><\/li><li class='ez-toc-page-1 ez-toc-heading-level-2'><a class=\"ez-toc-link ez-toc-heading-4\" href=\"https:\/\/www.solerpalau.com\/blog\/it-it\/umidita-relativa-ideale-in-casa\/#Come_misurare_lumidita_dellaria\" >Come misurare l&#8217;umidit\u00e0 dell&#8217;aria<\/a><\/li><li class='ez-toc-page-1 ez-toc-heading-level-2'><a class=\"ez-toc-link ez-toc-heading-5\" href=\"https:\/\/www.solerpalau.com\/blog\/it-it\/umidita-relativa-ideale-in-casa\/#Soluzioni_pratiche_per_regolare_lumidita_in_casa\" >Soluzioni pratiche per regolare l&#8217;umidit\u00e0 in casa<\/a><\/li><li class='ez-toc-page-1 ez-toc-heading-level-2'><a class=\"ez-toc-link ez-toc-heading-6\" href=\"https:\/\/www.solerpalau.com\/blog\/it-it\/umidita-relativa-ideale-in-casa\/#Vantaggi_dellinstallazione_di_un_sistema_di_ventilazione_intelligente\" >Vantaggi dell&#8217;installazione di un sistema di ventilazione intelligente<\/a><\/li><\/ul><\/nav><\/div>\n\n<p class=\"p1\">Quando si parla di efficienza energetica in casa, si tende a prestare attenzione a parametri che non tengono conto del livello di qualit\u00e0 dell&#8217;aria interna, un elemento essenziale per la salute delle persone. Ottenere un <b>livello di umidit\u00e0 ideale in casa <\/b>gioca un ruolo molto importante nel mantenimento di livelli ottimali di qualit\u00e0 dell&#8217;aria interna, che si riflette direttamente sul nostro benessere quotidiano e sulla corretta conservazione dell&#8217;abitazione.<\/p>\n\n\n\n<h2 class=\"wp-block-heading p1\"><span class=\"ez-toc-section\" id=\"Che_cose_lumidita_ambientale\"><\/span>Che cos&#8217;\u00e8 l&#8217;umidit\u00e0 ambientale?<span class=\"ez-toc-section-end\"><\/span><\/h2>\n\n\n\n<p>L&#8217;umidit\u00e0 ambientale si riferisce alla presenza di vapore acqueo nell&#8217;aria. Si tratta di uno dei parametri fondamentali per determinare la qualit\u00e0 dell&#8217;ambiente interno negli edifici. Possiamo misurarla come umidit\u00e0 assoluta (quantit\u00e0 effettiva di vapore acqueo nell&#8217;aria) o, pi\u00f9 comunemente, come <strong>umidit\u00e0 relativa<\/strong>, che esprime la percentuale di saturazione dell&#8217;aria con vapore acqueo rispetto alla quantit\u00e0 massima che potrebbe contenere a una determinata temperatura.<\/p>\n\n\n\n<p>Nelle nostre case, l&#8217;<strong>umidit\u00e0 ambientale <\/strong>pu\u00f2 essere influenzata da molteplici fattori quali la respirazione degli occupanti, la cottura dei cibi, l&#8217;uso della doccia, l&#8217;asciugatura dei vestiti all&#8217;interno e persino le caratteristiche costruttive dell&#8217;edificio stesso. Un adeguato controllo di questo parametro \u00e8 essenziale sia per il nostro comfort che per la salubrit\u00e0 dell&#8217;ambiente.<\/p>\n\n\n\n<h2 class=\"wp-block-heading\"><span class=\"ez-toc-section\" id=\"Qual_e_il_livello_di_umidita_ideale_in_casa\"><\/span>Qual \u00e8 il livello di umidit\u00e0 ideale in casa?<span class=\"ez-toc-section-end\"><\/span><\/h2>\n\n\n\n<p>Per stabilire condizioni ottimali di comfort all&#8217;interno dell&#8217;abitazione non si tiene conto solo dell&#8217;umidit\u00e0 relativa, ma anche della temperatura secca dell&#8217;aria, della temperatura radiante media delle pareti dell&#8217;ambiente e della velocit\u00e0 media dell&#8217;aria. Si valuta anche l\u2019et\u00e0 e il grado di abbigliamento delle persone che si trovano all&#8217;interno della stanza.<\/p>\n\n\n\n<p>Le condizioni interne ottimali degli edifici variano dal periodo invernale a quello estivo. In generale, per il benessere e la salute degli occupanti si raccomanda di mantenere in casa:<\/p>\n\n\n\n<ul class=\"wp-block-list\">\n<li><strong>In inverno<\/strong>: umidit\u00e0 relativa indicativamente tra il 40 e il 50\u202f%, con temperature dell\u2019aria intorno ai 19\u201122\u202f\u00b0C.<\/li>\n\n\n\n<li><strong>In estate:<\/strong> umidit\u00e0 relativa indicativamente tra il 45 e il 60\u202f%, con temperature interne in genere comprese tra 24 e 26\u202f\u00b0C, evitando forti sbalzi rispetto all\u2019esterno.<\/li>\n<\/ul>\n\n\n\n<p>Mantenere questi<a href=\"https:\/\/www.solerpalau.com\/blog\/it-it\/temperatura-umidita-co2-edifici-ventilazione-sostenibile\/\" target=\"_blank\" rel=\"noreferrer noopener\"> livelli di umidit\u00e0 ideali in casa<\/a> non solo garantisce una sensazione di comfort, ma previene anche problemi di salute respiratoria ed evita danni strutturali come la comparsa di muffa, il deterioramento dei materiali e problemi di condensa su pareti e finestre.<\/p>\n\n\n\n<h2 class=\"wp-block-heading\"><span class=\"ez-toc-section\" id=\"Come_identificare_i_problemi_di_umidita_in_casa\"><\/span>Come identificare i problemi di umidit\u00e0 in casa<span class=\"ez-toc-section-end\"><\/span><\/h2>\n\n\n\n<p>Esistono chiari segnali che indicano livelli inadeguati di umidit\u00e0 in casa:<\/p>\n\n\n\n<ul class=\"wp-block-list\">\n<li><strong>Umidit\u00e0 eccessiva:<\/strong> condensa sulle finestre e sulle superfici fredde, macchie di umidit\u00e0 sulle pareti o sui soffitti, comparsa di muffa, odore di umidit\u00e0, sensazione di ambiente pesante e difficolt\u00e0 respiratorie.<\/li>\n\n\n\n<li><strong>Ambiente troppo secco:<\/strong> pelle e labbra secche, irritazione oculare, problemi respiratori, aumento dell&#8217;elettricit\u00e0 statica, crepe nei mobili in legno e nel parquet.<\/li>\n<\/ul>\n\n\n\n<p>Questi indicatori ci avvertono che <strong>l&#8217;umidit\u00e0 ambientale ideale<\/strong> non viene mantenuta, il che richiede l&#8217;adozione di misure correttive.<\/p>\n\n\n\n<h2 class=\"wp-block-heading\"><span class=\"ez-toc-section\" id=\"Come_misurare_lumidita_dellaria\"><\/span>Come misurare l&#8217;umidit\u00e0 dell&#8217;aria<span class=\"ez-toc-section-end\"><\/span><\/h2>\n\n\n\n<p>Per misurare con precisione l&#8217;umidit\u00e0 dell&#8217;aria si utilizzano igrometri, strumenti che negli ultimi decenni hanno subito una notevole evoluzione, al punto che oggi hanno dimensioni simili a quelle di una chiavetta USB e sono completamente digitalizzati. Questo sviluppo tecnologico riflette la crescente importanza del controllo dell&#8217;umidit\u00e0 nel nostro ambiente quotidiano.<\/p>\n\n\n\n<p>Gli igrometri pi\u00f9 moderni non solo <a href=\"https:\/\/www.solerpalau.com\/blog\/it-it\/temperatura-umidita-co2-edifici-ventilazione-sostenibile\/\" target=\"_blank\" rel=\"noreferrer noopener\">misurano la temperatura e l&#8217;umidit\u00e0 relativa<\/a> (con data e ora delle registrazioni), ma calcolano anche parametri complementari come il punto di rugiada. Molti modelli consentono fino a 17.000 registrazioni, quindi memorizzano informazioni sufficienti per monitorare continuamente una stanza specifica per un lungo periodo di tempo.<\/p>\n\n\n\n<p><strong>La corretta collocazione dell&#8217;igrometro \u00e8 importante:<\/strong> deve essere posizionato lontano da fonti di calore, freddo o umidit\u00e0 diretta e preferibilmente all&#8217;altezza del respiro degli occupanti, per ottenere misurazioni rappresentative dell&#8217;ambiente che realmente sperimentiamo.<\/p>\n\n\n\n<div class=\"hs-web-interactive-inline\" style=\"\" data-hubspot-wrapper-cta-id=\"182539400343\"> \n <style data-hubspot-cta-style=\"hs-inline-web-interactive-182539400343\">\n\n  a.hs-inline-web-interactive-182539400343link {\n    text-decoration:none;\n  }\n\n  a.hs-inline-web-interactive-182539400343hover {\n    text-decoration:none;\n  }\n\n<\/style> \n <a href=\"https:\/\/cta-service-cms2.hubspot.com\/web-interactives\/public\/v1\/track\/click?encryptedPayload=AVxigLJNXQ0qmuJDhHw9d%2BGQGWXIOZFkhmgLcpU4cqKA3kxx7gsnMjIp1bqgnD0vypTsfKYNzKOVlMaMnbOCRGfFIGwLxHUDrQw04TJnVQsnOqh4NccDCwA5%2FLksVdMrNWGQ1MmVCxRpWt%2BauQpK02hYL1JoyAZ79vjWs2IsjUHWuWHpg6LgDS%2Bwm7Jg5uNCfizJ337VB6c%2B1h8Q3F0VL0P2RUblDGEUQOk%3D&amp;portalId=2009592\" target=\"_blank\" rel=\"noopener\" class=\"hs-inline-web-interactive-182539400343   \" data-hubspot-cta-id=\"182539400343\"> \n  <div style=\"font-size: 18px; text-align: center;\">\n   <span style=\"color: #ce1a1a; font-family: Arial, Helvetica, sans-serif;\"><strong>Nuovo Ebook | <\/strong>Relazione tecnica sulla ventilazione nelle scuole e nei centri educativi<strong> [SCARICA GRATUITA]<\/strong><\/span>\n  <\/div> <\/a> \n<\/div>\n\n\n\n<h2 class=\"wp-block-heading\"><span class=\"ez-toc-section\" id=\"Soluzioni_pratiche_per_regolare_lumidita_in_casa\"><\/span>Soluzioni pratiche per regolare l&#8217;umidit\u00e0 in casa<span class=\"ez-toc-section-end\"><\/span><\/h2>\n\n\n\n<p>Esistono diverse strategie per mantenere l&#8217;umidit\u00e0 a livelli ottimali, anche se non tutte offrono la stessa efficacia. Analizziamo le principali opzioni disponibili, iniziando da quella pi\u00f9 tradizionale ma meno efficace.<\/p>\n\n\n\n<h3 class=\"wp-block-heading\">Ventilazione naturale: un&#8217;opzione insufficiente<\/h3>\n\n\n\n<p>Sebbene aprire le finestre per ventilare la casa sia stato tradizionalmente il modo pi\u00f9 comune per rinnovare l&#8217;aria, la ventilazione naturale \u00e8 chiaramente insufficiente per mantenere costantemente un&#8217;<strong>umidit\u00e0 adeguata in casa<\/strong>. Ci\u00f2 \u00e8 dovuto a diversi fattori:<\/p>\n\n\n\n<ul class=\"wp-block-list\">\n<li>Dipende completamente dalle condizioni meteorologiche esterne<\/li>\n\n\n\n<li>\u00c8 difficile da controllare e regolare in base alle esigenze specifiche<\/li>\n\n\n\n<li>\u00c8 inefficace negli edifici moderni con elevata tenuta all&#8217;aria<\/li>\n\n\n\n<li>Comporta un&#8217;importante perdita energetica, soprattutto in inverno e in estate<\/li>\n\n\n\n<li>Non garantisce un ricambio d&#8217;aria omogeneo in tutti gli ambienti<\/li>\n<\/ul>\n\n\n\n<p>Per questi motivi, per ottenere e mantenere un&#8217;umidit\u00e0 relativa ideale, \u00e8 necessario implementare sistemi pi\u00f9 efficienti e controllabili.<\/p>\n\n\n\n<h3 class=\"wp-block-heading\">Sistemi di ventilazione intelligenti e la loro influenza sull&#8217;umidit\u00e0 relativa ideale<\/h3>\n\n\n\n<p>La ventilazione \u00e8 strettamente correlata al livello di umidit\u00e0 all&#8217;interno della casa, che influisce sul consumo energetico necessario per mantenere un ambiente confortevole e salubre nelle diverse stanze dell&#8217;abitazione.<\/p>\n\n\n\n<p>L&#8217;installazione di un<a href=\"https:\/\/www.solerpalau.com\/blog\/it-it\/controllo-intelligente-della-ventilazione-con-sensori\/\" target=\"_blank\" rel=\"noreferrer noopener\"> sistema di ventilazione intelligente<\/a> aiuta a evitare elevate concentrazioni di umidit\u00e0 grazie alla sua funzione di estrazione dalle zone umide come bagni o cucine, mantenendo cos\u00ec l&#8217;aria interna entro livelli adeguati di umidit\u00e0.<\/p>\n\n\n\n<p>Una scarsa ventilazione pu\u00f2 causare problemi di salute agli abitanti di quello spazio, poich\u00e9 pu\u00f2 portare a elevate percentuali di umidit\u00e0 e favorire la concentrazione di diversi elementi inquinanti. Ad esempio, un&#8217;alta percentuale di umidit\u00e0 provoca un aumento della presenza di muffa, che aumenta notevolmente il rischio di infezioni respiratorie.<\/p>\n\n\n\n<h2 class=\"wp-block-heading\"><span class=\"ez-toc-section\" id=\"Vantaggi_dellinstallazione_di_un_sistema_di_ventilazione_intelligente\"><\/span>Vantaggi dell&#8217;installazione di un sistema di ventilazione intelligente<span class=\"ez-toc-section-end\"><\/span><\/h2>\n\n\n\n<p>I principali vantaggi dell&#8217;installazione di un sistema di ventilazione intelligente sono:<\/p>\n\n\n\n<ul class=\"wp-block-list\">\n<li><strong>Risparmio energetico: <\/strong>significativa riduzione dei costi di climatizzazione.<\/li>\n\n\n\n<li><strong>Minore fabbisogno energetico<\/strong> domestico grazie al recupero di calore.<\/li>\n\n\n\n<li><strong>Miglioramento dei livelli di comfort<\/strong> termico durante tutto l&#8217;anno.<\/li>\n\n\n\n<li><strong>Controllo efficace della qualit\u00e0 dell&#8217;aria interna<\/strong> tramite sensori.<\/li>\n\n\n\n<li><strong>Mantenimento automatico dei livelli di umidit\u00e0 ideali.<\/strong><\/li>\n\n\n\n<li><strong>Prevenzione dei problemi di salute<\/strong> legati a un&#8217;umidit\u00e0 inadeguata<\/li>\n\n\n\n<li><strong>Protezione della struttura e degli elementi <\/strong>dell&#8217;abitazione dalla condensa<\/li>\n<\/ul>\n\n\n\n<p>I sistemi di ventilazione controllata in base alla richiesta (DCV) controllano automaticamente la quantit\u00e0 e la qualit\u00e0 dell&#8217;aria all&#8217;interno dell&#8217;abitazione. Questi sistemi introducono un volume d&#8217;aria variabile nell&#8217;edificio, consentendo di massimizzare il comfort della casa e, allo stesso tempo, di utilizzare l&#8217;energia in modo pi\u00f9 efficiente. Ci\u00f2 significa che la ventilazione controllata a domanda comporta un risparmio energetico medio del 40%.<\/p>\n\n\n\n<p>Questi sistemi costituiscono la migliore soluzione tecnica attualmente disponibile per garantire una corretta ventilazione ed evitare molti problemi legati alla scarsa qualit\u00e0 dell&#8217;aria, come la proliferazione di batteri, acari della polvere, funghi e umidit\u00e0.<\/p>\n\n\n\n<p>Noi di Soler &amp; Palau disponiamo di specialisti in grado di consigliarti il sistema pi\u00f9 adatto alla tua casa, garantendo il massimo comfort con il minimo consumo energetico.<\/p>\n\n\n\n<div class=\"hs-cta-embed hs-cta-simple-placeholder hs-cta-embed-182539400314\"\n  style=\"max-width:100%; max-height:100%; width:650px;height:356.53125px\" data-hubspot-wrapper-cta-id=\"182539400314\">\n  <a href=\"https:\/\/cta-service-cms2.hubspot.com\/web-interactives\/public\/v1\/track\/redirect?encryptedPayload=AVxigLJutc8CuLmHKEwm8xqHGiCXWn1yaWG%2BN7iEDbQtDo4d1Gmoop3q0NjB71SjMHF%2BeIlmBB6TQQ8XvxaYIqPotCr0eqnEizCJNcUY6bZ0dZue5tHEwf0RKSHLaAIg1i%2FrPG7SU2lNAvz5T5TKD7cWzUcl%2FzyUqAUpWwPUTLNGOzKIh8Yt0nLumBAfLlxwGIb1C7gk%2BLBhpJLmybZloDzk9Ds0ynJLEUc%3D&#038;webInteractiveContentId=182539400314&#038;portalId=2009592\" target=\"_blank\" rel=\"noopener\" crossorigin=\"anonymous\">\n    <img decoding=\"async\" alt=\"NUOVO EBOOK\" loading=\"lazy\" src=\"https:\/\/no-cache.hubspot.com\/cta\/default\/2009592\/interactive-182539400314.png\" style=\"height: 100%; width: 100%; object-fit: fill\"\n      onerror=\"this.style.display='none'\" \/>\n  <\/a>\n<\/div>\n\n","protected":false},"excerpt":{"rendered":"<p>Scopri come mantenere l&#8217;umidit\u00e0 relativa ideale in casa: valori ottimali, come misurarla e i sistemi di ventilazione pi\u00f9 efficaci.<\/p>\n","protected":false},"author":10,"featured_media":5766,"comment_status":"closed","ping_status":"closed","sticky":false,"template":"","format":"standard","meta":{"_acf_changed":false,"footnotes":""},"categories":[8],"tags":[],"class_list":["post-5755","post","type-post","status-publish","format-standard","has-post-thumbnail","hentry","category-consigli-tecnici"],"acf":[],"yoast_head":"<!-- This site is optimized with the Yoast SEO plugin v26.1 - https:\/\/yoast.com\/wordpress\/plugins\/seo\/ -->\n<title>Umidit\u00e0 relativa ideale in casa: 5 consigli pratici - S&amp;P<\/title>\n<meta name=\"description\" content=\"Scopri come mantenere l&#039;umidit\u00e0 relativa ideale in casa: valori ottimali, come misurarla e i sistemi di ventilazione pi\u00f9 efficaci.\" \/>\n<meta name=\"robots\" content=\"index, follow, max-snippet:-1, max-image-preview:large, max-video-preview:-1\" \/>\n<link rel=\"canonical\" href=\"https:\/\/www.solerpalau.com\/blog\/it-it\/umidita-relativa-ideale-in-casa\/\" \/>\n<meta property=\"og:locale\" content=\"it_IT\" \/>\n<meta property=\"og:type\" content=\"article\" \/>\n<meta property=\"og:title\" content=\"Umidit\u00e0 relativa ideale in casa: 5 consigli pratici - S&amp;P\" \/>\n<meta property=\"og:description\" content=\"Scopri come mantenere l&#039;umidit\u00e0 relativa ideale in casa: valori ottimali, come misurarla e i sistemi di ventilazione pi\u00f9 efficaci.\" \/>\n<meta property=\"og:url\" content=\"https:\/\/www.solerpalau.com\/blog\/it-it\/umidita-relativa-ideale-in-casa\/\" \/>\n<meta property=\"og:site_name\" content=\"S&amp;P Sistemi di ventilazione\" \/>\n<meta property=\"article:published_time\" content=\"2026-03-12T15:25:05+00:00\" \/>\n<meta property=\"article:modified_time\" content=\"2026-03-12T15:25:07+00:00\" \/>\n<meta property=\"og:image\" content=\"https:\/\/www.solerpalau.com\/blog\/it-it\/wp-content\/uploads\/sites\/4\/2026\/03\/5-chiavi-per-ottenere-unumidita-relativa-ideale-in-casa-5.jpg\" \/>\n\t<meta property=\"og:image:width\" content=\"1992\" \/>\n\t<meta property=\"og:image:height\" content=\"909\" \/>\n\t<meta property=\"og:image:type\" content=\"image\/jpeg\" \/>\n<meta name=\"author\" content=\"S&amp;P\" \/>\n<meta name=\"twitter:card\" content=\"summary_large_image\" \/>\n<meta name=\"twitter:label1\" content=\"Scritto da\" \/>\n\t<meta name=\"twitter:data1\" content=\"S&amp;P\" \/>\n\t<meta name=\"twitter:label2\" content=\"Tempo di lettura stimato\" \/>\n\t<meta name=\"twitter:data2\" content=\"7 minuti\" \/>\n<!-- \/ Yoast SEO plugin. -->","yoast_head_json":{"title":"Umidit\u00e0 relativa ideale in casa: 5 consigli pratici - S&P","description":"Scopri come mantenere l'umidit\u00e0 relativa ideale in casa: valori ottimali, come misurarla e i sistemi di ventilazione pi\u00f9 efficaci.","robots":{"index":"index","follow":"follow","max-snippet":"max-snippet:-1","max-image-preview":"max-image-preview:large","max-video-preview":"max-video-preview:-1"},"canonical":"https:\/\/www.solerpalau.com\/blog\/it-it\/umidita-relativa-ideale-in-casa\/","og_locale":"it_IT","og_type":"article","og_title":"Umidit\u00e0 relativa ideale in casa: 5 consigli pratici - S&P","og_description":"Scopri come mantenere l'umidit\u00e0 relativa ideale in casa: valori ottimali, come misurarla e i sistemi di ventilazione pi\u00f9 efficaci.","og_url":"https:\/\/www.solerpalau.com\/blog\/it-it\/umidita-relativa-ideale-in-casa\/","og_site_name":"S&amp;P Sistemi di ventilazione","article_published_time":"2026-03-12T15:25:05+00:00","article_modified_time":"2026-03-12T15:25:07+00:00","og_image":[{"width":1992,"height":909,"url":"https:\/\/www.solerpalau.com\/blog\/it-it\/wp-content\/uploads\/sites\/4\/2026\/03\/5-chiavi-per-ottenere-unumidita-relativa-ideale-in-casa-5.jpg","type":"image\/jpeg"}],"author":"S&amp;P","twitter_card":"summary_large_image","twitter_misc":{"Scritto da":"S&amp;P","Tempo di lettura stimato":"7 minuti"},"schema":{"@context":"https:\/\/schema.org","@graph":[{"@type":"WebPage","@id":"https:\/\/www.solerpalau.com\/blog\/it-it\/umidita-relativa-ideale-in-casa\/","url":"https:\/\/www.solerpalau.com\/blog\/it-it\/umidita-relativa-ideale-in-casa\/","name":"Umidit\u00e0 relativa ideale in casa: 5 consigli pratici - S&P","isPartOf":{"@id":"https:\/\/www.solerpalau.com\/blog\/it-it\/#website"},"primaryImageOfPage":{"@id":"https:\/\/www.solerpalau.com\/blog\/it-it\/umidita-relativa-ideale-in-casa\/#primaryimage"},"image":{"@id":"https:\/\/www.solerpalau.com\/blog\/it-it\/umidita-relativa-ideale-in-casa\/#primaryimage"},"thumbnailUrl":"https:\/\/www.solerpalau.com\/blog\/it-it\/wp-content\/uploads\/sites\/4\/2026\/03\/5-chiavi-per-ottenere-unumidita-relativa-ideale-in-casa-5.jpg","datePublished":"2026-03-12T15:25:05+00:00","dateModified":"2026-03-12T15:25:07+00:00","author":{"@id":"https:\/\/www.solerpalau.com\/blog\/it-it\/#\/schema\/person\/a649fcc0fccdca5446ea2bc371ad5cb9"},"description":"Scopri come mantenere l'umidit\u00e0 relativa ideale in casa: valori ottimali, come misurarla e i sistemi di ventilazione pi\u00f9 efficaci.","breadcrumb":{"@id":"https:\/\/www.solerpalau.com\/blog\/it-it\/umidita-relativa-ideale-in-casa\/#breadcrumb"},"inLanguage":"it-IT","potentialAction":[{"@type":"ReadAction","target":["https:\/\/www.solerpalau.com\/blog\/it-it\/umidita-relativa-ideale-in-casa\/"]}]},{"@type":"ImageObject","inLanguage":"it-IT","@id":"https:\/\/www.solerpalau.com\/blog\/it-it\/umidita-relativa-ideale-in-casa\/#primaryimage","url":"https:\/\/www.solerpalau.com\/blog\/it-it\/wp-content\/uploads\/sites\/4\/2026\/03\/5-chiavi-per-ottenere-unumidita-relativa-ideale-in-casa-5.jpg","contentUrl":"https:\/\/www.solerpalau.com\/blog\/it-it\/wp-content\/uploads\/sites\/4\/2026\/03\/5-chiavi-per-ottenere-unumidita-relativa-ideale-in-casa-5.jpg","width":1992,"height":909},{"@type":"BreadcrumbList","@id":"https:\/\/www.solerpalau.com\/blog\/it-it\/umidita-relativa-ideale-in-casa\/#breadcrumb","itemListElement":[{"@type":"ListItem","position":1,"name":"Home","item":"https:\/\/www.solerpalau.com\/blog\/it-it\/"},{"@type":"ListItem","position":2,"name":"5 chiavi per ottenere un&#8217;umidit\u00e0 relativa ideale in casa"}]},{"@type":"WebSite","@id":"https:\/\/www.solerpalau.com\/blog\/it-it\/#website","url":"https:\/\/www.solerpalau.com\/blog\/it-it\/","name":"S&amp;P Sistemi di ventilazione","description":"Il blog della ventilazione efficiente","potentialAction":[{"@type":"SearchAction","target":{"@type":"EntryPoint","urlTemplate":"https:\/\/www.solerpalau.com\/blog\/it-it\/?s={search_term_string}"},"query-input":{"@type":"PropertyValueSpecification","valueRequired":true,"valueName":"search_term_string"}}],"inLanguage":"it-IT"},{"@type":"Person","@id":"https:\/\/www.solerpalau.com\/blog\/it-it\/#\/schema\/person\/a649fcc0fccdca5446ea2bc371ad5cb9","name":"S&amp;P","image":{"@type":"ImageObject","inLanguage":"it-IT","@id":"https:\/\/www.solerpalau.com\/blog\/it-it\/#\/schema\/person\/image\/","url":"https:\/\/secure.gravatar.com\/avatar\/994644236667321375ba4d21a34a002e2bcfd7b33a114caa4c9dc488ece6c970?s=96&d=mm&r=g","contentUrl":"https:\/\/secure.gravatar.com\/avatar\/994644236667321375ba4d21a34a002e2bcfd7b33a114caa4c9dc488ece6c970?s=96&d=mm&r=g","caption":"S&amp;P"},"url":"https:\/\/www.solerpalau.com\/blog\/it-it\/author\/binaria\/"}]}},"reading_time":"<span class=\"span-reading-time rt-reading-time\"><span class=\"rt-label rt-prefix\"><\/span> <span class=\"rt-time\"> 4<\/span> <span class=\"rt-label rt-postfix\"> min. di lettura<\/span><\/span>","_links":{"self":[{"href":"https:\/\/www.solerpalau.com\/blog\/it-it\/wp-json\/wp\/v2\/posts\/5755","targetHints":{"allow":["GET"]}}],"collection":[{"href":"https:\/\/www.solerpalau.com\/blog\/it-it\/wp-json\/wp\/v2\/posts"}],"about":[{"href":"https:\/\/www.solerpalau.com\/blog\/it-it\/wp-json\/wp\/v2\/types\/post"}],"author":[{"embeddable":true,"href":"https:\/\/www.solerpalau.com\/blog\/it-it\/wp-json\/wp\/v2\/users\/10"}],"replies":[{"embeddable":true,"href":"https:\/\/www.solerpalau.com\/blog\/it-it\/wp-json\/wp\/v2\/comments?post=5755"}],"version-history":[{"count":1,"href":"https:\/\/www.solerpalau.com\/blog\/it-it\/wp-json\/wp\/v2\/posts\/5755\/revisions"}],"predecessor-version":[{"id":5756,"href":"https:\/\/www.solerpalau.com\/blog\/it-it\/wp-json\/wp\/v2\/posts\/5755\/revisions\/5756"}],"wp:featuredmedia":[{"embeddable":true,"href":"https:\/\/www.solerpalau.com\/blog\/it-it\/wp-json\/wp\/v2\/media\/5766"}],"wp:attachment":[{"href":"https:\/\/www.solerpalau.com\/blog\/it-it\/wp-json\/wp\/v2\/media?parent=5755"}],"wp:term":[{"taxonomy":"category","embeddable":true,"href":"https:\/\/www.solerpalau.com\/blog\/it-it\/wp-json\/wp\/v2\/categories?post=5755"},{"taxonomy":"post_tag","embeddable":true,"href":"https:\/\/www.solerpalau.com\/blog\/it-it\/wp-json\/wp\/v2\/tags?post=5755"}],"curies":[{"name":"wp","href":"https:\/\/api.w.org\/{rel}","templated":true}]}}